{"id":325623,"date":"2021-06-19T10:20:19","date_gmt":"2021-06-19T08:20:19","guid":{"rendered":"https:\/\/www.luxor.cz\/blog\/nezarazene\/63283-muze-se-jeji-budoucnost-nachazet-v-minulosti\/"},"modified":"2021-06-19T10:20:19","modified_gmt":"2021-06-19T08:20:19","slug":"63283-muze-se-jeji-budoucnost-nachazet-v-minulosti","status":"publish","type":"post","link":"https:\/\/www.luxor.cz\/blog\/recenze\/63283-muze-se-jeji-budoucnost-nachazet-v-minulosti\/","title":{"rendered":"M\u016f\u017ee se jej\u00ed budoucnost nach\u00e1zet v minulosti?"},"content":{"rendered":"<p><em>V\u00edtr to v\u00ed<\/em> je kniha pro v\u0161echny fanou\u0161ky Irska, historick\u00fdch rom\u00e1n\u016f a s\u00e9rie Cizinka. Amy Harmon do knihy krom\u011b sv\u00e9 fantazie ukryla i svou vlastn\u00ed minulost. Sama poch\u00e1z\u00ed z\u00a0Irska a sv\u00e9 ko\u0159eny musela dohled\u00e1vat. Tyto pas\u00e1\u017ee v\u00a0knize jsou tedy autobiografick\u00e9 a \u0159ada postav v\u00a0knize jsou skute\u010dn\u00e1. Amy se poda\u0159ilo protkat p\u0159\u00edb\u011bh ve kter\u00e9m se dokonale setk\u00e1vaj\u00ed historick\u00e9 okam\u017eiky s\u00a0jej\u00ed vlastn\u00ed fantazi\u00ed.<\/p>\n<p>Anne \u017eije v roce 2001 a je sirotek. Jej\u00ed jedinou rodinou je jej\u00ed milovan\u00fd d\u011bde\u010dek Eoin, kter\u00fd um\u00edr\u00e1 na rakovinu. Na smrteln\u00e9 posteli j\u00ed sv\u011b\u0159\u00ed st\u0159\u00edpky z jeho d\u011btstv\u00ed, o kter\u00e9m nem\u011bla nejmen\u0161\u00ed tu\u0161en\u00ed. Kdy\u017e se rozhodne splnit jeho posledn\u00ed p\u0159\u00e1n\u00ed, znenad\u00e1n\u00ed se ocit\u00e1 v roce 1921. Anne je na vlas identick\u00e1 se svou prababi\u010dkou, kterou ale ve sv\u00e9 dob\u011b nikdy nepoznala. Ocit\u00e1 se v dob\u011b, kdy je p\u016fvodn\u00ed Anne \u0161est let poh\u0159e\u0161ovan\u00e1 a snadno tak zapadne na jej\u00ed m\u00edsto. Jen\u017ee nen\u00ed stejn\u00e1 jako ona, dvac\u00e1t\u00e1 l\u00e9ta minul\u00e9ho stolet\u00ed nezn\u00e1, nato\u017e nedok\u00e1\u017ee vysv\u011btlit, co se stalo a kde cel\u00e9 roky byla.<\/p>\n<p>Romantika v\u00a0t\u00e9to knize je sice patrn\u00e1 ji\u017e od anotace, i p\u0159esto je milostn\u00fd p\u0159\u00edb\u011bh mezi Anne a Thomasem je napsan\u00fd s citem. Anne se boj\u00ed p\u0159iznat pravdu a Thomas je rozpolcen\u00fd p\u0159edstavou, \u017ee se mu l\u00edb\u00ed man\u017eelka jeho mrtv\u00e9ho nejlep\u0161\u00edho p\u0159\u00edtele. Z\u00e1rove\u0148 ale c\u00edt\u00ed, \u017ee star\u00e1 Anne je jin\u00e1 ne\u017e ta sou\u010dasn\u00e1 a neum\u00ed si situaci vysv\u011btlit. Autorka oba charaktery napsala skv\u011ble a \u010dten\u00e1\u0159 si je tak snadno obl\u00edb\u00ed. Rozhodn\u011b si ke \u010dten\u00ed p\u0159ipravte kapesn\u00ed\u010dky, nepochybn\u011b v\u00e1s chyt\u00ed za srdce.<\/p>\n<p><em>V\u00edtr to v\u00ed<\/em> m\u00e1 velmi silnou historickou hodnotu, jeliko\u017e popisuje ud\u00e1losti minulosti, o kter\u00e9 se p\u0159\u00edli\u0161 nemluv\u00ed. Autorka se vyhnula zasazen\u00ed do v\u00e1le\u010dn\u00e9 doby, \u010d\u00edm\u017e si z\u00edskala u m\u011b dal\u0161\u00ed pomysln\u00e9 plus. Naopak se zam\u011b\u0159ila na pov\u00e1le\u010dn\u00e9 n\u00e1sledky a uk\u00e1zala, \u017ee i meziv\u00e1le\u010dn\u00e9 obdob\u00ed bylo pln\u00e9 nap\u011bt\u00ed a strachu, p\u0159esto\u017ee ofici\u00e1ln\u011b panoval m\u00edr.<\/p>\n<p>Cestov\u00e1n\u00ed \u010dasem nen\u00ed \u017e\u00e1dn\u00e1 liter\u00e1rn\u00ed novinka, p\u0159esto nen\u00ed dobr\u00fdch knih s\u00a0touto t\u00e9matikou mnoho a \u010dten\u00e1\u0159e zat\u00edm neomrzely. V t\u00e9to knize p\u016fsob\u00ed opravdu zaj\u00edmav\u011b a do p\u0159\u00edb\u011bhu skv\u011ble zapad\u00e1. Jednotliv\u00e9 st\u0159\u00edpky skl\u00e1daj\u00ed velmi p\u011bknou mozaiku a cel\u00e9mu p\u0159\u00edb\u011bhu dod\u00e1v\u00e1 n\u00e1dech tajemna.<\/p>\n<p>Amy Harmon knihu napsala v\u00a0poetick\u00e9m duchu a je tu cel\u00e1 \u0159ada kr\u00e1sn\u00fdch my\u0161lenek. <em>V\u00edtr to v\u00ed<\/em> je vypr\u00e1v\u011bna z\u00a0pohledu sou\u010dasn\u00e9 Anne, jej\u00ed\u017e vypravov\u00e1n\u00ed je prokl\u00e1d\u00e1no den\u00edkov\u00fdmi z\u00e1znamy Thomase, kter\u00e9 tak \u010dten\u00e1\u0159i p\u0159ibl\u00ed\u017e\u00ed jeho pocity a z\u00e1rove\u0148 se soust\u0159e\u010fuj\u00ed na politick\u00e9 d\u011bn\u00ed. Atmosf\u00e9ru dokresluj\u00ed i irsk\u00e9 b\u00e1sn\u011b, kter\u00e9 najdete v\u00a0\u00favodu ka\u017ed\u00e9 kapitoly.<\/p>\n<p>Kniha je na jednu stranu docela dlouh\u00e1, v jist\u00e9 chv\u00edli se m\u016f\u017ee zd\u00e1t, \u017ee autorka stoj\u00ed na m\u00edst\u011b, ale ve skute\u010dnosti si jen p\u0159ipravuje p\u016fdu pro dal\u0161\u00ed zvraty. Nenajdete tu akci za akc\u00ed, ale naopak lidsk\u00fd p\u0159\u00edb\u011bh pln\u00fd emoc\u00ed. Slou\u010den\u00edm fiktivn\u00edho p\u0159\u00edb\u011bhu, historick\u00fdch ud\u00e1lost\u00ed a vlastn\u00edch ko\u0159en\u016f autorka vypracovala opravdu mimo\u0159\u00e1dn\u00fd p\u0159\u00edb\u011bh.<\/p>\n<p>\u00a0<\/p>\n<p>\u00a0<\/p>\n<p>Sabina Novotn\u00e1<\/p>\n<p>\u00a0<\/p>\n<p>Autor:\u00a0Sabina Novotn\u00e1<\/p>\n","protected":false},"excerpt":{"rendered":"<p>Historick\u00fd rom\u00e1n z Irska s prvky magick\u00e9ho cestov\u00e1n\u00ed \u010dasem p\u0159in\u00e1\u0161\u00ed p\u0159\u00edb\u011bh osudov\u00e9 l\u00e1sky.<\/p>\n","protected":false},"author":2,"featured_media":325624,"comment_status":"open","ping_status":"open","sticky":false,"template":"","format":"standard","meta":{"_acf_changed":false,"_monsterinsights_skip_tracking":false,"_monsterinsights_sitenote_active":false,"_monsterinsights_sitenote_note":"","_monsterinsights_sitenote_category":0,"_EventAllDay":false,"_EventTimezone":"","_EventStartDate":"","_EventEndDate":"","_EventStartDateUTC":"","_EventEndDateUTC":"","_EventShowMap":false,"_EventShowMapLink":false,"_EventURL":"","_EventCost":"","_EventCostDescription":"","_EventCurrencySymbol":"","_EventCurrencyCode":"","_EventCurrencyPosition":"","_EventDateTimeSeparator":"","_EventTimeRangeSeparator":"","_EventOrganizerID":[],"_EventVenueID":[],"_OrganizerEmail":"","_OrganizerPhone":"","_OrganizerWebsite":"","_VenueAddress":"","_VenueCity":"","_VenueCountry":"","_VenueProvince":"","_VenueState":"","_VenueZip":"","_VenuePhone":"","_VenueURL":"","_VenueStateProvince":"","_VenueLat":"","_VenueLng":"","_VenueShowMap":false,"_VenueShowMapLink":false,"twitterCardType":"","cardImageID":0,"cardImage":"","cardTitle":"","cardDesc":"","cardImageAlt":"","cardPlayer":"","cardPlayerWidth":0,"cardPlayerHeight":0,"cardPlayerStream":"","cardPlayerCodec":"","footnotes":""},"categories":[7],"tags":[21832],"class_list":["post-325623","post","type-post","status-publish","format-standard","has-post-thumbnail","hentry","category-recenze","tag-literarni-kavarna"],"acf":{"related_products":null},"_links":{"self":[{"href":"https:\/\/www.luxor.cz\/blog\/wp-json\/wp\/v2\/posts\/325623","targetHints":{"allow":["GET"]}}],"collection":[{"href":"https:\/\/www.luxor.cz\/blog\/wp-json\/wp\/v2\/posts"}],"about":[{"href":"https:\/\/www.luxor.cz\/blog\/wp-json\/wp\/v2\/types\/post"}],"author":[{"embeddable":true,"href":"https:\/\/www.luxor.cz\/blog\/wp-json\/wp\/v2\/users\/2"}],"replies":[{"embeddable":true,"href":"https:\/\/www.luxor.cz\/blog\/wp-json\/wp\/v2\/comments?post=325623"}],"version-history":[{"count":0,"href":"https:\/\/www.luxor.cz\/blog\/wp-json\/wp\/v2\/posts\/325623\/revisions"}],"wp:featuredmedia":[{"embeddable":true,"href":"https:\/\/www.luxor.cz\/blog\/wp-json\/wp\/v2\/media\/325624"}],"wp:attachment":[{"href":"https:\/\/www.luxor.cz\/blog\/wp-json\/wp\/v2\/media?parent=325623"}],"wp:term":[{"taxonomy":"category","embeddable":true,"href":"https:\/\/www.luxor.cz\/blog\/wp-json\/wp\/v2\/categories?post=325623"},{"taxonomy":"post_tag","embeddable":true,"href":"https:\/\/www.luxor.cz\/blog\/wp-json\/wp\/v2\/tags?post=325623"}],"curies":[{"name":"wp","href":"https:\/\/api.w.org\/{rel}","templated":true}]}}