{"id":325621,"date":"2021-06-22T11:21:52","date_gmt":"2021-06-22T09:21:52","guid":{"rendered":"https:\/\/www.luxor.cz\/blog\/nezarazene\/63284-nesnesitelna-lehkost-jeti\/"},"modified":"2021-06-22T11:21:52","modified_gmt":"2021-06-22T09:21:52","slug":"63284-nesnesitelna-lehkost-jeti","status":"publish","type":"post","link":"https:\/\/www.luxor.cz\/blog\/recenze\/63284-nesnesitelna-lehkost-jeti\/","title":{"rendered":"Nesnesiteln\u00e1 lehkost jet\u00ed"},"content":{"rendered":"<p>A\u0165 u\u017e jste nad\u0161en\u00fdmi cyklisty nebo jen rekrea\u010dn\u00edmi milovn\u00edky j\u00edzdy na kole, a\u0165 u\u017e hory m\u00e1te r\u00e1di nebo va\u0161e srdce jejich \u0161t\u00edty nijak nezas\u00e1hly, a\u0165 u\u017e se sv\u00e9 sny chyst\u00e1te uskute\u010dnit \u010di nikoli, tahle kniha v\u00e1s prost\u011b nem\u016f\u017ee zklamat. T\u011bm, kte\u0159\u00ed by se do Alp cht\u011bli vypravit, poskytne cenn\u00e9 rady, praktick\u00e9 tipy a inspiraci na cesty. A pro ty, kte\u0159\u00ed u\u017e nyn\u00ed v\u011bd\u00ed, \u017ee \u017e\u00e1dnou z\u00a035 cest nikdy nepodniknou, m\u016f\u017ee b\u00fdt tahle kn\u00ed\u017eka perfektn\u00edm zdrojem sn\u011bn\u00ed.<\/p>\n<p style=\"text-align: center;\"><strong><em>\u201eSNY SE NEMUS\u00cd PLNIT HNED \u2026 STA\u010c\u00cd, KDY\u017d SE ZDAJ\u00cd!\u201c<\/em><\/strong><\/p>\n<p><strong>Alena Z\u00e1rybnick\u00e1<\/strong> pro mnoh\u00e9 z\u00a0v\u00e1s asi nebude \u00fapln\u011b nezn\u00e1mou osobou. Od roku 1997 pracuje v\u00a0redakci po\u010das\u00ed \u010cesk\u00e9 televize a od roku 2015 m\u00e1 v\u00a0\u010cesk\u00e9m rozhlase sv\u016fj po\u0159ad Z\u00e1lety. Krom\u011b toho pro sportovn\u00ed kan\u00e1l \u010cesk\u00e9 televize to\u010d\u00ed seri\u00e1l Na skialpech p\u0159es hory. Vystudovala meteorologii na Kated\u0159e fyziky atmosf\u00e9ry Matematicko-fyzik\u00e1ln\u00ed fakulty Univerzity Karlovy v\u00a0Praze a v\u00edc ne\u017e dvacet let l\u00e9tala na v\u011btron\u00edch. Jej\u00edm velk\u00fdm kon\u00ed\u010dkem je j\u00edzda na horsk\u00e9m kole po nejr\u016fzn\u011bj\u0161\u00edch kopc\u00edch a hor\u00e1ch.<\/p>\n<p><strong>35 tras k\u0159\u00ed\u017eem kr\u00e1\u017eem Alpami<\/strong><\/p>\n<p>Alpy jsou protk\u00e1ny n\u00e1dhern\u00fdmi cyklostezkami a Alena Z\u00e1rybnick\u00e1 n\u00e1s provede t\u0159iceti p\u011bti z\u00a0nich. Na \u00fapln\u00fd \u00favod n\u00e1s \u010dek\u00e1 velk\u00e1 mapa oblasti Evropy, kterou projedeme, p\u0159i\u010dem\u017e jednotliv\u00e9 oblasti jsou ozna\u010deny \u010derven\u00fdmi body, \u010d\u00edm\u017e z\u00edsk\u00e1me dobr\u00fd p\u0159ehled.<\/p>\n<p>Celou knihu autorka rozd\u011blila na \u010dty\u0159i \u010d\u00e1sti podle st\u00e1t\u016f, v\u00a0nich\u017e se jednotliv\u00e9 cyklostezky nach\u00e1z\u00ed: <strong>Rakousko<\/strong>, <strong>\u0160v\u00fdcarsko<\/strong>, <strong>It\u00e1lie<\/strong> a <strong>Slovinsko<\/strong>. Tyto kapitoly se pak d\u00e1le d\u011bl\u00ed podle oblast\u00ed jednotliv\u00fdch st\u00e1t\u016f. A v\u00a0r\u00e1mci ka\u017ed\u00e9 oblasti n\u00e1s Alena Z\u00e1rybnick\u00e1 zav\u00e1d\u00ed p\u0159\u00edmo k\u00a0jednotliv\u00fdm tras\u00e1m.<\/p>\n<p>A te\u010f u\u017e se dost\u00e1v\u00e1me k\u00a0tomu, co m\u011b na knize bavilo ze v\u0161eho nejv\u00edc, a co je v\u00a0podstat\u011b na cel\u00e9m d\u00edle t\u00edm nejp\u0159\u00ednosn\u011bj\u0161\u00edm, a sice k\u00a0samotn\u00fdm tras\u00e1m. V\u00a0\u00favodu ka\u017ed\u00e9 kapitolky v\u017edy najdete <strong>QR k\u00f3d<\/strong>, pomoc\u00ed kter\u00e9ho si trasu m\u016f\u017eete nahr\u00e1t do chytr\u00e9ho telefonu \u010di navigace. Velice oce\u0148uji, \u017ee popis trasy nen\u00ed nez\u00e1\u017eivnou charakteristikou toho, co na cest\u011b uvid\u00edme. J\u00edzda jako by sama plynula, stejn\u011b jako text, kter\u00fd je vlastn\u011b takov\u00fdm vypr\u00e1v\u011bn\u00edm. P\u0159esto nen\u00ed ochuzen ani o to nejd\u016fle\u017eit\u011bj\u0161\u00ed, ani okrajov\u00e9 informace. <strong>Jako by Alena Z\u00e1rybnick\u00e1 s\u00a0n\u00e1mi celou trasou zrovna proj\u00ed\u017ed\u011bla na kole.<\/strong><\/p>\n<p>Sou\u010d\u00e1st\u00ed kapitoly je v\u017edy <strong>p\u0159ehledn\u00e1 tabulka uv\u00e1d\u011bj\u00edc\u00ed fakta o trase<\/strong>: d\u00e9lku, celkov\u00e9 p\u0159ev\u00fd\u0161en\u00ed, nejji\u017en\u011bj\u0161\u00ed a nejv\u00fdchodn\u011bj\u0161\u00ed bod trasy, povrch \u010di obt\u00ed\u017enost. P\u0159ev\u00fd\u0161en\u00ed je nav\u00edc ztv\u00e1rn\u011bno pomoc\u00ed grafu.<\/p>\n<p>V\u00a0r\u00e1mci jedn\u00e9 trasy se tak\u00e9 pod\u00edv\u00e1me, <strong>co zaj\u00edmav\u00e9ho n\u00e1s v\u00a0jej\u00edm okol\u00ed \u010dek\u00e1<\/strong>. Obvykle n\u00e1s m\u016f\u017ee nal\u00e1kat n\u011bjak\u00e1 p\u0159\u00edrodn\u00ed zaj\u00edmavost \u010di historick\u00e1 pam\u00e1tka.<\/p>\n<p>P\u0159edev\u0161\u00edm pr\u00e1v\u011b proto, \u017ee je autorkou t\u00e9hle knihy Alena Z\u00e1rybnick\u00e1, nikoho z\u00a0v\u00e1s asi nep\u0159ekvap\u00ed, \u017ee je v\u00a0ka\u017ed\u00e9 kapitolce tak\u00e9 <strong>\u201emeteo\u201c koutek<\/strong>, tedy \u010d\u00e1st, kter\u00e1 se v\u011bnuje informaci souvisej\u00edc\u00ed s\u00a0meteorologickou situac\u00ed v\u00a0dan\u00e9 oblasti, tedy nejr\u016fzn\u011bj\u0161\u00ed zaj\u00edmavosti, klimatick\u00e9 podm\u00ednky a podobn\u011b.<\/p>\n<p>Nechyb\u00ed samoz\u0159ejm\u011b ani <strong>praktick\u00e9 informace na cesty<\/strong>, kter\u00fdm je v\u00a0ka\u017ed\u00e9 kapitole tak\u00e9 v\u011bnov\u00e1na ur\u010dit\u00e1 \u010d\u00e1st. Dozv\u00edte se nap\u0159\u00edklad, jak je to k\u00a0trase daleko z\u00a0Prahy, kde se ubytovat, jak se k\u00a0trase dopravit nebo odkazy na mapy.<\/p>\n<p>V\u017edycky jsem se hodn\u011b t\u011b\u0161ila na \u201e<strong>gurm\u00e1nsk\u00e9 speciality<\/strong>\u201c, kter\u00e9 rozhodn\u011b mus\u00edte ochutnat, pokud se sem vyd\u00e1te, a jejich\u017e fotky p\u0159\u00edmo l\u00e1kaj\u00ed k\u00a0vyzkou\u0161en\u00ed. Fotky, nad kter\u00fdmi se \u010dlov\u011bku sb\u00edhaj\u00ed sliny, doprov\u00e1z\u00ed tak\u00e9 pov\u00edd\u00e1n\u00ed o tomto j\u00eddle \u010di produktu.<\/p>\n<p>Nesm\u00edm ur\u010dit\u011b zapomenout na <strong>neskute\u010dn\u011b n\u00e1dhern\u00e9 fotografie<\/strong>, kter\u00e9 skv\u011ble dopl\u0148uj\u00ed text. Jsou opravdu kr\u00e1sn\u00e9, inspirativn\u00ed, poveden\u00e9. Trochu mi u nich chyb\u011bl popisek, kde p\u0159esn\u011b se focen\u00e9 m\u00edsto nach\u00e1z\u00ed, ale pokud \u010dtete text, ve v\u011bt\u0161in\u011b p\u0159\u00edpad\u016f si tuhle informaci sami dok\u00e1\u017eete odvodit.<\/p>\n<p>Alena Z\u00e1rybnick\u00e1 m\u00e1 m\u016fj obrovsk\u00fd obdiv za to, co v\u0161echno dok\u00e1zala objevit a popsat, co v\u0161echno sama projela na kole a s\u00a0jak\u00fdm el\u00e1nem v\u0161e absolvovala. A p\u0159edev\u0161\u00edm j\u00ed pat\u0159\u00ed velk\u00fd d\u00edk za to, \u017ee napsala tuhle \u00fa\u017easnou kn\u00ed\u017eku. Sice z\u016fstanu jen u sn\u011bn\u00ed, ale jak Alena Z\u00e1rybnick\u00e1 sama p\u00ed\u0161e: \u201eSny se nemus\u00ed plnit hned \u2026 sta\u010d\u00ed, kdy\u017e se zdaj\u00ed.\u201c A \u017ee to, d\u00edky t\u00e9hle knize, jsou sny neskute\u010dn\u011b kr\u00e1sn\u00e9!<\/p>\n<p><strong>A\u0165 jsou na\u0161e cesty jakkoli klikat\u00e9 \u2013 sn\u011bme a t\u011b\u0161me se!<\/strong><\/p>\n<p><strong>Dokud v\u00edme na co \u010di na koho, m\u00e1 \u017eivot smysl.<\/strong><\/p>\n<p><strong>Cestov\u00e1n\u00ed a l\u00e1ska za to stoj\u00ed!<\/strong><\/p>\n<p>\u00a0<\/p>\n<p>Autorka recenze: Andrea Simoglu<\/p>\n<p>Autor:\u00a0Andrea Simoglu<\/p>\n","protected":false},"excerpt":{"rendered":"<p>Vydejte se na kole do r\u016fzn\u00fdch kout\u016f Alp! S\u00a0touhle knihou se tam rozhodn\u011b neztrat\u00edte. Alpami na kole je jedine\u010dn\u00fd pr\u016fvodce po 35 cyklostezk\u00e1ch v\u00a0oblasti tohoto poho\u0159\u00ed a vyprav\u00edte se s\u00a0n\u00ed do Rakouska, \u0160v\u00fdcarska, It\u00e1lie a Slovinka.<\/p>\n","protected":false},"author":2,"featured_media":325622,"comment_status":"open","ping_status":"open","sticky":false,"template":"","format":"standard","meta":{"_acf_changed":false,"_monsterinsights_skip_tracking":false,"_monsterinsights_sitenote_active":false,"_monsterinsights_sitenote_note":"","_monsterinsights_sitenote_category":0,"_EventAllDay":false,"_EventTimezone":"","_EventStartDate":"","_EventEndDate":"","_EventStartDateUTC":"","_EventEndDateUTC":"","_EventShowMap":false,"_EventShowMapLink":false,"_EventURL":"","_EventCost":"","_EventCostDescription":"","_EventCurrencySymbol":"","_EventCurrencyCode":"","_EventCurrencyPosition":"","_EventDateTimeSeparator":"","_EventTimeRangeSeparator":"","_EventOrganizerID":[],"_EventVenueID":[],"_OrganizerEmail":"","_OrganizerPhone":"","_OrganizerWebsite":"","_VenueAddress":"","_VenueCity":"","_VenueCountry":"","_VenueProvince":"","_VenueState":"","_VenueZip":"","_VenuePhone":"","_VenueURL":"","_VenueStateProvince":"","_VenueLat":"","_VenueLng":"","_VenueShowMap":false,"_VenueShowMapLink":false,"twitterCardType":"","cardImageID":0,"cardImage":"","cardTitle":"","cardDesc":"","cardImageAlt":"","cardPlayer":"","cardPlayerWidth":0,"cardPlayerHeight":0,"cardPlayerStream":"","cardPlayerCodec":"","footnotes":""},"categories":[7],"tags":[21832],"class_list":["post-325621","post","type-post","status-publish","format-standard","has-post-thumbnail","hentry","category-recenze","tag-literarni-kavarna"],"acf":{"related_products":null},"_links":{"self":[{"href":"https:\/\/www.luxor.cz\/blog\/wp-json\/wp\/v2\/posts\/325621","targetHints":{"allow":["GET"]}}],"collection":[{"href":"https:\/\/www.luxor.cz\/blog\/wp-json\/wp\/v2\/posts"}],"about":[{"href":"https:\/\/www.luxor.cz\/blog\/wp-json\/wp\/v2\/types\/post"}],"author":[{"embeddable":true,"href":"https:\/\/www.luxor.cz\/blog\/wp-json\/wp\/v2\/users\/2"}],"replies":[{"embeddable":true,"href":"https:\/\/www.luxor.cz\/blog\/wp-json\/wp\/v2\/comments?post=325621"}],"version-history":[{"count":0,"href":"https:\/\/www.luxor.cz\/blog\/wp-json\/wp\/v2\/posts\/325621\/revisions"}],"wp:featuredmedia":[{"embeddable":true,"href":"https:\/\/www.luxor.cz\/blog\/wp-json\/wp\/v2\/media\/325622"}],"wp:attachment":[{"href":"https:\/\/www.luxor.cz\/blog\/wp-json\/wp\/v2\/media?parent=325621"}],"wp:term":[{"taxonomy":"category","embeddable":true,"href":"https:\/\/www.luxor.cz\/blog\/wp-json\/wp\/v2\/categories?post=325621"},{"taxonomy":"post_tag","embeddable":true,"href":"https:\/\/www.luxor.cz\/blog\/wp-json\/wp\/v2\/tags?post=325621"}],"curies":[{"name":"wp","href":"https:\/\/api.w.org\/{rel}","templated":true}]}}