{"id":325617,"date":"2021-06-26T12:21:57","date_gmt":"2021-06-26T10:21:57","guid":{"rendered":"https:\/\/www.luxor.cz\/blog\/nezarazene\/63286-stesti-neni-jednoducha-vec\/"},"modified":"2021-06-26T12:21:57","modified_gmt":"2021-06-26T10:21:57","slug":"63286-stesti-neni-jednoducha-vec","status":"publish","type":"post","link":"https:\/\/www.luxor.cz\/blog\/recenze\/63286-stesti-neni-jednoducha-vec\/","title":{"rendered":"\u0160t\u011bst\u00ed nen\u00ed jednoduch\u00e1 v\u011bc!"},"content":{"rendered":"<p>Na m\u00edst\u011b kde vyr\u016fstal nebo tro\u0161ku d\u00e1l, ale nepot\u0159ebuje moc k tomu, aby byl spokojen\u00fd a \u017eil jako v poh\u00e1dce, \u0161\u0165astn\u011b a\u017e do smrti.<\/p>\n<p>Pokud by v\u00e1m bylo jm\u00e9no Anne Jacobs pov\u011bdom\u00e9, nebylo by se \u010demu divit. Tato n\u011bmeck\u00e1 spisovatelka napsala ji\u017e velmi zn\u00e1m\u00e9 s\u00e1gy, kter\u00e9 se t\u011b\u0161\u00ed velik\u00e9 oblib\u011b, jako je nap\u0159\u00edklad Pansk\u00fd d\u016fm, Venkovsk\u00e9 s\u00eddlo a v\u00a0neposledn\u00ed \u0159ad\u011b Kav\u00e1rna u And\u011bla. <\/p>\n<p>Nebe nad Kilimand\u017e\u00e1rem tro\u0161i\u010dku vybo\u010duje z\u00a0\u0159ady. Jedn\u00e1 se sice taky o rodinnou s\u00e1gu, kter\u00e1 bude je\u0161t\u011b pokra\u010dovat dv\u011bma dal\u0161\u00edmi d\u00edly, ale na rozd\u00edl od p\u0159ede\u0161l\u00fdch zm\u00edn\u011bn\u00fdch knih budeme s\u00a0hrdiny cestovat nejen po Evrop\u011b, ale u\u017e jak n\u00e1zev napov\u00edd\u00e1, na\u0161e cesta bude m\u00ed\u0159it do Afriky a\u017e k\u00a0samotn\u00e9mu Kilimand\u017e\u00e1ru. <\/p>\n<p>Pro m\u011b je docela nep\u0159edstaviteln\u00e9 tolik \u010dasu tr\u00e1vit uprost\u0159ed Africk\u00e9 bu\u0161e nebo \u017e\u00edt\u00a0n\u011bkde u d\u017eungle, kde je neust\u00e1l\u00e9 dusno a vlhko. Nemluv\u011b o domorod\u00fdch kmenech a divok\u00e9 zv\u011b\u0159i. U\u017e o tomhle sv\u011bd\u010d\u00ed n\u00e1tura hlavn\u00ed hrdinky Charlotty.<\/p>\n<p>Je opravdu silnou \u017eenou, kter\u00e1 si sice obt\u00ed\u017en\u011b, ale jde za t\u00edm, co chce. Nezap\u0159e v\u00a0sob\u011b rodinn\u00e9 ko\u0159eny. Poch\u00e1z\u00ed sice z\u00a0N\u011bmecka, kde vyr\u016fstala bez sv\u00fdch nejbli\u017e\u0161\u00edch, ale jej\u00ed druh\u00e1 strana rodiny je z\u00a0Indie, a tak se ani nelze divit tomu, kde str\u00e1v\u00edme nejv\u011bt\u0161\u00ed \u010d\u00e1st knihy. <\/p>\n<p>Kontrast mezi zem\u011bmi, kter\u00e9 autorka zvolila, je a\u017e neuv\u011b\u0159iteln\u00fd. Jak moc dok\u00e1\u017ee b\u00fdt odli\u0161n\u00e9 n\u00e1bo\u017eenstv\u00ed, zvyky, j\u00eddlo a vlastn\u011b v\u0161e.<\/p>\n<p>V knize se tedy dozv\u00edme o africk\u00e9 kultu\u0159e a budov\u00e1n\u00ed \u017eivota v\u00a0t\u011bchto kon\u010din\u00e1ch, ale u\u017e tu\u0161\u00edte, \u017ee tu p\u016fjde taky hlavn\u011b o l\u00e1sku a to \u0161t\u011bst\u00ed, kter\u00e9 ka\u017ed\u00fd nach\u00e1z\u00edme n\u011bkde jinde. <\/p>\n<p>Ur\u010dit\u011b tak\u00e9 nesm\u00edm zapomenout zm\u00ednit, \u017ee p\u0159\u00edb\u011bh za\u010d\u00edn\u00e1 v\u00a0roce 1880 a na ji\u017e zmi\u0148ovan\u00fd kontinent se dost\u00e1v\u00e1me v\u00a0roce 1896, tohle je pro n\u00e1\u0161 p\u0159\u00edb\u011bh velmi d\u016fle\u017eit\u00e9, proto\u017ee se tu nap\u0159\u00edklad \u0159e\u0161\u00ed i t\u00e9ma: K\u00a0\u010demu je vlastn\u011b \u017eena dobr\u00e1.<\/p>\n<p>Nesm\u00edme zapom\u00ednat, \u017ee ne v\u017edy bylo dob\u0159e. \u017dena se m\u011bla starat o dom\u00e1cnost, d\u011bti a b\u00fdt jakousi ozdobou mu\u017ee. Nejl\u00e9pe se starat o vy\u0161\u00edv\u00e1n\u00ed a malbu, ne\u017e zasahovat do z\u00e1le\u017eitost\u00ed, kter\u00e1 je p\u0159ece jen pro mu\u017ee. Jako byla pr\u00e1ce, politika, ale t\u0159eba i cestov\u00e1n\u00ed. <\/p>\n<p>B\u011bhem \u010dten\u00ed knihy se od Charlotty dozv\u00edme, \u017ee \u0161t\u011bst\u00ed nen\u00ed d\u016fle\u017eit\u00e9, proto\u017ee d\u016fle\u017eit\u00e9 je p\u0159ece to, aby \u010dlov\u011bk plnil povinnosti tam, kde je pot\u0159eba\u2026 a p\u0159ijde mi, \u017ee to byl ten zlom, kdy si uv\u011bdomila, \u017ee tak to \u00fapln\u011b nen\u00ed. Proto\u017ee to my budeme \u017e\u00edt na\u0161e \u017eivoty.<\/p>\n<p>Je\u0161t\u011b v\u00a0N\u011bmecku se provd\u00e1 za obchodn\u00edka Christiana, se kter\u00fdm sice \u017eije v\u00a0jednom dom\u011b, ale jinak si k\u00a0n\u011bmu buduje docela hodnou chv\u00edli jakousi podobu l\u00e1sky.<\/p>\n<p>Mysl\u00edm si, \u017ee tu mohu zm\u00ednit, \u017ee s\u00a0jej\u00edm mu\u017eem nebude lehk\u00e9 po\u0159\u00edzen\u00ed a jejich osudy se budou zaj\u00edmav\u011b propl\u00e9tat. Mus\u00edm \u0159\u00edct, \u017ee jsem moc sama nev\u011bd\u011bla, co si o takov\u00e9m vztahu myslet. Co si myslet o samotn\u00e9m Christianovi. <\/p>\n<p>Charlotta bude m\u00edt \u017eivot t\u011b\u017ek\u00fd, a\u0165 u\u017e co se t\u00fd\u010de l\u00e1sky nebo n\u011bjak\u00e9 finan\u010dn\u00ed jistoty a opravdu jsem obdivovala jak\u00e1 je to bojovnice.<\/p>\n<p>Ot\u00e1zkou je, kde nakonec hrdinov\u00e9 knihy najdou sv\u00e9 \u0161t\u011bst\u00ed? Proto\u017ee n\u011bkdy se mu mus\u00ed j\u00edt naproti, n\u011bkdy se mus\u00ed ud\u011blat n\u011bco, pro co by se \u010dlov\u011bk jindy neodv\u00e1\u017eil.<\/p>\n<p>\u017divot si sice m\u016f\u017ee j\u00edt vlastn\u00ed cestou, ale to my m\u00e1me tu mo\u017enost ho vz\u00edt do vlastn\u00edch rukou a zm\u011bnit na\u0161i cestu v\u00a0tomto sv\u011bt\u011b. <\/p>\n<p>\u0160t\u011bst\u00ed, to toti\u017e nen\u00ed \u00fapln\u011b tak jednoduch\u00e1 v\u011bc\u2026 \u00a0<\/p>\n<p>\u00a0<\/p>\n<p>Petra Sklen\u00e1\u0159ov\u00e1<\/p>\n<p><strong><\/p>\n<p><\/strong><\/p>\n<p>Autor:\u00a0Petra Sklen\u00e1\u0159ov\u00e1<\/p>\n","protected":false},"excerpt":{"rendered":"<p>Ka\u017ed\u00fd si \u0161t\u011bst\u00ed p\u0159edstavujeme v\u00a0n\u011b\u010dem jin\u00e9m. N\u011bkdo m\u00e1 touhu cestovat, \u0161t\u011bst\u00ed vid\u00ed v\u00a0tom, \u017ee bude pozn\u00e1vat novou zemi a jejich kulturu, a t\u0159eba i p\u0159ijde na to, kde se usad\u00ed. N\u011bkdo zase nach\u00e1z\u00ed \u0161t\u011bst\u00ed v\u00a0budov\u00e1n\u00ed rodiny a v\u00a0jist\u00e9 budoucnosti.<\/p>\n","protected":false},"author":2,"featured_media":325618,"comment_status":"open","ping_status":"open","sticky":false,"template":"","format":"standard","meta":{"_acf_changed":false,"_monsterinsights_skip_tracking":false,"_monsterinsights_sitenote_active":false,"_monsterinsights_sitenote_note":"","_monsterinsights_sitenote_category":0,"_EventAllDay":false,"_EventTimezone":"","_EventStartDate":"","_EventEndDate":"","_EventStartDateUTC":"","_EventEndDateUTC":"","_EventShowMap":false,"_EventShowMapLink":false,"_EventURL":"","_EventCost":"","_EventCostDescription":"","_EventCurrencySymbol":"","_EventCurrencyCode":"","_EventCurrencyPosition":"","_EventDateTimeSeparator":"","_EventTimeRangeSeparator":"","_EventOrganizerID":[],"_EventVenueID":[],"_OrganizerEmail":"","_OrganizerPhone":"","_OrganizerWebsite":"","_VenueAddress":"","_VenueCity":"","_VenueCountry":"","_VenueProvince":"","_VenueState":"","_VenueZip":"","_VenuePhone":"","_VenueURL":"","_VenueStateProvince":"","_VenueLat":"","_VenueLng":"","_VenueShowMap":false,"_VenueShowMapLink":false,"twitterCardType":"","cardImageID":0,"cardImage":"","cardTitle":"","cardDesc":"","cardImageAlt":"","cardPlayer":"","cardPlayerWidth":0,"cardPlayerHeight":0,"cardPlayerStream":"","cardPlayerCodec":"","footnotes":""},"categories":[7],"tags":[21832],"class_list":["post-325617","post","type-post","status-publish","format-standard","has-post-thumbnail","hentry","category-recenze","tag-literarni-kavarna"],"acf":{"related_products":null},"_links":{"self":[{"href":"https:\/\/www.luxor.cz\/blog\/wp-json\/wp\/v2\/posts\/325617","targetHints":{"allow":["GET"]}}],"collection":[{"href":"https:\/\/www.luxor.cz\/blog\/wp-json\/wp\/v2\/posts"}],"about":[{"href":"https:\/\/www.luxor.cz\/blog\/wp-json\/wp\/v2\/types\/post"}],"author":[{"embeddable":true,"href":"https:\/\/www.luxor.cz\/blog\/wp-json\/wp\/v2\/users\/2"}],"replies":[{"embeddable":true,"href":"https:\/\/www.luxor.cz\/blog\/wp-json\/wp\/v2\/comments?post=325617"}],"version-history":[{"count":0,"href":"https:\/\/www.luxor.cz\/blog\/wp-json\/wp\/v2\/posts\/325617\/revisions"}],"wp:featuredmedia":[{"embeddable":true,"href":"https:\/\/www.luxor.cz\/blog\/wp-json\/wp\/v2\/media\/325618"}],"wp:attachment":[{"href":"https:\/\/www.luxor.cz\/blog\/wp-json\/wp\/v2\/media?parent=325617"}],"wp:term":[{"taxonomy":"category","embeddable":true,"href":"https:\/\/www.luxor.cz\/blog\/wp-json\/wp\/v2\/categories?post=325617"},{"taxonomy":"post_tag","embeddable":true,"href":"https:\/\/www.luxor.cz\/blog\/wp-json\/wp\/v2\/tags?post=325617"}],"curies":[{"name":"wp","href":"https:\/\/api.w.org\/{rel}","templated":true}]}}