{"id":325613,"date":"2021-07-03T14:39:59","date_gmt":"2021-07-03T12:39:59","guid":{"rendered":"https:\/\/www.luxor.cz\/blog\/nezarazene\/63289-prizrak-budoucnosti\/"},"modified":"2021-07-03T14:39:59","modified_gmt":"2021-07-03T12:39:59","slug":"63289-prizrak-budoucnosti","status":"publish","type":"post","link":"https:\/\/www.luxor.cz\/blog\/recenze\/63289-prizrak-budoucnosti\/","title":{"rendered":"P\u0159\u00edzrak budoucnosti"},"content":{"rendered":"<p>M\u016fj prvn\u00ed dojem z\u00a0n\u00ed byl veskrze pozitivn\u00ed. Pevn\u00e1 vazba, vkusn\u011b pojat\u00e1 ob\u00e1lka nazna\u010duj\u00edc\u00ed t\u00e9ma a dostate\u010dn\u00e9 mno\u017estv\u00ed str\u00e1nek, slibuj\u00edc\u00edch obs\u00e1hl\u00fd p\u0159\u00edb\u011bh. Nav\u00edc je velikost p\u00edsma stejn\u00e1, jako b\u00fdvala u v\u011bt\u0161iny knih m\u00e9ho d\u011btstv\u00ed\u2026mal\u00e1 tak akor\u00e1t. \u017d\u00e1dn\u00e1 velk\u00e1 p\u00edsmena, um\u011ble nafukuj\u00edc\u00ed velikost knihy. M\u00e1m r\u00e1d \u201etlust\u00e9 knihy s\u00a0mal\u00fdmi p\u00edsmenky\u201c a tak jsem se pod vlivem prvn\u00edho dojmu t\u011b\u0161il, jak\u00fd p\u0159\u00edb\u011bh kniha p\u0159in\u00e1\u0161\u00ed.<\/p>\n<p>Podle anotace na p\u0159ebalu se jedn\u00e1 o temnou vizi velmi bl\u00edzk\u00e9 budoucnosti, kde nezn\u00e1m\u00e1 s\u00edla, ne nepodobn\u00e1 nemoci, ohro\u017euje integritu spole\u010dnosti a v\u00a0kone\u010dn\u00e9m d\u016fsledku p\u0159iv\u00e1d\u00ed spole\u010dnost do sebedestruktivn\u00ed spir\u00e1ly. N\u011bkte\u0159\u00ed lid\u00e9 se znenad\u00e1n\u00ed stanou n\u00e1m\u011bs\u00ed\u010dn\u00fdmi a putuj\u00ed nezn\u00e1mo kam. V\u0161echno za\u010dne u patn\u00e1ctilet\u00e9 d\u00edvky, ke kter\u00e9 se na cest\u011b nap\u0159\u00ed\u010d USA postupn\u011b p\u0159id\u00e1vaj\u00ed dal\u0161\u00ed a dal\u0161\u00ed n\u00e1m\u011bs\u00ed\u010dn\u00ed a tvo\u0159\u00ed tak st\u00e1do. Nezn\u00e1m\u00fd p\u016fvod nemoci, destruktivn\u00ed projevy v\u00a0p\u0159\u00edpadech, \u017ee se n\u011bkdo sna\u017e\u00ed tyto poutn\u00edky zastavit a st\u00e1le nar\u016fstaj\u00edc\u00ed po\u010det, n\u00e1zorov\u011b rozd\u011bluj\u00ed americkou spole\u010dnost. Neut\u011b\u0161en\u00e1 politick\u00e1 situace, kde se k\u00a0moci dost\u00e1v\u00e1 \u010d\u00edm d\u00e1l t\u00edm agresivn\u011bj\u0161\u00ed pravice je rozbu\u0161kou vedouc\u00ed k\u00a0radikalizaci nacion\u00e1ln\u011b sm\u00fd\u0161lej\u00edc\u00edch obyvatel. Ozbrojen\u00e9 poty\u010dky, \u00fatoky na st\u00e1do a v\u00a0kone\u010dn\u00e9m d\u016fsledku pokus o p\u0159evrat jen dokresluj\u00ed, \u017ee z\u00e1padn\u00ed spole\u010dnost sed\u00edc\u00ed na sudu se st\u0159eln\u00fdm prachem si pod sebou zap\u00e1lila doutn\u00e1k. Ve sv\u011btle hrout\u00edc\u00ed se spole\u010dnosti, kdy jedna \u201enemoc\u201c\u00a0 l\u00e9\u010d\u00ed druhou, nel\u00e9\u010ditelnou, je politika\u0159en\u00ed a boj o moc paradoxn\u011b pro lidi t\u00edm d\u016fle\u017eit\u011bj\u0161\u00edm. Kde mohu vid\u011bt n\u011bco podobn\u00e9ho?<\/p>\n<p>Pom\u011brn\u011b origin\u00e1ln\u00ed p\u0159\u00edb\u011bh se silnou d\u011bjovou linkou je zaj\u00edmav\u00fd a nap\u00ednav\u00fd. Autor postupn\u011b odhaluje dal\u0161\u00ed skryt\u00e9 linie, zda\u0159ile propleten\u00e9, aby \u010dten\u00e1\u0159e dovedl k\u00a0p\u0159edpokl\u00e1dan\u00e9mu z\u00e1v\u011bru. \u00dast\u0159edn\u00ed motiv n\u00e1m\u011bs\u00ed\u010dn\u00e9ho st\u00e1da je st\u011b\u017eejn\u00ed v\u00a0prvn\u00ed polovin\u011b knihy a d\u00edky citliv\u00e9mu d\u00e1vkov\u00e1n\u00ed d\u016fle\u017eit\u00fdch informac\u00ed spolu se st\u0159\u00edd\u00e1n\u00edm osoby vyprav\u011b\u010de, skv\u011ble graduje a udr\u017euje \u010dten\u00e1\u0159e v\u00a0nap\u011bt\u00ed. Z\u00edsk\u00e1te dojem, \u017ee za\u010d\u00edn\u00e1te rozum\u011bt tomu, co by mohlo b\u00fdt p\u0159\u00ed\u010dinou a kam v\u0161e sp\u011bje a v\u00a0dal\u0161\u00ed kapitole mus\u00edte p\u0159ehodnotit sv\u016fj n\u00e1zor.<\/p>\n<p>Druh\u00e1 polovina knihy ztr\u00e1c\u00ed na propracovanosti a st\u00e1v\u00e1 se v\u00edce ak\u010dn\u00ed a p\u0159\u00edmo\u010da\u0159ej\u0161\u00ed, Protiv\u00e1hou jsou nov\u00e9, do t\u00e9 doby jen tu\u0161en\u00e9, informace, kter\u00e9 m\u011bn\u00ed celkov\u00e9 vyzn\u011bn\u00ed p\u0159edpokl\u00e1dan\u00e9 pointy. Chuck Wendig\u00a0 je americk\u00fd spisovatel a z\u00a0knihy je to patrn\u00e9. V\u00a0posledn\u00ed dob\u011b je v\u00a0nov\u00fdch knih\u00e1ch americk\u00fdch autor\u016f patrn\u00e1 zv\u00fd\u0161en\u00e1 m\u00edra autocenzury, vynucen\u00e1 s\u00edl\u00edc\u00ed hyperkorektnost\u00ed americk\u00e9 spole\u010dnosti. Projevuje se to p\u0159edev\u0161\u00edm t\u00edm, \u017ee u ka\u017ed\u00e9ho popisu osob je uveden jeho\/jej\u00ed rasov\u00fd p\u016fvod, nebo nesm\u00ed nap\u0159\u00edklad chyb\u011bt z\u00e1stupci sexu\u00e1ln\u00edch men\u0161in. T\u00edm se v\u0161ak ub\u00edr\u00e1 prostor pro fantazii \u010dten\u00e1\u0159e.<\/p>\n<p>Bravurn\u00ed p\u0159eklad na vysok\u00e9 profesion\u00e1ln\u00ed \u00farovni pozved\u00e1 celou knihu nad pr\u016fm\u011br a umoc\u0148uje celkov\u00fd po\u017eitek z p\u0159\u00edb\u011bhu. Nap\u0159\u00edklad takov\u00e1 drobnost, jakou jsou citace zdroj\u016f pod \u010darou, je zn\u00e1mkou profesionality, kter\u00e1 nen\u00ed v dne\u0161n\u00ed dob\u011b a\u017e tak \u010dast\u00e1.<\/p>\n<p>V\u00a0kone\u010dn\u00e9m d\u016fsledku je kniha Chucka Wendiga Psanci velmi zda\u0159il\u00fdm apokalyptick\u00fdm thrillerem kritizuj\u00edc\u00edm americkou spole\u010dnost. Graduj\u00edc\u00ed p\u0159\u00edb\u011bh, akce i nap\u011bt\u00ed a origin\u00e1ln\u011b pojat\u00e9 d\u011bjov\u00e9 z\u00e1pletky sv\u011bd\u010d\u00ed o autorov\u011b schopnosti poutav\u011b a erudovan\u011b podat p\u0159\u00edb\u011bh, kter\u00fd je umocn\u011bn velmi kvalitn\u00edm \u010desk\u00fdm p\u0159ekladem. Snad jen usp\u011bchan\u00fd konec a z\u00a0pohledu \u010desk\u00e9ho \u010dten\u00e1\u0159e zbyte\u010dn\u00e9 zv\u00fdraz\u0148ov\u00e1n\u00ed rasy, nebo sexu\u00e1ln\u00ed orientace nepatrn\u011b sni\u017euj\u00ed celkov\u00e9 vyzn\u011bn\u00ed jinak vynikaj\u00edc\u00ed knihy.<\/p>\n<p>\u00a0<\/p>\n<p>Hodnocen\u00ed: 5*\u00a0\u00a0\u00a0\u00a0\u00a0\u00a0\u00a0\u00a0\u00a0\u00a0\u00a0\u00a0\u00a0\u00a0\u00a0\u00a0\u00a0\u00a0\u00a0\u00a0\u00a0\u00a0\u00a0\u00a0\u00a0\u00a0\u00a0\u00a0\u00a0\u00a0\u00a0\u00a0\u00a0\u00a0\u00a0\u00a0\u00a0\u00a0\u00a0\u00a0\u00a0\u00a0\u00a0\u00a0\u00a0\u00a0\u00a0\u00a0\u00a0\u00a0\u00a0\u00a0\u00a0\u00a0\u00a0\u00a0\u00a0\u00a0\u00a0\u00a0\u00a0\u00a0\u00a0\u00a0\u00a0\u00a0\u00a0\u00a0\u00a0\u00a0\u00a0\u00a0\u00a0\u00a0\u00a0\u00a0\u00a0\u00a0\u00a0\u00a0\u00a0\u00a0\u00a0\u00a0\u00a0\u00a0\u00a0\u00a0\u00a0\u00a0\u00a0\u00a0\u00a0\u00a0\u00a0\u00a0\u00a0\u00a0\u00a0\u00a0\u00a0\u00a0\u00a0\u00a0\u00a0<\/p>\n<p>Pavel Vinick\u00fd<\/p>\n<p>Autor:\u00a0Vyb\u00edr\u00e1me z m\u00e9di\u00ed: XB-1<\/p>\n","protected":false},"excerpt":{"rendered":"<p>Prvn\u00ed dojem je ve v\u011bt\u0161in\u011b p\u0159\u00edpad\u016f t\u00edm hlavn\u00edm, co ur\u010duje, bude-li se v\u00e1m dan\u00e1 v\u011bc l\u00edbit. V\u00a0tomto p\u0159\u00edpad\u011b se jedn\u00e1 o knihu Chucka Wendiga Psanci.<\/p>\n","protected":false},"author":2,"featured_media":325614,"comment_status":"open","ping_status":"open","sticky":false,"template":"","format":"standard","meta":{"_acf_changed":false,"_monsterinsights_skip_tracking":false,"_monsterinsights_sitenote_active":false,"_monsterinsights_sitenote_note":"","_monsterinsights_sitenote_category":0,"_EventAllDay":false,"_EventTimezone":"","_EventStartDate":"","_EventEndDate":"","_EventStartDateUTC":"","_EventEndDateUTC":"","_EventShowMap":false,"_EventShowMapLink":false,"_EventURL":"","_EventCost":"","_EventCostDescription":"","_EventCurrencySymbol":"","_EventCurrencyCode":"","_EventCurrencyPosition":"","_EventDateTimeSeparator":"","_EventTimeRangeSeparator":"","_EventOrganizerID":[],"_EventVenueID":[],"_OrganizerEmail":"","_OrganizerPhone":"","_OrganizerWebsite":"","_VenueAddress":"","_VenueCity":"","_VenueCountry":"","_VenueProvince":"","_VenueState":"","_VenueZip":"","_VenuePhone":"","_VenueURL":"","_VenueStateProvince":"","_VenueLat":"","_VenueLng":"","_VenueShowMap":false,"_VenueShowMapLink":false,"twitterCardType":"","cardImageID":0,"cardImage":"","cardTitle":"","cardDesc":"","cardImageAlt":"","cardPlayer":"","cardPlayerWidth":0,"cardPlayerHeight":0,"cardPlayerStream":"","cardPlayerCodec":"","footnotes":""},"categories":[7],"tags":[21832],"class_list":["post-325613","post","type-post","status-publish","format-standard","has-post-thumbnail","hentry","category-recenze","tag-literarni-kavarna"],"acf":{"related_products":null},"_links":{"self":[{"href":"https:\/\/www.luxor.cz\/blog\/wp-json\/wp\/v2\/posts\/325613","targetHints":{"allow":["GET"]}}],"collection":[{"href":"https:\/\/www.luxor.cz\/blog\/wp-json\/wp\/v2\/posts"}],"about":[{"href":"https:\/\/www.luxor.cz\/blog\/wp-json\/wp\/v2\/types\/post"}],"author":[{"embeddable":true,"href":"https:\/\/www.luxor.cz\/blog\/wp-json\/wp\/v2\/users\/2"}],"replies":[{"embeddable":true,"href":"https:\/\/www.luxor.cz\/blog\/wp-json\/wp\/v2\/comments?post=325613"}],"version-history":[{"count":0,"href":"https:\/\/www.luxor.cz\/blog\/wp-json\/wp\/v2\/posts\/325613\/revisions"}],"wp:featuredmedia":[{"embeddable":true,"href":"https:\/\/www.luxor.cz\/blog\/wp-json\/wp\/v2\/media\/325614"}],"wp:attachment":[{"href":"https:\/\/www.luxor.cz\/blog\/wp-json\/wp\/v2\/media?parent=325613"}],"wp:term":[{"taxonomy":"category","embeddable":true,"href":"https:\/\/www.luxor.cz\/blog\/wp-json\/wp\/v2\/categories?post=325613"},{"taxonomy":"post_tag","embeddable":true,"href":"https:\/\/www.luxor.cz\/blog\/wp-json\/wp\/v2\/tags?post=325613"}],"curies":[{"name":"wp","href":"https:\/\/api.w.org\/{rel}","templated":true}]}}