{"id":325611,"date":"2021-07-06T14:42:38","date_gmt":"2021-07-06T12:42:38","guid":{"rendered":"https:\/\/www.luxor.cz\/blog\/nezarazene\/63290-krizem-krazem-jizni-stezkou\/"},"modified":"2021-07-06T14:42:38","modified_gmt":"2021-07-06T12:42:38","slug":"63290-krizem-krazem-jizni-stezkou","status":"publish","type":"post","link":"https:\/\/www.luxor.cz\/blog\/recenze\/63290-krizem-krazem-jizni-stezkou\/","title":{"rendered":"K\u0159\u00ed\u017eem kr\u00e1\u017eem Ji\u017en\u00ed stezkou"},"content":{"rendered":"<p>Pot\u00e9, co Jan Hocek dokon\u010dil Severn\u00ed stezku, vypravil se na jih a zavr\u0161il tak jedine\u010dn\u00e9 d\u00edlo, a sice vytvo\u0159en\u00ed okruhu kolem cel\u00e9 \u010cesk\u00e9 republiky.<\/p>\n<p>Jan Hocek je autorem ojedin\u011bl\u00e9ho projektu nazvan\u00e9ho Via Czechia, kter\u00fd si vzal za c\u00edl vytvo\u0159it ucelen\u00e9 d\u00e1lkov\u00e9 trasy na\u0161\u00ed republikou. Jednotliv\u00e9 stezky (Severn\u00ed a Ji\u017en\u00ed) jsou ur\u010deny nejenom pro p\u011b\u0161\u00ed, ale tak\u00e9 pro cyklisty a ly\u017ea\u0159e. Z\u00a0anotace knihy m\u016f\u017eeme vytu\u0161it, \u017ee m\u00e1 autor v\u00a0pl\u00e1nu vytvo\u0159it tak\u00e9 t\u0159et\u00ed stezku, nazvanou Stezka st\u0159edozem\u00edm, kter\u00e1 m\u00e1 propojovat nejsevern\u011bj\u0161\u00ed a nejji\u017en\u011bj\u0161\u00ed bod republiky.<\/p>\n<p><strong>Druh\u00e1 nejdel\u0161\u00ed d\u00e1lkov\u00e1 trasa \u010cesk\u00e9 republiky<\/strong><\/p>\n<p>Ji\u017en\u00ed stezka p\u0159edstavuje po Severn\u00ed stezce druhou nejdel\u0161\u00ed d\u00e1lkovou trasu v\u00a0na\u0161\u00ed zemi. Pokud tuto stezku projdete celou, budete m\u00edt v noh\u00e1ch dohromady 1\u00a0052 km a dostanete se na nejv\u00fdchodn\u011bj\u0161\u00ed, nejz\u00e1padn\u011bj\u0161\u00ed a nejji\u017en\u011bj\u0161\u00ed bod \u010cesk\u00e9 republiky. Nav\u0161t\u00edv\u00edte celkem 15 poho\u0159\u00ed a zem\u011bpisn\u00fdch celk\u016f, 6 chr\u00e1n\u011bn\u00fdch krajinn\u00fdch oblast\u00ed, dva n\u00e1rodn\u00ed parky a n\u011bkolik p\u0159\u00edrodn\u00edch rezervac\u00ed. Jej\u00ed zmapov\u00e1n\u00ed a napl\u00e1nov\u00e1n\u00ed si vy\u017e\u00e1dalo zna\u010dn\u00e9 \u00fasil\u00ed. V\u00fdsledkem je vytipov\u00e1n\u00ed nejzaj\u00edmav\u011bj\u0161\u00edch m\u00edst a nejkr\u00e1sn\u011bj\u0161\u00edch tras.<\/p>\n<p>Pokud nejste zrovna zdatn\u00fdmi p\u011b\u0161\u00edmi turisty, nezoufejte, proto\u017ee stezka je rozd\u011blena na dvan\u00e1ct \u00fasek\u016f tvo\u0159\u00edc\u00edch ucelen\u00e9 \u010d\u00e1sti, kter\u00e9 lze absolvovat i zvl\u00e1\u0161\u0165. Za\u010d\u00e1tek i konec ka\u017ed\u00e9ho \u00faseku je obvykle dob\u0159e dostupn\u00fd ve\u0159ejnou dopravou, tak\u017ee ur\u010dit\u011b nebudete m\u00edt probl\u00e9m v\u00a0konkr\u00e9tn\u00edm uzlov\u00e9m bod\u011b za\u010d\u00edt, skon\u010dit \u010di cestu p\u0159eru\u0161it a pozd\u011bji na ni nav\u00e1zat. Ka\u017ed\u00fd takov\u00fd \u00fasek je dlouh\u00fd p\u0159ibli\u017en\u011b 20-25 km. Stezkou m\u016f\u017eete klidn\u011b proj\u00edt i \u201enalehko\u201c a naj\u00edt si ubytov\u00e1n\u00ed v\u00a0n\u011bjak\u00e9m hotelu \u010di penzionu.<\/p>\n<p>Cyklistick\u00e1 a ly\u017ea\u0159sk\u00e1 varianta Ji\u017en\u00ed stezky jsou o n\u011bco krat\u0161\u00ed. Varianta pro ly\u017ea\u0159e vynech\u00e1v\u00e1 n\u011bkter\u00e9 \u00faseky stezky, u\u00a0nich\u017e se p\u0159edpokl\u00e1d\u00e1 nedostatek sn\u011bhov\u00e9 pokr\u00fdvky.<\/p>\n<p><strong>Koncept knihy<\/strong><\/p>\n<p>Na \u00fapln\u00e9m \u00favodu t\u00e9hle knihy se seznamujeme s\u00a0nejzn\u00e1m\u011bj\u0161\u00edmi d\u00e1lkov\u00fdmi treky na sv\u011bt\u011b a s\u00a0turistick\u00fdmi stezkami v\u00a0\u010cesk\u00e9 republice. Pot\u00e9 Jan Hocek p\u0159edstavuje samotnou Ji\u017en\u00ed stezku a rad\u00ed, jak ji absolvovat. V\u00a0p\u0159ehledn\u00e9 tabulce nap\u0159\u00edklad najdeme \u00faseky geomorfologick\u00fdch celk\u016f s\u00a0\u00fadaji o d\u00e9lce trasy a po\u010dtem dn\u016f, kter\u00e9 budeme pot\u0159ebovat k\u00a0jejich projit\u00ed (jak pro p\u011b\u0161\u00ed, tak i pro cyklisty a ly\u017ea\u0159e). U ka\u017ed\u00e9ho \u00faseku je uvedeno, kde za\u010d\u00edn\u00e1 a kde kon\u010d\u00ed.<\/p>\n<p>Dal\u0161\u00ed kapitoly u\u017e pak sleduj\u00ed jednotliv\u00e9 zem\u011bpisn\u00e9 celky a poho\u0159\u00ed v\u00a0po\u0159ad\u00ed od v\u00fdchodu na z\u00e1pad:<\/p>\n<ol>\n<li>Moravskoslezsk\u00e9 Beskydy<\/li>\n<li>Javorn\u00edky<\/li>\n<li>B\u00edl\u00e9 Karpaty<\/li>\n<li>Dolnomoravsk\u00fd \u00faval<\/li>\n<li>Mikulovsk\u00e1 vrchovina a Dyjskosvrateck\u00fd \u00faval<\/li>\n<li>\u010ceskomoravsk\u00e1 vrchovina<\/li>\n<li>T\u0159ebo\u0148sk\u00e1 p\u00e1nev<\/li>\n<li>Novohradsk\u00e9 hory a Novohradsk\u00e9 podh\u016f\u0159\u00ed<\/li>\n<li>\u0160umava<\/li>\n<li>V\u0161erubsk\u00e1 vrchovina<\/li>\n<li>\u010cesk\u00fd les<\/li>\n<li>Smr\u010diny a Chebsk\u00e1 p\u00e1nev<\/li>\n<\/ol>\n<p>Ka\u017ed\u00e1 z\u00a0t\u011bchto dvan\u00e1cti kapitol m\u00e1 je\u0161t\u011b dal\u0161\u00ed men\u0161\u00ed kapitolky, sleduj\u00edc\u00ed v\u017edy ur\u010dit\u00fd \u00fasek v\u00a0r\u00e1mci poho\u0159\u00ed \u010di zem\u011bpisn\u00e9ho celku. V\u00a0\u00favodu se dozv\u00edd\u00e1me n\u011bco o poho\u0159\u00ed obecn\u011b, nejr\u016fzn\u011bj\u0161\u00ed historick\u00e9 souvislosti, p\u0159\u00edrodn\u00ed zaj\u00edmavosti apod. Pot\u00e9 je oblast zm\u00edn\u011bna z\u00a0hlediska turistiky a nakonec v\u00a0n\u00e1vaznosti na Ji\u017en\u00ed stezku, a to jak z\u00a0hlediska p\u011b\u0161\u00ed turistiky, tak i cyklistick\u00e9 a ly\u017ea\u0159sk\u00e9 varianty. Dozv\u00edte se prakticky v\u0161echno, co pot\u0159ebujete v\u011bd\u011bt: jak je cesta dlouh\u00e1, kde za\u010d\u00edn\u00e1 a kde kon\u010d\u00ed, jak se sem dostat, kde se ubytovat a kde naj\u00edst a \u0159adu dal\u0161\u00edch v\u011bc\u00ed, kter\u00e9 se v\u00e1m na cest\u011b budou hodit.<\/p>\n<p>Cel\u00e1 kniha je velice p\u0159ehledn\u00e1 a kr\u00e1sn\u011b zpracovan\u00e1. Podrobn\u00fd text dopl\u0148uj\u00ed n\u00e1dhern\u00e9 fotky, p\u016fsob\u00edc\u00ed dokonale inspirativn\u011b. Oce\u0148uji, \u017ee v\u0161echny maj\u00ed popisek. Nemus\u00edte se rozhodn\u011b ob\u00e1vat toho, \u017ee se nezorientujete v\u00a0oblasti, o n\u00ed\u017e se zrovna v\u00a0knize p\u00ed\u0161e. D\u00edky p\u0159ehledn\u00fdm map\u00e1m perfektn\u011b doprov\u00e1zej\u00edc\u00edm text se v\u00e1m to vlastn\u011b ani st\u00e1t nem\u016f\u017ee. Pro p\u0159edstavu zde najdete tak\u00e9 \u201egraf\u201c zn\u00e1zor\u0148uj\u00edc\u00ed p\u0159ev\u00fd\u0161en\u00ed, jak\u00e9 na trase budete muset p\u0159ekonat. V\u00a0neposledn\u00ed \u0159ad\u011b mus\u00edm zm\u00ednit tak\u00e9 nejr\u016fzn\u011bj\u0161\u00ed zaj\u00edmavosti, nab\u00eddku piv, j\u00eddeln\u00ed\u010dek z\u00a0konkr\u00e9tn\u00edho m\u00edsta nebo t\u0159eba n\u00e1\u0159e\u010d\u00ed.<\/p>\n<p>Ji\u017e Severn\u00ed stezka pro m\u011b byla perfektn\u00ed inspirac\u00ed na cesty a v\u00fdlety a ta Ji\u017en\u00ed bude zrovna tak. Nejsem a\u017e tak zdatn\u00e1 na to, abych zvl\u00e1dla celou stezku najednou, ale jej\u00ed jednotliv\u00e9 \u00faseky rozhodn\u011b projdu. Janu Hockovi pat\u0159\u00ed obrovsk\u00fd d\u00edk za to, \u017ee se do takov\u00e9 pr\u00e1ce pustil, \u017ee s\u00e1m celou trasu pro\u0161el, v\u0161echno poznal, nafotil, ov\u011b\u0159il si a hlavn\u011b, \u017ee vytvo\u0159il tuhle \u00fa\u017easnou knihu.<\/p>\n<p>Andrea Simoglu<\/p>\n<p>Autor:\u00a0Andrea Simoglu<\/p>\n","protected":false},"excerpt":{"rendered":"<p>Vydejte se s\u00a0knihou Ji\u017en\u00ed stezka na n\u00e1dhernou pou\u0165 \u010ceskou republikou, projd\u011bte ji pod\u00e9l ji\u017en\u00ed hranice od v\u00fdchodu a\u017e po z\u00e1pad a poznejte zn\u00e1m\u00e9 i m\u00e9n\u011b prob\u00e1dan\u00e9 kouty na\u0161\u00ed zem\u011b!<\/p>\n","protected":false},"author":2,"featured_media":325612,"comment_status":"open","ping_status":"open","sticky":false,"template":"","format":"standard","meta":{"_acf_changed":false,"_monsterinsights_skip_tracking":false,"_monsterinsights_sitenote_active":false,"_monsterinsights_sitenote_note":"","_monsterinsights_sitenote_category":0,"_EventAllDay":false,"_EventTimezone":"","_EventStartDate":"","_EventEndDate":"","_EventStartDateUTC":"","_EventEndDateUTC":"","_EventShowMap":false,"_EventShowMapLink":false,"_EventURL":"","_EventCost":"","_EventCostDescription":"","_EventCurrencySymbol":"","_EventCurrencyCode":"","_EventCurrencyPosition":"","_EventDateTimeSeparator":"","_EventTimeRangeSeparator":"","_EventOrganizerID":[],"_EventVenueID":[],"_OrganizerEmail":"","_OrganizerPhone":"","_OrganizerWebsite":"","_VenueAddress":"","_VenueCity":"","_VenueCountry":"","_VenueProvince":"","_VenueState":"","_VenueZip":"","_VenuePhone":"","_VenueURL":"","_VenueStateProvince":"","_VenueLat":"","_VenueLng":"","_VenueShowMap":false,"_VenueShowMapLink":false,"twitterCardType":"","cardImageID":0,"cardImage":"","cardTitle":"","cardDesc":"","cardImageAlt":"","cardPlayer":"","cardPlayerWidth":0,"cardPlayerHeight":0,"cardPlayerStream":"","cardPlayerCodec":"","footnotes":""},"categories":[7],"tags":[21832],"class_list":["post-325611","post","type-post","status-publish","format-standard","has-post-thumbnail","hentry","category-recenze","tag-literarni-kavarna"],"acf":{"related_products":null},"_links":{"self":[{"href":"https:\/\/www.luxor.cz\/blog\/wp-json\/wp\/v2\/posts\/325611","targetHints":{"allow":["GET"]}}],"collection":[{"href":"https:\/\/www.luxor.cz\/blog\/wp-json\/wp\/v2\/posts"}],"about":[{"href":"https:\/\/www.luxor.cz\/blog\/wp-json\/wp\/v2\/types\/post"}],"author":[{"embeddable":true,"href":"https:\/\/www.luxor.cz\/blog\/wp-json\/wp\/v2\/users\/2"}],"replies":[{"embeddable":true,"href":"https:\/\/www.luxor.cz\/blog\/wp-json\/wp\/v2\/comments?post=325611"}],"version-history":[{"count":0,"href":"https:\/\/www.luxor.cz\/blog\/wp-json\/wp\/v2\/posts\/325611\/revisions"}],"wp:featuredmedia":[{"embeddable":true,"href":"https:\/\/www.luxor.cz\/blog\/wp-json\/wp\/v2\/media\/325612"}],"wp:attachment":[{"href":"https:\/\/www.luxor.cz\/blog\/wp-json\/wp\/v2\/media?parent=325611"}],"wp:term":[{"taxonomy":"category","embeddable":true,"href":"https:\/\/www.luxor.cz\/blog\/wp-json\/wp\/v2\/categories?post=325611"},{"taxonomy":"post_tag","embeddable":true,"href":"https:\/\/www.luxor.cz\/blog\/wp-json\/wp\/v2\/tags?post=325611"}],"curies":[{"name":"wp","href":"https:\/\/api.w.org\/{rel}","templated":true}]}}