{"id":325605,"date":"2021-07-15T15:20:20","date_gmt":"2021-07-15T13:20:20","guid":{"rendered":"https:\/\/www.luxor.cz\/blog\/nezarazene\/63297-holka-s-bucket-listem-na-cestach-evropou\/"},"modified":"2021-07-15T15:20:20","modified_gmt":"2021-07-15T13:20:20","slug":"63297-holka-s-bucket-listem-na-cestach-evropou","status":"publish","type":"post","link":"https:\/\/www.luxor.cz\/blog\/recenze\/63297-holka-s-bucket-listem-na-cestach-evropou\/","title":{"rendered":"Holka s bucket listem na cest\u00e1ch Evropou"},"content":{"rendered":"<p><strong>Cestopis s p\u0159\u00edb\u011bhem<\/strong><\/p>\n<p>Lucka Kutrov\u00e1 pro mnoh\u00e9 z\u00a0v\u00e1s nebude \u00fapln\u011b nezn\u00e1m\u00e1. Ji\u017e p\u0159ed \u010dasem vy\u0161la jej\u00ed kniha <em>151 dn\u00ed Pacifickou h\u0159ebenovkou<\/em>, kter\u00e1 se pro m\u011b stala jedn\u00edm z\u00a0nejkr\u00e1sn\u011bj\u0161\u00edch cestopis\u016f, jak\u00e9 jsem \u010detla. A \u010d\u00edm \u017ee m\u011b zrovna tahle kn\u00ed\u017eka tolik zaujala? Cestopis\u016f popisuj\u00edc\u00edch trasu a kr\u00e1sy p\u0159\u00edrody, pod\u00e1vaj\u00edc\u00ed such\u00e9 informace, sice praktick\u00e9 a p\u0159\u00ednosn\u00e9, ale zato bez \u017eivota, je na trhu pln\u00e1 \u0159ada. Tohle je cestopis s\u00a0p\u0159\u00edb\u011bhem.<\/p>\n<p>151 dn\u00ed po evropsk\u00fdch stezk\u00e1ch n\u00e1m samoz\u0159ejm\u011b p\u0159edstavuje vybran\u00e9 stezky v\u00a0Evrop\u011b (jak z\u00a0n\u00e1zvu v\u0161ichni o\u010dek\u00e1v\u00e1me), ale z\u00e1rove\u0148 je to cesta \u017eivotem jedn\u00e9 holky se zlat\u00fdmi dredy a bucket listem. Lucka n\u00e1m prost\u0159ednictv\u00edm vypr\u00e1v\u011bn\u00ed o tom, kde v\u0161ude byla, d\u00e1v\u00e1 mo\u017enost poznat sebe samou. D\u00edky tomu l\u00e9pe vn\u00edm\u00e1me z\u00e1\u017eitky z\u00a0cest, dok\u00e1\u017eeme se l\u00e9pe vc\u00edtit do jej\u00edch radost\u00ed z\u00a0toho, co kde vid\u011bla, co poznala. Um\u00edme se l\u00edp v\u017e\u00edt do nesn\u00e1z\u00ed a trapas\u016f, jak\u00e9 ji na cest\u00e1ch (a v\u00a0\u017eivot\u011b) potkaly.<\/p>\n<p>Kdy\u017e n\u00e1m vypr\u00e1v\u00ed o tom, jak p\u0159i\u0161la o jednoho ze sv\u00fdch nejlep\u0161\u00edch ps\u00edch k\u00e1mo\u0161\u016f, trp\u00edme s\u00a0n\u00ed. Ka\u017edou jej\u00ed dal\u0161\u00ed cestu vn\u00edm\u00e1me jako nekone\u010dn\u00e9 dobrodru\u017estv\u00ed. M\u00e1me pochopen\u00ed s\u00a0jej\u00edm br\u00e1chou, kter\u00fd je zn\u00e1m\u00fd t\u00edm, \u017ee nesn\u00e1\u0161\u00ed hory. Pro\u017e\u00edv\u00e1me s\u00a0n\u00ed l\u00e1sku k\u00a0Tom\u00e1\u0161ovi a c\u00edt\u00edme to \u00fa\u017easn\u00e9 z\u00e1zem\u00ed, jak\u00e9 j\u00ed d\u00e1v\u00e1 jej\u00ed rodina. A taky m\u00e1me stra\u0161nou touhu pro\u017e\u00edvat v\u0161echny ty cesty s\u00a0n\u00ed, i kdy\u017e by to m\u011blo znamenat, \u017ee jsme promrzl\u00ed na kost, anebo \u017ee n\u00e1m v\u0161echny v\u011bci v\u00a0batohu prom\u00e1\u010del d\u00e9\u0161\u0165.<\/p>\n<p>Pr\u00e1v\u011b t\u00edm v\u0161\u00edm jsou ob\u011b jej\u00ed knihy v\u00fdjime\u010dn\u00e9.<\/p>\n<p><strong>Na v\u00fd\u0161lap s\u00a0L\u016fcou<\/strong><\/p>\n<p>Mus\u00edm se p\u0159iznat, \u017ee kapitoly zam\u011b\u0159en\u00e9 vylo\u017een\u011b na v\u00fd\u0161lapy do hor, m\u011b bavily skoro stejn\u011b tak, jako ty, v\u00a0nich\u017e p\u00ed\u0161e sama o sob\u011b. U\u017e kdy\u017e vypr\u00e1v\u011bla o tom, jak pro\u0161la Camino de Santiago (Svatojakubskou pou\u0165), bylo mn\u011b jasn\u00e9, \u017ee ka\u017ed\u00e1 jej\u00ed dal\u0161\u00ed cesta bude obrovsk\u00fdm z\u00e1\u017eitkem i pro m\u011b.<\/p>\n<p>S\u00a0L\u016fcou se krom\u011b Santiaga de Compostela vyprav\u00edme t\u0159eba taky na Tour du Mont Blanc, pod\u00edv\u00e1me se na Julius Kugy Trail, na Madeiru, Alpe-Adria Trail a vyd\u00e1me se taky na trail po \u010cesku. Velk\u00e1 pochvala pat\u0159\u00ed mimo poutav\u00fd text tak\u00e9 jej\u00edm fotk\u00e1m \u2013 barevn\u00fdm, n\u00e1dhern\u00fdm a vylo\u017een\u011b inspiruj\u00edc\u00edm k\u00a0tomu, aby \u010dlov\u011bk sbalil batoh a vyrazil. I kdy\u017e k\u00a0Lucce m\u00e1m osobn\u011b velik\u00fd respekt, p\u016fsob\u00ed tahle trhl\u00e1 holka s\u00a0r\u016f\u017eov\u00fdmi teniskami tak n\u011bjak oby\u010dejn\u011b. Jako jedna z\u00a0n\u00e1s. P\u0159itom se u\u017e d\u00e1vno stala m\u00fdm cestovatelsk\u00fdm vzorem, proto\u017ee u\u017e v\u00a0tuhle chv\u00edli vid\u011bla mnohem v\u00edc, ne\u017e se mn\u011b poda\u0159\u00ed spat\u0159it za cel\u00fd \u017eivot. I kdy\u017e, kdo v\u00ed \u2026 t\u0159eba budu odte\u010f polo\u017eky na sv\u00e9m bucket listu \u201efajfkovat\u201c stejn\u00fdm tempem, jako Lucka.<\/p>\n<p><strong>\u201eKdy\u017e vyjdete jednou, nebude to naposledy\u2026\u201c<\/strong><\/p>\n<p>Tahle kn\u00ed\u017eka mapuje \u017eivotn\u00ed ud\u00e1losti, cesty a dobrodru\u017estv\u00ed Lucky b\u011bhem t\u0159\u00ed let, konkr\u00e9tn\u011b od roku 2017 do roku 2020. Nad t\u00edm, jak je jej\u00ed \u017eivot d\u00edky jej\u00edmu el\u00e1nu a odhodl\u00e1n\u00ed bohat\u00fd, m\u016f\u017ee \u010dlov\u011bk opravdu \u017easnout! Anebo se s\u00e1m nechat inspirovat\u2026<\/p>\n<p>Stra\u0161n\u011b se mn\u011b l\u00edb\u00ed styl, jak\u00fdm Lucka p\u00ed\u0161e: lehk\u00fd, neskute\u010dn\u011b z\u00e1bavn\u00fd, ale p\u0159itom v\u00fd\u017eivn\u00fd a z\u00e1rove\u0148 nev\u0161edn\u00ed. Bav\u00ed v\u00e1s to, jsou v\u00a0tom emoce i spousta u\u017eite\u010dn\u00fdch informac\u00ed. K\u00e9\u017e by j\u00ed \u017eivot nad\u011blil je\u0161t\u011b plno dal\u0161\u00edch p\u0159\u00edle\u017eitost\u00ed k\u00a0cestov\u00e1n\u00ed po sv\u011bt\u011b, a k\u00e9\u017e by n\u00e1m o\u00a0ka\u017ed\u00e9 z\u00a0t\u011bchto cest m\u011bla v\u017edycky touhu povypr\u00e1v\u011bt!<\/p>\n<p>Andrea Simoglu<\/p>\n<p>\u00a0<\/p>\n<p>Autor:\u00a0Andrea Simoglu<\/p>\n","protected":false},"excerpt":{"rendered":"<p>Milujete hory a n\u00e1dhern\u00e9 v\u00fdhledy? Jedn\u00edm z\u00a0c\u00edl\u016f t\u00e9hle knihy je uk\u00e1zat v\u00e1m, \u017ee za kr\u00e1sou horsk\u00fdch \u0161t\u00edt\u016f nemus\u00edte let\u011bt a\u017e za oce\u00e1n. V\u00a0Evrop\u011b jich je toti\u017e spousta!\u00a0<\/p>\n","protected":false},"author":2,"featured_media":325606,"comment_status":"open","ping_status":"open","sticky":false,"template":"","format":"standard","meta":{"_acf_changed":false,"_monsterinsights_skip_tracking":false,"_monsterinsights_sitenote_active":false,"_monsterinsights_sitenote_note":"","_monsterinsights_sitenote_category":0,"_EventAllDay":false,"_EventTimezone":"","_EventStartDate":"","_EventEndDate":"","_EventStartDateUTC":"","_EventEndDateUTC":"","_EventShowMap":false,"_EventShowMapLink":false,"_EventURL":"","_EventCost":"","_EventCostDescription":"","_EventCurrencySymbol":"","_EventCurrencyCode":"","_EventCurrencyPosition":"","_EventDateTimeSeparator":"","_EventTimeRangeSeparator":"","_EventOrganizerID":[],"_EventVenueID":[],"_OrganizerEmail":"","_OrganizerPhone":"","_OrganizerWebsite":"","_VenueAddress":"","_VenueCity":"","_VenueCountry":"","_VenueProvince":"","_VenueState":"","_VenueZip":"","_VenuePhone":"","_VenueURL":"","_VenueStateProvince":"","_VenueLat":"","_VenueLng":"","_VenueShowMap":false,"_VenueShowMapLink":false,"twitterCardType":"","cardImageID":0,"cardImage":"","cardTitle":"","cardDesc":"","cardImageAlt":"","cardPlayer":"","cardPlayerWidth":0,"cardPlayerHeight":0,"cardPlayerStream":"","cardPlayerCodec":"","footnotes":""},"categories":[7],"tags":[21832],"class_list":["post-325605","post","type-post","status-publish","format-standard","has-post-thumbnail","hentry","category-recenze","tag-literarni-kavarna"],"acf":{"related_products":null},"_links":{"self":[{"href":"https:\/\/www.luxor.cz\/blog\/wp-json\/wp\/v2\/posts\/325605","targetHints":{"allow":["GET"]}}],"collection":[{"href":"https:\/\/www.luxor.cz\/blog\/wp-json\/wp\/v2\/posts"}],"about":[{"href":"https:\/\/www.luxor.cz\/blog\/wp-json\/wp\/v2\/types\/post"}],"author":[{"embeddable":true,"href":"https:\/\/www.luxor.cz\/blog\/wp-json\/wp\/v2\/users\/2"}],"replies":[{"embeddable":true,"href":"https:\/\/www.luxor.cz\/blog\/wp-json\/wp\/v2\/comments?post=325605"}],"version-history":[{"count":0,"href":"https:\/\/www.luxor.cz\/blog\/wp-json\/wp\/v2\/posts\/325605\/revisions"}],"wp:featuredmedia":[{"embeddable":true,"href":"https:\/\/www.luxor.cz\/blog\/wp-json\/wp\/v2\/media\/325606"}],"wp:attachment":[{"href":"https:\/\/www.luxor.cz\/blog\/wp-json\/wp\/v2\/media?parent=325605"}],"wp:term":[{"taxonomy":"category","embeddable":true,"href":"https:\/\/www.luxor.cz\/blog\/wp-json\/wp\/v2\/categories?post=325605"},{"taxonomy":"post_tag","embeddable":true,"href":"https:\/\/www.luxor.cz\/blog\/wp-json\/wp\/v2\/tags?post=325605"}],"curies":[{"name":"wp","href":"https:\/\/api.w.org\/{rel}","templated":true}]}}