{"id":325603,"date":"2021-07-19T15:23:12","date_gmt":"2021-07-19T13:23:12","guid":{"rendered":"https:\/\/www.luxor.cz\/blog\/nezarazene\/63298-pozor-na-nove-kamaradky\/"},"modified":"2021-07-19T15:23:12","modified_gmt":"2021-07-19T13:23:12","slug":"63298-pozor-na-nove-kamaradky","status":"publish","type":"post","link":"https:\/\/www.luxor.cz\/blog\/recenze\/63298-pozor-na-nove-kamaradky\/","title":{"rendered":"Pozor na nov\u00e9 kamar\u00e1dky!"},"content":{"rendered":"<p>Hlavn\u00ed hrdinka Kelly Medinov\u00e1 nepro\u017e\u00edv\u00e1 zrovna svoje nej\u0161\u0165astn\u011bj\u0161\u00ed \u017eivotn\u00ed obdob\u00ed. Jej\u00ed syn ode\u0161el studovat na univerzitu. Man\u017eel Rafael tr\u00e1v\u00ed st\u00e1le v\u00edce \u010dasu prac\u00ed a dom\u016f se mnohdy nevrac\u00ed u\u017e ani na v\u00edkendy, jak tomu bylo d\u0159\u00edve. Kelly se c\u00edt\u00ed opu\u0161t\u011bn\u00e1 a sna\u017e\u00ed se alespo\u0148 n\u011bkdy tr\u00e1vit \u010das se svou kamar\u00e1dkou Christine. V\u0161e se zm\u011bn\u00ed jednoho dne, kdy\u017e Kelly zazvon\u00ed mobil a ona zjist\u00ed, \u017ee je ve m\u011bst\u011b \u017eena, kter\u00e1 m\u00e1 nejen stejn\u00e9 jm\u00e9no, p\u0159\u00edjmen\u00ed, ale dokonce m\u00e1 tak\u00e9 syna. Kelly tahle skute\u010dnost ned\u00e1 sp\u00e1t, za\u010dne p\u00e1trat, sledovat ji a poci\u0165uje nutk\u00e1n\u00ed se s\u00a0touto \u017eenou poznat, maj\u00ed toho p\u0159eci tolik spole\u010dn\u00e9ho. Zd\u00e1nliv\u011b n\u00e1hodn\u00e9 setk\u00e1n\u00ed odstartuje jejich p\u0159\u00e1telstv\u00ed. Jen\u017ee je tohle p\u0159\u00e1telstv\u00ed opravdu tak ryz\u00ed a bez postrann\u00edch \u00famysl\u016f? Kelly se svou novou kamar\u00e1dkou chce tr\u00e1vit co nejv\u00edce \u010dasu, dokonce j\u00ed pom\u00e1h\u00e1 s p\u00e9\u010d\u00ed o mal\u00e9ho Sullivana, kter\u00e9ho si hned zamiluje, nakoup\u00ed mu spoustu v\u011bc\u00ed a vlastn\u011b zji\u0161\u0165uje, \u017ee by byla rad\u011bji, kdyby to byl jej\u00ed syn. Jen\u017ee tajemstv\u00ed ani p\u0159etv\u00e1\u0159ku nelze pod pokli\u010dkou dr\u017eet dlouho a Kelly Medinov\u00e1 m\u016f\u017ee b\u00fdt jen jedna a ta druh\u00e1 bude muset zmizet, a\u0165 chce nebo ne.<\/p>\n<p>Chci tv\u016fj \u017eivot si naprosto z\u00edsk\u00e1 Va\u0161i pozornost. Za\u010d\u00edn\u00e1 nen\u00e1padn\u011b a od prvn\u00ed str\u00e1nky tu\u0161\u00edte, \u017ee je n\u011bco v\u00a0nepo\u0159\u00e1dku a schyluje se k\u00a0n\u011b\u010demu v\u00edce ne\u017e nep\u0159\u00edjemn\u00e9mu. Autorka zde sehr\u00e1v\u00e1 dokonalou hru se \u010dten\u00e1\u0159em, tak\u017ee budete jen velmi t\u011b\u017eko odhadovat, kde je pravda, co je skute\u010dn\u00e9 a komu opravdu v\u011b\u0159it. P\u0159\u00edb\u011bh pracuje s\u00a0motivem nespolehliv\u00e9 vyprav\u011b\u010dky, Kelly se pere se sv\u00fdmi vnit\u0159n\u00edmi d\u00e9mony jako je deprese, ztr\u00e1ta v\u00a0rodin\u011b, rozpadaj\u00edc\u00ed se vztah a z\u00e1rove\u0148 na ni dopad\u00e1 jak\u00e1si krize st\u0159edn\u00edho v\u011bku. I okol\u00ed ji ob\u010das m\u00e1 tak tro\u0161ku za bl\u00e1zna. V\u00a0pr\u016fb\u011bhu knihy \u010dten\u00e1\u0159e autorka vrac\u00ed do minulosti postav prost\u0159ednictv\u00edm kr\u00e1tk\u00fdch \u00fatr\u017ek\u016f, kde pozn\u00e1v\u00e1te, co se komu stalo, p\u0159\u00edpadn\u011b jestli se v\u0161echno skute\u010dn\u011b odehr\u00e1lo tak, jak tvrd\u00ed. Proto\u017ee tady nelze v\u011b\u0159it opravdu nikomu.<\/p>\n<p>Kniha je rozd\u011blena na t\u0159i \u010d\u00e1sti a ka\u017ed\u00e1 \u010d\u00e1st kon\u010d\u00ed takov\u00fdm zvratem, \u017ee budete je\u0161t\u011b dlouho v\u00a0\u0161oku. Chci tv\u016fj \u017eivot je p\u0159esn\u011b ten p\u0159\u00edb\u011bh, kv\u016fli kter\u00e9mu ve\u010der p\u016fjdete pozd\u011b sp\u00e1t anebo si r\u00e1no p\u0159ivstanete, dokud nebudete m\u00edt do\u010dteno. Pokud jste fanou\u0161ci thriller\u016f od B. A. Paris nebo Shari Lapeny, m\u016f\u017eete si b\u00fdt jist\u00ed, \u017ee V\u00e1s tato thrillerov\u00e1 j\u00edzda nepochybn\u011b pohlt\u00ed.<\/p>\n<p>\u00a0<\/p>\n<p>Petra Pil\u00e1tov\u00e1 (@knihomolskydenik)<\/p>\n<p>\u00a0<\/p>\n<p>\u00a0<\/p>\n<p>\u00a0<\/p>\n<p>Autor:\u00a0Petra Pil\u00e1tov\u00e1<\/p>\n","protected":false},"excerpt":{"rendered":"<p>Amber Garza m\u00e1 v\u00a0zahrani\u010d\u00ed na sv\u00e9m \u00fa\u010dtu ji\u017e p\u011bknou \u0159\u00e1dku knih a velkou fanou\u0161kovskou z\u00e1kladnu. Na \u010desk\u00e9 kni\u017en\u00ed pulty se nyn\u00ed poprv\u00e9 dostala jedna z\u00a0jej\u00edch nejl\u00e9pe hodnocen\u00fdch knih, thriller Chci tv\u016fj \u017eivot.<\/p>\n","protected":false},"author":2,"featured_media":325604,"comment_status":"open","ping_status":"open","sticky":false,"template":"","format":"standard","meta":{"_acf_changed":false,"_monsterinsights_skip_tracking":false,"_monsterinsights_sitenote_active":false,"_monsterinsights_sitenote_note":"","_monsterinsights_sitenote_category":0,"_EventAllDay":false,"_EventTimezone":"","_EventStartDate":"","_EventEndDate":"","_EventStartDateUTC":"","_EventEndDateUTC":"","_EventShowMap":false,"_EventShowMapLink":false,"_EventURL":"","_EventCost":"","_EventCostDescription":"","_EventCurrencySymbol":"","_EventCurrencyCode":"","_EventCurrencyPosition":"","_EventDateTimeSeparator":"","_EventTimeRangeSeparator":"","_EventOrganizerID":[],"_EventVenueID":[],"_OrganizerEmail":"","_OrganizerPhone":"","_OrganizerWebsite":"","_VenueAddress":"","_VenueCity":"","_VenueCountry":"","_VenueProvince":"","_VenueState":"","_VenueZip":"","_VenuePhone":"","_VenueURL":"","_VenueStateProvince":"","_VenueLat":"","_VenueLng":"","_VenueShowMap":false,"_VenueShowMapLink":false,"twitterCardType":"","cardImageID":0,"cardImage":"","cardTitle":"","cardDesc":"","cardImageAlt":"","cardPlayer":"","cardPlayerWidth":0,"cardPlayerHeight":0,"cardPlayerStream":"","cardPlayerCodec":"","footnotes":""},"categories":[7],"tags":[21832],"class_list":["post-325603","post","type-post","status-publish","format-standard","has-post-thumbnail","hentry","category-recenze","tag-literarni-kavarna"],"acf":{"related_products":null},"_links":{"self":[{"href":"https:\/\/www.luxor.cz\/blog\/wp-json\/wp\/v2\/posts\/325603","targetHints":{"allow":["GET"]}}],"collection":[{"href":"https:\/\/www.luxor.cz\/blog\/wp-json\/wp\/v2\/posts"}],"about":[{"href":"https:\/\/www.luxor.cz\/blog\/wp-json\/wp\/v2\/types\/post"}],"author":[{"embeddable":true,"href":"https:\/\/www.luxor.cz\/blog\/wp-json\/wp\/v2\/users\/2"}],"replies":[{"embeddable":true,"href":"https:\/\/www.luxor.cz\/blog\/wp-json\/wp\/v2\/comments?post=325603"}],"version-history":[{"count":0,"href":"https:\/\/www.luxor.cz\/blog\/wp-json\/wp\/v2\/posts\/325603\/revisions"}],"wp:featuredmedia":[{"embeddable":true,"href":"https:\/\/www.luxor.cz\/blog\/wp-json\/wp\/v2\/media\/325604"}],"wp:attachment":[{"href":"https:\/\/www.luxor.cz\/blog\/wp-json\/wp\/v2\/media?parent=325603"}],"wp:term":[{"taxonomy":"category","embeddable":true,"href":"https:\/\/www.luxor.cz\/blog\/wp-json\/wp\/v2\/categories?post=325603"},{"taxonomy":"post_tag","embeddable":true,"href":"https:\/\/www.luxor.cz\/blog\/wp-json\/wp\/v2\/tags?post=325603"}],"curies":[{"name":"wp","href":"https:\/\/api.w.org\/{rel}","templated":true}]}}