{"id":325599,"date":"2021-07-23T16:15:35","date_gmt":"2021-07-23T14:15:35","guid":{"rendered":"https:\/\/www.luxor.cz\/blog\/nezarazene\/63304-karel-gott-ma-cesta-za-stestim\/"},"modified":"2021-07-23T16:15:35","modified_gmt":"2021-07-23T14:15:35","slug":"63304-karel-gott-ma-cesta-za-stestim","status":"publish","type":"post","link":"https:\/\/www.luxor.cz\/blog\/recenze\/63304-karel-gott-ma-cesta-za-stestim\/","title":{"rendered":"Karel Gott: M\u00e1 cesta za \u0161t\u011bst\u00edm"},"content":{"rendered":"<p>Ve st\u0159edu 14. \u010dervence by mu bylo dvaaosmdes\u00e1t. Jen\u017ee ode\u0161el. D\u00e1rek tedy dost\u00e1vaj\u00ed v\u0161ichni to, kte\u0159\u00ed ho obdivovali, jako zp\u011bv\u00e1ka, \u010dlov\u011bka, jako symbol&#8230; V polovin\u011b \u010dervence vych\u00e1z\u00ed unik\u00e1tn\u00ed autobiografie Karel Gott: M\u00e1 cesta za \u0161t\u011bst\u00edm, kterou otev\u00edr\u00e1 prolog napsan\u00fd kr\u00e1lem \u010cesk\u00fdch slav\u00edk\u016f v l\u00e9t\u011b 2019, tedy jen p\u00e1r t\u00fddn\u016f p\u0159ed koncem jeho \u017eivota. Do\u010dtete se zde: \u201eLidsk\u00e1 pam\u011b\u0165 zdaleka nen\u00ed dokonal\u00e1, a ta moje p\u0159ekypovala z\u00e1\u017eitky. Oporou mi byly rovn\u011b\u017e \u010detn\u00e9 di\u00e1\u0159e s bezpo\u010dtem term\u00edn\u016f a produk\u010dn\u00edch pozn\u00e1mek. Den\u00edk jsem si nikdy nevedl. Texty p\u00edsn\u00ed jsem si p\u0159i jejich u\u010den\u00ed psal neust\u00e1le, ale zaznamen\u00e1vat den za dnem pocity ze sv\u00fdch koncert\u016f? Nebo z\u00e1\u017eitky z cest? \u010ci seznamy pracovn\u00edch \u00fasp\u011bch\u016f? To m\u011b p\u0159i m\u00e9m pracovn\u00edm tempu nikdy ani ve snu nenapadlo&#8230;Dovedu si p\u0159edstavit, \u017ee spousta lid\u00ed, a\u0165 p\u0159\u00e1tel, \u010di zn\u00e1m\u00fdch, kte\u0159\u00ed pro\u0161li m\u00fdm \u017eivotem a v knize se nenajdou, m\u016f\u017ee b\u00fdt zklam\u00e1na. Ale v\u011b\u0159te mi, \u017ee pokud by se v knize m\u011bli v\u0161ichni objevit, stal by se z m\u00e9 autobiografie nez\u00e1\u017eivn\u00fd telefonn\u00ed seznam. Vzpom\u00ednal jsem a psal s t\u00edm nejlep\u0161\u00edm v\u011bdom\u00edm a sv\u011bdom\u00edm, aby zde nechyb\u011bli pro m\u011b z\u00e1sadn\u00ed lid\u00e9, kte\u0159 m\u011b jakkoliv ovlivnili \u010di v\u00fdrazn\u011b vstoupili do m\u00e9ho \u017eivota.\u201c<\/p>\n<p>\u00a0V knize najdete na osmn\u00e1ct set fotografi\u00ed a jin\u00fdch obra- zov\u00fdch a dokumenta\u010dn\u00edch materi\u00e1l\u016f, z nich\u017e mnoh\u00e9 dosud nebyly zve\u0159ejn\u011bny. Karel Gott se na sklonku hv\u011bzdn\u00e9 kari\u00e9ry rozhodl zrekapitulovat sv\u016fj v\u00fdjime\u010dn\u00fd \u017eivotn\u00ed p\u0159\u00edb\u011bh \u2013 napsat vlastn\u00ed autobiografii. Knihu dokon\u010dil je\u0161t\u011b za sv\u00e9ho \u017eivota a intenzivn\u011b t\u00e9\u017e pracoval na obrazov\u00e9 dokumentaci a\u017e do posledn\u00edch dn\u016f. Otev\u0159en\u011b hovo\u0159\u00ed o sv\u00e9m soukrom\u00ed, dcer\u00e1ch, man\u017eelstv\u00ed, ale tak\u00e9 o v\u011bcech, kter\u00e9 byly doposud z r\u016fzn\u00fdch d\u016fvod\u016f zahaleny rou\u0161kou tajemstv\u00ed. Jeho vzpom\u00ednky sahaj\u00ed a\u017e do nej\u00fatlej\u0161\u00edho d\u011btstv\u00ed, vypr\u00e1v\u011bj\u00ed o rodi\u010d\u00edch i \u0161ir\u0161\u00ed rodin\u011b, o \u0161koln\u00edch letech, o kamar\u00e1dech i osobn\u00edch z\u00e1lib\u00e1ch, k nim\u017e pat\u0159ilo u\u017e v klukovsk\u00fdch letech zejm\u00e9na malov\u00e1n\u00ed. Je ve sv\u00e9 inventu\u0159e osudu sebekritick\u00fd i mimo\u0159\u00e1dn\u011b up\u0159\u00edmn\u00fd, p\u0159ede- v\u0161\u00edm v z\u00e1v\u011bre\u010dn\u00fdch kapitol\u00e1ch, v nich\u017e popisuje t\u011b\u017ek\u00e9 obdob\u00ed z\u00e1pasu se z\u00e1ke\u0159nou chorobou. V mnoha sm\u011brech je kniha strhuj\u00edc\u00ed obraz cel\u00e9ho fenom\u00e9nu Gott.<\/p>\n<p>Autor:\u00a0Kni\u017en\u00ed klub<\/p>\n","protected":false},"excerpt":{"rendered":"<p>Vych\u00e1z\u00ed jedine\u010dn\u00e1 kniha, kter\u00e1 p\u0159in\u00e1\u0161\u00ed autentick\u00fd obraz fascinuj\u00edc\u00ed \u017eivotn\u00ed dr\u00e1hy v\u00fdjime\u010dn\u00e9ho um\u011blce, kter\u00fd na hudebn\u00edm nebi za\u010dal z\u00e1\u0159it u\u017e ve sv\u00fdch dvaceti letech.<\/p>\n","protected":false},"author":2,"featured_media":325600,"comment_status":"open","ping_status":"open","sticky":false,"template":"","format":"standard","meta":{"_acf_changed":false,"_monsterinsights_skip_tracking":false,"_monsterinsights_sitenote_active":false,"_monsterinsights_sitenote_note":"","_monsterinsights_sitenote_category":0,"_EventAllDay":false,"_EventTimezone":"","_EventStartDate":"","_EventEndDate":"","_EventStartDateUTC":"","_EventEndDateUTC":"","_EventShowMap":false,"_EventShowMapLink":false,"_EventURL":"","_EventCost":"","_EventCostDescription":"","_EventCurrencySymbol":"","_EventCurrencyCode":"","_EventCurrencyPosition":"","_EventDateTimeSeparator":"","_EventTimeRangeSeparator":"","_EventOrganizerID":[],"_EventVenueID":[],"_OrganizerEmail":"","_OrganizerPhone":"","_OrganizerWebsite":"","_VenueAddress":"","_VenueCity":"","_VenueCountry":"","_VenueProvince":"","_VenueState":"","_VenueZip":"","_VenuePhone":"","_VenueURL":"","_VenueStateProvince":"","_VenueLat":"","_VenueLng":"","_VenueShowMap":false,"_VenueShowMapLink":false,"twitterCardType":"","cardImageID":0,"cardImage":"","cardTitle":"","cardDesc":"","cardImageAlt":"","cardPlayer":"","cardPlayerWidth":0,"cardPlayerHeight":0,"cardPlayerStream":"","cardPlayerCodec":"","footnotes":""},"categories":[7],"tags":[21832],"class_list":["post-325599","post","type-post","status-publish","format-standard","has-post-thumbnail","hentry","category-recenze","tag-literarni-kavarna"],"acf":{"related_products":null},"_links":{"self":[{"href":"https:\/\/www.luxor.cz\/blog\/wp-json\/wp\/v2\/posts\/325599","targetHints":{"allow":["GET"]}}],"collection":[{"href":"https:\/\/www.luxor.cz\/blog\/wp-json\/wp\/v2\/posts"}],"about":[{"href":"https:\/\/www.luxor.cz\/blog\/wp-json\/wp\/v2\/types\/post"}],"author":[{"embeddable":true,"href":"https:\/\/www.luxor.cz\/blog\/wp-json\/wp\/v2\/users\/2"}],"replies":[{"embeddable":true,"href":"https:\/\/www.luxor.cz\/blog\/wp-json\/wp\/v2\/comments?post=325599"}],"version-history":[{"count":0,"href":"https:\/\/www.luxor.cz\/blog\/wp-json\/wp\/v2\/posts\/325599\/revisions"}],"wp:featuredmedia":[{"embeddable":true,"href":"https:\/\/www.luxor.cz\/blog\/wp-json\/wp\/v2\/media\/325600"}],"wp:attachment":[{"href":"https:\/\/www.luxor.cz\/blog\/wp-json\/wp\/v2\/media?parent=325599"}],"wp:term":[{"taxonomy":"category","embeddable":true,"href":"https:\/\/www.luxor.cz\/blog\/wp-json\/wp\/v2\/categories?post=325599"},{"taxonomy":"post_tag","embeddable":true,"href":"https:\/\/www.luxor.cz\/blog\/wp-json\/wp\/v2\/tags?post=325599"}],"curies":[{"name":"wp","href":"https:\/\/api.w.org\/{rel}","templated":true}]}}