{"id":325595,"date":"2021-07-25T11:08:56","date_gmt":"2021-07-25T09:08:56","guid":{"rendered":"https:\/\/www.luxor.cz\/blog\/nezarazene\/63300-nestastny-stastlivec\/"},"modified":"2021-07-25T11:08:56","modified_gmt":"2021-07-25T09:08:56","slug":"63300-nestastny-stastlivec","status":"publish","type":"post","link":"https:\/\/www.luxor.cz\/blog\/recenze\/63300-nestastny-stastlivec\/","title":{"rendered":"Ne\u0161\u0165astn\u00fd \u0161\u0165astlivec"},"content":{"rendered":"<p>V\u0161echny tyhle v\u011bci jsou pro spoustu lid\u00ed mo\u017en\u00e1 jen pov\u00edda\u010dky, ale pro Johanna Georga Fausta ne. Tato fascinuj\u00edc\u00ed postava byla v\u00a0literatu\u0159e zpracov\u00e1v\u00e1na ji\u017e n\u011bkolikr\u00e1t, ale pod\u00e1n\u00ed Olivera P\u00f6tzsche je jin\u00e9. Je v\u00edce opravdick\u00e9 a historicky propracovan\u00e9. Nemus\u00edte se v\u0161ak b\u00e1t, proto\u017ee na sv\u00e9 si p\u0159ijdou i milovn\u00edci fikce a tajemna.<\/p>\n<p>Oliver P\u00f6tzsch v\u0161e dok\u00e1zal skv\u011ble skloubit ji\u017e v\u00a0prvn\u00edm d\u00edle o \u017eivot\u011b Fausta s\u00a0n\u00e1zvem Kejkl\u00ed\u0159 a ve druh\u00e9m, z\u00e1v\u011bre\u010dn\u00e9m, tomu nen\u00ed jinak.<\/p>\n<p>V\u00a0Mistrovi se tedy op\u011bt setk\u00e1v\u00e1me s\u00a0\u00fast\u0159edn\u00ed postavou Johanna Georga Fausta, kter\u00fd m\u00e1 ov\u0161em za sebou ji\u017e spoustu zku\u0161enost\u00ed a nemalou \u010d\u00e1st \u017eivota. Jako mlad\u00fd procestoval kus sv\u011bta a dennodenn\u011b bojoval se sv\u00fdm nelehk\u00fdm osudem a komplikovanou povahou. Nyn\u00ed se s\u00a0n\u00edm setk\u00e1v\u00e1me ve v\u011bku \u010dty\u0159iceti let, kdy m\u00e1 za sebou ztr\u00e1tu t\u00e9m\u011b\u0159 v\u0161ech sv\u00fdch milovan\u00fdch osob, ale u\u017e se s\u00a0t\u00edm nau\u010dil n\u011bjak \u017e\u00edt. Bohu\u017eel se se smrt\u00ed sv\u00fdch bl\u00edzk\u00fdch nikdy nesm\u00ed\u0159il a st\u00edny minulosti ho st\u00e1le pron\u00e1sleduj\u00ed.<\/p>\n<p>V\u017edy, kdy\u017e si Faust mysl\u00ed, \u017ee se mu poda\u0159ilo v jeho \u017eivot\u011b nastolit \u0159\u00e1d a relativn\u00ed klid, je postaven p\u0159ed nov\u00fd probl\u00e9m, kter\u00fd pramen\u00ed z jeho pohnut\u00e9ho \u017eivotn\u00edho osudu. U\u017e jeho narozen\u00ed bylo zvl\u00e1\u0161tn\u00ed a p\u0159edur\u010dilo ho k n\u011b\u010demu velik\u00e9mu. Johann ale c\u00edt\u00ed, \u017ee by napln\u011bn\u00ed jeho osudu p\u0159ineslo sv\u011btu jen zk\u00e1zu a proto se sna\u017e\u00ed p\u0159edur\u010den\u00ed uniknout. D\u00e1 se ale osud v\u016fbec zm\u011bnit?<\/p>\n<p>Toto je ot\u00e1zka, kter\u00e1 \u010dten\u00e1\u0159i vyvstane na mysli p\u0159i \u010dten\u00ed Mistra. Nen\u00ed v\u0161ak jedin\u00e1. Stejn\u011b jako v Kejkl\u00ed\u0159i je v Mistrovi obsa\u017eeno v\u0161e, co si \u010dten\u00e1\u0159 m\u016f\u017ee p\u0159\u00e1t. Radost z \u010detby budou m\u00edt jak milovn\u00edci historie, tak tajemna \u010di romantiky a dramatick\u00fdch osud\u016f. To v\u0161e je skv\u011ble propojeno a \u010dtiv\u011b pod\u00e1no. D\u00edky tomu Oliver P\u00f6tzsch dok\u00e1\u017ee zaujmout a udr\u017eet v p\u0159\u00edb\u011bhu ka\u017ed\u00e9ho, kdo se do n\u011bj pust\u00ed.<\/p>\n<p>Mistr je jednodu\u0161e skv\u011ble napsan\u00fd epick\u00fd p\u0159\u00edb\u011bh, kter\u00fd m\u00e1 v\u0161e, co si \u010dlov\u011bk od dobr\u00e9 knihy p\u0159eje a v\u011b\u0159\u00edm, \u017ee si tento velkolep\u00fd rom\u00e1n zamiluje spousta \u010dten\u00e1\u0159\u016f.<\/p>\n<p>Kristina Heklov\u00e1 (@kristi_cte)<\/p>\n<p>Autor:\u00a0Kristina Heklov\u00e1<\/p>\n","protected":false},"excerpt":{"rendered":"<p>V\u011b\u0159\u00edte na osud? A co astrologii? Mysl\u00edte, \u017ee to, kdy se narod\u00edte a v\u00a0jak\u00e9m postaven\u00ed jsou zrovna hv\u011bzdy m\u016f\u017ee p\u0159edur\u010dit to, jac\u00ed jsme a co n\u00e1s v\u00a0\u017eivot\u011b \u010dek\u00e1?<\/p>\n","protected":false},"author":2,"featured_media":325596,"comment_status":"open","ping_status":"open","sticky":false,"template":"","format":"standard","meta":{"_acf_changed":false,"_monsterinsights_skip_tracking":false,"_monsterinsights_sitenote_active":false,"_monsterinsights_sitenote_note":"","_monsterinsights_sitenote_category":0,"_EventAllDay":false,"_EventTimezone":"","_EventStartDate":"","_EventEndDate":"","_EventStartDateUTC":"","_EventEndDateUTC":"","_EventShowMap":false,"_EventShowMapLink":false,"_EventURL":"","_EventCost":"","_EventCostDescription":"","_EventCurrencySymbol":"","_EventCurrencyCode":"","_EventCurrencyPosition":"","_EventDateTimeSeparator":"","_EventTimeRangeSeparator":"","_EventOrganizerID":[],"_EventVenueID":[],"_OrganizerEmail":"","_OrganizerPhone":"","_OrganizerWebsite":"","_VenueAddress":"","_VenueCity":"","_VenueCountry":"","_VenueProvince":"","_VenueState":"","_VenueZip":"","_VenuePhone":"","_VenueURL":"","_VenueStateProvince":"","_VenueLat":"","_VenueLng":"","_VenueShowMap":false,"_VenueShowMapLink":false,"twitterCardType":"","cardImageID":0,"cardImage":"","cardTitle":"","cardDesc":"","cardImageAlt":"","cardPlayer":"","cardPlayerWidth":0,"cardPlayerHeight":0,"cardPlayerStream":"","cardPlayerCodec":"","footnotes":""},"categories":[7],"tags":[21832],"class_list":["post-325595","post","type-post","status-publish","format-standard","has-post-thumbnail","hentry","category-recenze","tag-literarni-kavarna"],"acf":{"related_products":null},"_links":{"self":[{"href":"https:\/\/www.luxor.cz\/blog\/wp-json\/wp\/v2\/posts\/325595","targetHints":{"allow":["GET"]}}],"collection":[{"href":"https:\/\/www.luxor.cz\/blog\/wp-json\/wp\/v2\/posts"}],"about":[{"href":"https:\/\/www.luxor.cz\/blog\/wp-json\/wp\/v2\/types\/post"}],"author":[{"embeddable":true,"href":"https:\/\/www.luxor.cz\/blog\/wp-json\/wp\/v2\/users\/2"}],"replies":[{"embeddable":true,"href":"https:\/\/www.luxor.cz\/blog\/wp-json\/wp\/v2\/comments?post=325595"}],"version-history":[{"count":0,"href":"https:\/\/www.luxor.cz\/blog\/wp-json\/wp\/v2\/posts\/325595\/revisions"}],"wp:featuredmedia":[{"embeddable":true,"href":"https:\/\/www.luxor.cz\/blog\/wp-json\/wp\/v2\/media\/325596"}],"wp:attachment":[{"href":"https:\/\/www.luxor.cz\/blog\/wp-json\/wp\/v2\/media?parent=325595"}],"wp:term":[{"taxonomy":"category","embeddable":true,"href":"https:\/\/www.luxor.cz\/blog\/wp-json\/wp\/v2\/categories?post=325595"},{"taxonomy":"post_tag","embeddable":true,"href":"https:\/\/www.luxor.cz\/blog\/wp-json\/wp\/v2\/tags?post=325595"}],"curies":[{"name":"wp","href":"https:\/\/api.w.org\/{rel}","templated":true}]}}