{"id":325589,"date":"2021-08-02T08:39:27","date_gmt":"2021-08-02T06:39:27","guid":{"rendered":"https:\/\/www.luxor.cz\/blog\/nezarazene\/63307-pokriveny-obraz-dokonalosti-a-krasy\/"},"modified":"2021-08-02T08:39:27","modified_gmt":"2021-08-02T06:39:27","slug":"63307-pokriveny-obraz-dokonalosti-a-krasy","status":"publish","type":"post","link":"https:\/\/www.luxor.cz\/blog\/recenze\/63307-pokriveny-obraz-dokonalosti-a-krasy\/","title":{"rendered":"Pok\u0159iven\u00fd obraz dokonalosti a kr\u00e1sy"},"content":{"rendered":"<p>Psychika pak dok\u00e1\u017ee vytvo\u0159it takovou iluzi, kter\u00e1 u \u010dlov\u011bka odstartuje \u0159\u00edzenou sebedestrukci. Podobn\u00fd osud za\u017e\u00edv\u00e1 hlavn\u00ed hrdinka knihy Chu\u0165 pr\u00e1zdna. Dosp\u00edvaj\u00edc\u00ed a nep\u0159\u00edli\u0161 sebev\u011bdom\u00e1 d\u00edvka propadne touze st\u00e1t se ide\u00e1lem, kter\u00fd denn\u011b v\u00edd\u00e1 na soci\u00e1ln\u00edch s\u00edt\u00edch. Kde kr\u00e1su a dokonalost nesm\u00ed hyzdit ani \u0161petka tuku.<\/p>\n<p>P\u0159\u00edb\u011bh za\u010d\u00edn\u00e1 naprosto idylicky. \u010ctrn\u00e1ctilet\u00e1 Anna si u\u017e\u00edv\u00e1 slavnostn\u00edho pocitu pot\u00e9, co j\u00ed rodi\u010de za\u0159\u00eddili samostatn\u00fd pokoj v dom\u011b. Je p\u0159esn\u011b podle jej\u00edch p\u0159edstav \u2013 s vlastn\u00ed postel\u00ed, policemi pln\u00fdmi knih, nezbytnou lampi\u010dkou a v\u0161udyp\u0159\u00edtomnou v\u016fn\u00ed obl\u00edben\u00e9ho \u010daje. P\u0159ipad\u00e1 si skoro dosp\u011bl\u00e1 a sv\u00e9 pocity si zapisuje do den\u00edku, v n\u011bm\u017e zb\u00fdv\u00e1 u\u017e jen posledn\u00edch p\u00e1r str\u00e1nek. V\u0161edn\u00ed dny, kter\u00e9 n\u00e1sleduj\u00ed, budou zaznamen\u00e1ny ji\u017e v den\u00edku docela nov\u00e9m. A \u010d\u00edm v\u00edc se budou plnit jeho str\u00e1nky, t\u00edm pr\u00e1zdn\u011bj\u0161\u00ed \u017ealudek bude m\u00edt Anna. Do \u017eivota se j\u00ed toti\u017e pomalu vkr\u00e1d\u00e1 anorexie. Z bezstarostn\u00e9 d\u00edvky se st\u00e1v\u00e1 vyhladov\u011bl\u00e1 troska posedl\u00e1 vlastn\u00edm t\u011blem.<\/p>\n<p><strong>Jak moc m\u016f\u017ee b\u00fdt \u010dlov\u011bk huben\u00fd, aby po\u0159\u00e1d je\u0161t\u011b byl?<\/strong><br \/>Den\u00edkov\u00e9 z\u00e1pisky se st\u0159\u00eddaj\u00ed s pas\u00e1\u017eemi, kter\u00e9 l\u00ed\u010d\u00ed Annin osud z pohledu vyprav\u011b\u010de. \u010cten\u00e1\u0159 tak dost\u00e1v\u00e1 \u0161anci porovnat, jak vn\u00edm\u00e1 situaci okol\u00ed a jak v\u0161e pro\u017e\u00edv\u00e1 sama hlavn\u00ed hrdinka. Psychick\u00fd stav jak\u00e9hokoliv jednotlivce ovliv\u0148uje jeho \u017eivot a celkov\u00e9 zdrav\u00ed. Ale co je p\u0159\u00ed\u010dinou pr\u00e1v\u011b takov\u00fdch prom\u011bn psychiky, kter\u00e9 pok\u0159iv\u00ed obraz sama sebe natolik, \u017ee \u010dlov\u011bku p\u0159ipad\u00e1 kr\u00e1sn\u00e9 to, co se jin\u00fdm o\u0161kliv\u00ed, anebo se jim hnus\u00ed v\u011bci, kter\u00e9 druz\u00ed pova\u017euj\u00ed za naprosto norm\u00e1ln\u00ed? Lid\u00e9 trp\u00edc\u00ed anorexi\u00ed v\u011bt\u0161inou vn\u00edmaj\u00ed sv\u00e9 t\u011blo jako nedokonal\u00e9 a p\u0159ipadaj\u00ed si tlust\u00ed, p\u0159esto\u017ee jsou jen \u201ekost a k\u016f\u017ee\u201c. Postoj k sob\u011b i okol\u00ed dok\u00e1\u017e\u00ed dohnat do krajnosti a jsou odhodl\u00e1ni hubnout, dokud to p\u016fjde. Jen\u017ee potom jim pr\u00e1zdno zachutn\u00e1 natolik, \u017ee u\u017e nejsou schopni rozeznat hranici d\u011bl\u00edc\u00ed jejich uboh\u00fd \u017eivot od smrti. Na takov\u00e9m koloto\u010di sed\u00ed i Anna. V\u0161imne si toho jej\u00ed okol\u00ed v\u010das?<\/p>\n<p><strong>Nechat \u0161ikanu vlastn\u00edho t\u011bla a mysli za sebou<\/strong><br \/><strong>Barbora Adamcov\u00e1<\/strong>, autorka knihy\u00a0Chu\u0165 pr\u00e1zdna, p\u0159esn\u011b popisuje d\u011bsivou anab\u00e1zi, kterou ob\u011bti touhy po dokonalosti dobrovoln\u011b podstupuj\u00ed. A\u010dkoli se obsah knihy to\u010d\u00ed kolem jednoho t\u00e9matu, nap\u00ednav\u00fd d\u011bj \u010dten\u00e1\u0159e pohlt\u00ed a donut\u00ed ho doslova fyzicky pro\u017e\u00edvat s Annou cel\u00fd proces jej\u00ed prom\u011bny. Bez vlastn\u00ed zku\u0161enosti to m\u016f\u017ee b\u00fdt neuchopiteln\u00e9 a nepochopiteln\u00e9. Ale d\u00edky velmi zda\u0159il\u00e9mu psychologick\u00e9mu rozkreslen\u00ed vztah\u016f, my\u0161lenkov\u00fdch pochod\u016f a propracovan\u00e9 gradaci p\u0159\u00edb\u011bhu vykrystalizuje po p\u0159e\u010dten\u00ed porozum\u011bn\u00ed a snad i snaha pozorn\u011bji se d\u00edvat kolem sebe. Aby podobn\u00e9 vzorce chov\u00e1n\u00ed byly co nejd\u0159\u00edve odhaleny a pomoc byla poskytnut\u00e1 v\u010das. A to byl, p\u0159edpokl\u00e1d\u00e1m, hlavn\u00ed autor\u010din z\u00e1m\u011br.<\/p>\n<p>S ohledem na ml\u00e1d\u00ed autorky mus\u00edm ocenit vyt\u0159\u00edben\u00fd styl, j\u00edm\u017e je kniha naps\u00e1na. S ranou tvorbou Barbory Adamcov\u00e9 je mo\u017en\u00e9 se potkat na str\u00e1nk\u00e1ch Kultury21. V roce 2014 se z\u00fa\u010dastnila liter\u00e1rn\u00ed sout\u011b\u017ee\u00a0V\u0161echny v\u016fn\u011b a chut\u011b sv\u011bta\u00a0a stala se jej\u00ed absolutn\u00ed v\u00edt\u011bzkou. N\u00e1sledn\u011b p\u0159isp\u00edvala jako dopisovatelka do rubriky Cestov\u00e1n\u00ed n\u011bkolika d\u00edly\u00a0Balijsk\u00e9ho den\u00edku a zpracovala p\u00e1r rozhovor\u016f s inspirativn\u00edmi osobnostmi. Nyn\u00ed studuje klasickou filosofii na Karlov\u011b univerzit\u011b a sv\u016fj talent \u00faro\u010d\u00ed jako opravdick\u00e1 spisovatelka. V\u011bnuje se tak\u00e9 psan\u00ed sc\u00e9n\u00e1\u0159\u016f a posuzov\u00e1n\u00ed anglick\u00fdch rukopis\u016f. Prvotina <strong>Chu\u0165 pr\u00e1zdna<\/strong>\u00a0tedy jist\u011b nez\u016fstane jej\u00edm posledn\u00edm po\u010dinem.<\/p>\n<p><strong>Hodnocen\u00ed: 95 %<\/strong><\/p>\n<p>Autor:\u00a0Vyb\u00edr\u00e1me z m\u00e9di\u00ed: kultura21.cz<\/p>\n","protected":false},"excerpt":{"rendered":"<p>Lidsk\u00e1 mysl je fascinuj\u00edc\u00edm n\u00e1strojem, kter\u00fd se v\u0161ak \u010dasto vymyk\u00e1 z rukou sv\u00e9ho dr\u017eitele, a\u010dkoliv se domn\u00edv\u00e1, \u017ee m\u00e1 st\u00e1le v\u0161echno pod kontrolou.<\/p>\n","protected":false},"author":2,"featured_media":325590,"comment_status":"open","ping_status":"open","sticky":false,"template":"","format":"standard","meta":{"_acf_changed":false,"_monsterinsights_skip_tracking":false,"_monsterinsights_sitenote_active":false,"_monsterinsights_sitenote_note":"","_monsterinsights_sitenote_category":0,"_EventAllDay":false,"_EventTimezone":"","_EventStartDate":"","_EventEndDate":"","_EventStartDateUTC":"","_EventEndDateUTC":"","_EventShowMap":false,"_EventShowMapLink":false,"_EventURL":"","_EventCost":"","_EventCostDescription":"","_EventCurrencySymbol":"","_EventCurrencyCode":"","_EventCurrencyPosition":"","_EventDateTimeSeparator":"","_EventTimeRangeSeparator":"","_EventOrganizerID":[],"_EventVenueID":[],"_OrganizerEmail":"","_OrganizerPhone":"","_OrganizerWebsite":"","_VenueAddress":"","_VenueCity":"","_VenueCountry":"","_VenueProvince":"","_VenueState":"","_VenueZip":"","_VenuePhone":"","_VenueURL":"","_VenueStateProvince":"","_VenueLat":"","_VenueLng":"","_VenueShowMap":false,"_VenueShowMapLink":false,"twitterCardType":"","cardImageID":0,"cardImage":"","cardTitle":"","cardDesc":"","cardImageAlt":"","cardPlayer":"","cardPlayerWidth":0,"cardPlayerHeight":0,"cardPlayerStream":"","cardPlayerCodec":"","footnotes":""},"categories":[7],"tags":[21832],"class_list":["post-325589","post","type-post","status-publish","format-standard","has-post-thumbnail","hentry","category-recenze","tag-literarni-kavarna"],"acf":{"related_products":null},"_links":{"self":[{"href":"https:\/\/www.luxor.cz\/blog\/wp-json\/wp\/v2\/posts\/325589","targetHints":{"allow":["GET"]}}],"collection":[{"href":"https:\/\/www.luxor.cz\/blog\/wp-json\/wp\/v2\/posts"}],"about":[{"href":"https:\/\/www.luxor.cz\/blog\/wp-json\/wp\/v2\/types\/post"}],"author":[{"embeddable":true,"href":"https:\/\/www.luxor.cz\/blog\/wp-json\/wp\/v2\/users\/2"}],"replies":[{"embeddable":true,"href":"https:\/\/www.luxor.cz\/blog\/wp-json\/wp\/v2\/comments?post=325589"}],"version-history":[{"count":0,"href":"https:\/\/www.luxor.cz\/blog\/wp-json\/wp\/v2\/posts\/325589\/revisions"}],"wp:featuredmedia":[{"embeddable":true,"href":"https:\/\/www.luxor.cz\/blog\/wp-json\/wp\/v2\/media\/325590"}],"wp:attachment":[{"href":"https:\/\/www.luxor.cz\/blog\/wp-json\/wp\/v2\/media?parent=325589"}],"wp:term":[{"taxonomy":"category","embeddable":true,"href":"https:\/\/www.luxor.cz\/blog\/wp-json\/wp\/v2\/categories?post=325589"},{"taxonomy":"post_tag","embeddable":true,"href":"https:\/\/www.luxor.cz\/blog\/wp-json\/wp\/v2\/tags?post=325589"}],"curies":[{"name":"wp","href":"https:\/\/api.w.org\/{rel}","templated":true}]}}