{"id":325583,"date":"2021-08-11T10:18:44","date_gmt":"2021-08-11T08:18:44","guid":{"rendered":"https:\/\/www.luxor.cz\/blog\/nezarazene\/63311-o-vzpominkach-byvalych-spoluzaku-z-gymplu\/"},"modified":"2021-08-11T10:18:44","modified_gmt":"2021-08-11T08:18:44","slug":"63311-o-vzpominkach-byvalych-spoluzaku-z-gymplu","status":"publish","type":"post","link":"https:\/\/www.luxor.cz\/blog\/recenze\/63311-o-vzpominkach-byvalych-spoluzaku-z-gymplu\/","title":{"rendered":"O vzpom\u00ednk\u00e1ch b\u00fdval\u00fdch spolu\u017e\u00e1k\u016f z gymplu"},"content":{"rendered":"<p>V\u00a0roce 2004 vydan\u00e1 Vyb\u00edjen\u00e1 se letos do\u010dkala sv\u00e9ho t\u0159et\u00edho vyd\u00e1n\u00ed. Nen\u00ed se \u010demu divit. Pat\u0159\u00ed toti\u017e mezi jednu z\u00a0nejzda\u0159ilej\u0161\u00edch knih Michala Viewegha, jednoho z\u00a0na\u0161ich nej\u010dten\u011bj\u0161\u00edch autor\u016f. Pokud jste Vyb\u00edjenou je\u0161t\u011b ne\u010detli, v\u011b\u0159\u00edm, \u017ee u\u017e jenom tyhle informace v\u00e1s snadno nal\u00e1kaj\u00ed k\u00a0tomu, abyste si ji brzy zapsali na seznam p\u0159e\u010dten\u00fdch titul\u016f. A v\u011b\u0159te, \u017ee ten hlavn\u00ed d\u016fvod, pro\u010d si Vyb\u00edjenou p\u0159e\u010d\u00edst, na v\u00e1s teprve \u010dek\u00e1. Ur\u010dit\u011b v\u0161e sami pochop\u00edte hned, jakmile se za\u010dtete do prvn\u00edch \u0159\u00e1dk\u016f.<\/p>\n<p><strong>Vesel\u00e9 vzpom\u00ednky a smutn\u00e9 konce<\/strong><\/p>\n<p>Vyb\u00edjen\u00e1 vypr\u00e1v\u00ed <strong>o osudech n\u011bkolika b\u00fdval\u00fdch spolu\u017e\u00e1k\u016f z\u00a0gymn\u00e1zia, o jejich nesn\u00e1z\u00edch z\u00a0ml\u00e1d\u00ed, o jejich snech, kter\u00e9 snili je\u0161t\u011b p\u0159ed maturitou, o l\u00e1sk\u00e1ch, nad\u011bj\u00edch i o tom, koho si nakonec vzali, v\u00a0kom se zklamali, co v\u00a0\u017eivot\u011b prohr\u00e1li a co pova\u017euj\u00ed za sv\u00e9 nejv\u011bt\u0161\u00ed trag\u00e9die<\/strong>. Vyb\u00edjen\u00e1 se od ostatn\u00edch knih Michala Viewegha li\u0161\u00ed asi p\u0159edev\u0161\u00edm v\u00a0postav\u00e1ch, kter\u00e9 tolik neh\u00fd\u0159\u00ed svou prostoduchost\u00ed, ale jsou tak n\u011bjak opravdov\u011bj\u0161\u00ed. \u0158ekla bych, \u017ee se v\u00a0nich \u010dten\u00e1\u0159 mnohem sn\u00e1z najde a l\u00e9pe se s\u00a0nimi ztoto\u017en\u00ed. Krom\u011b toho v\u00a0cel\u00e9m p\u0159\u00edb\u011bhu najdete pom\u011brn\u011b dost psychologick\u00fdch pas\u00e1\u017e\u00ed k\u00a0zamy\u0161len\u00ed. Celkov\u011b m\u00e1 p\u0159\u00edb\u011bh spolu\u017e\u00e1k\u016f n\u00e1dech melancholicky lad\u011bn\u00e9 grotesky, jak u\u017e jsme ostatn\u011b zvykl\u00ed z\u00a0jin\u00fdch knih autora.<\/p>\n<p><strong><em>\u201eN\u011bkdo vyhraje v mysliveck\u00fd tombole celou srnku, a druhej jenom sklenici kompotu z je\u0159abin. To je holt \u017eivot a bylo by sm\u011b\u0161n\u00fd se nad t\u00edm roz\u010dilovat.\u201c<\/em><\/strong><\/p>\n<p>V\u0161ichni spolu\u017e\u00e1ci chodili spole\u010dn\u011b je\u0161t\u011b na st\u0159edn\u00ed \u0161kole do sportovn\u00edch her, jejich\u017e pravidelnou sou\u010d\u00e1st\u00ed byla vyb\u00edjen\u00e1. Osudy ka\u017ed\u00e9ho z\u00a0nich jsou r\u016fzn\u00e9, \u0161\u0165astn\u00e9 i smutn\u00e9, v\u016fbec ne neskute\u010dn\u00e9 a rozhodn\u011b snadno uv\u011b\u0159iteln\u00e9, proto\u017ee ka\u017ed\u00fd z\u00a0n\u00e1s zn\u00e1 n\u011bkoho, komu se stalo n\u011bco podobn\u00e9ho. Anebo se to stalo p\u0159\u00edmo v\u00e1m. V\u017edy\u0165 krize st\u0159edn\u00edho v\u011bku nen\u00ed nezn\u00e1m\u00fd pojem. A kdo by na prahu \u010dty\u0159ic\u00edtky aspo\u0148 ob\u010das nebilancoval, a kdo nikdy nikomu nevypr\u00e1v\u011bl humorn\u00e9 historky ze st\u0159edn\u00ed?<\/p>\n<p>V\u011b\u0159\u00edm, \u017ee <strong>ka\u017ed\u00fd z\u00a0v\u00e1s si v\u00a0p\u0159\u00edb\u011bhu najde postavu, kter\u00e1 mu bude n\u011b\u010d\u00edm bl\u00edzk\u00e1<\/strong>. Tak t\u0159eba <strong><em>Eva<\/em><\/strong> &#8211; kr\u00e1sn\u00e1 a citliv\u00e1 nejhez\u010d\u00ed holka ze t\u0159\u00eddy, nebo <strong><em>Tom<\/em><\/strong>, rozveden\u00fd u\u010ditel, kter\u00fd je do n\u00ed beznad\u011bjn\u011b zamilovan\u00fd. Eva si ale za man\u017eela vybrala <strong><em>Jeffa<\/em><\/strong>, hezouna sportovn\u00edch proporc\u00ed. A pak je tu <strong><em>Skippy<\/em><\/strong>, zn\u00e1m\u00fd t\u0159\u00eddn\u00ed recesista, homosexu\u00e1l, kter\u00fd nikdy nebyl schopn\u00fd nav\u00e1zat vztah a nyn\u00ed pracuje jako gynekolog. Nebo <strong><em>Hujerov\u00e1<\/em><\/strong>, co\u017e je p\u0159ezd\u00edvka pro t\u0159\u00eddn\u00ed o\u0161klivku, holku se spoustou mindr\u00e1k\u016f a bez \u0161petky sebev\u011bdom\u00ed, t\u0159\u00eddn\u00ed \u0161prtka, kter\u00e1 se te\u010f \u017eiv\u00ed jako n\u00e1vrh\u00e1\u0159ka interi\u00e9r\u016f. <strong><em>V\u011btev<\/em><\/strong> (Irena V\u011btvi\u010dkov\u00e1) byla jej\u00ed kamar\u00e1dkou a z\u00e1rove\u0148 nejo\u0161kliv\u011bj\u0161\u00ed holkou z\u00a0cel\u00e9 t\u0159\u00eddy. A zapomenout nesm\u00edme ani na <strong><em>Kl\u00e1ru<\/em><\/strong>, naivn\u00ed, mladou kr\u00e1sku, co snadno podl\u00e9h\u00e1 konzumu. V\u00a0p\u0159\u00edb\u011bhu vystupuje taky u\u010ditel <strong><em>Varteck\u00fd<\/em><\/strong>, kter\u00fd je o dvacet let star\u0161\u00ed ne\u017e v\u0161ichni ostatn\u00ed a p\u0159esto v\u00a0n\u011bm jeho b\u00fdval\u00ed \u017e\u00e1ci vid\u00ed jak\u00fdsi vzor a idol.<\/p>\n<p>Vyb\u00edjen\u00e1 je hodn\u011b p\u0159\u00edjemn\u00e1 oddechovka, ide\u00e1ln\u00ed (nejenom) na l\u00e9to. P\u0159esto, \u017ee jsem od Michala Viewegha ne\u010detla \u00fapln\u011b v\u0161echno, z\u00a0toho, co zn\u00e1m, se mn\u011b pr\u00e1v\u011b Vyb\u00edjen\u00e1 l\u00edbila nejv\u00edc. D\u016fvodem je pr\u00e1v\u011b ona <strong>realisti\u010dnost a velk\u00e1 plej\u00e1da postav a charakter\u016f<\/strong>. Pak taky nostalgie vzpom\u00ednek a melancholie p\u0159ib\u00fdvaj\u00edc\u00edch let. Navzdory tomu, \u017ee z\u00e1v\u011br vyzn\u00edv\u00e1 sp\u00ed\u0161 smutn\u011b, sama jsem si v\u00a0n\u011bm na\u0161la opak: ka\u017ed\u00e1 \u017eivotn\u00ed etapa toti\u017e m\u00e1 n\u011bco do sebe, a i kdy\u017e nejv\u011bt\u0161\u00ed mno\u017estv\u00ed vyplaven\u00fdch endorfin\u016f se asi u ka\u017ed\u00e9ho z\u00a0n\u00e1s shoduje s\u00a0l\u00e9ty, kter\u00e9 tr\u00e1vil na st\u0159edn\u00ed \u0161kole, v\u011b\u0159\u00edm, \u017ee \u010dlov\u011bk m\u016f\u017ee b\u00fdt stejn\u011b \u0161\u0165astn\u00fd v\u00a0jak\u00e9mkoli v\u011bku.<\/p>\n<p>\u00a0<\/p>\n<p>Autorka recenze: Andrea Simoglu<\/p>\n<p>Autor:\u00a0Andrea Simoglu<\/p>\n","protected":false},"excerpt":{"rendered":"<p>T\u0159et\u00ed vyd\u00e1n\u00ed knihy Vyb\u00edjen\u00e1, jej\u00edm\u017e autorem je Michal Viewegh, v\u00e1m mo\u017en\u00e1 p\u0159ipomene v\u00e1\u0161 vlastn\u00ed \u017eivot: vzpom\u00ednky na st\u0159edo\u0161kolsk\u00e1 l\u00e9ta, nostalgii i smutek, kter\u00fd se prop\u00edj\u00ed do existence n\u00e1s v\u0161ech \u00fam\u011brn\u011b s\u00a0p\u0159ib\u00fdvaj\u00edc\u00edmi roky.<\/p>\n","protected":false},"author":2,"featured_media":325584,"comment_status":"open","ping_status":"open","sticky":false,"template":"","format":"standard","meta":{"_acf_changed":false,"_monsterinsights_skip_tracking":false,"_monsterinsights_sitenote_active":false,"_monsterinsights_sitenote_note":"","_monsterinsights_sitenote_category":0,"_EventAllDay":false,"_EventTimezone":"","_EventStartDate":"","_EventEndDate":"","_EventStartDateUTC":"","_EventEndDateUTC":"","_EventShowMap":false,"_EventShowMapLink":false,"_EventURL":"","_EventCost":"","_EventCostDescription":"","_EventCurrencySymbol":"","_EventCurrencyCode":"","_EventCurrencyPosition":"","_EventDateTimeSeparator":"","_EventTimeRangeSeparator":"","_EventOrganizerID":[],"_EventVenueID":[],"_OrganizerEmail":"","_OrganizerPhone":"","_OrganizerWebsite":"","_VenueAddress":"","_VenueCity":"","_VenueCountry":"","_VenueProvince":"","_VenueState":"","_VenueZip":"","_VenuePhone":"","_VenueURL":"","_VenueStateProvince":"","_VenueLat":"","_VenueLng":"","_VenueShowMap":false,"_VenueShowMapLink":false,"twitterCardType":"","cardImageID":0,"cardImage":"","cardTitle":"","cardDesc":"","cardImageAlt":"","cardPlayer":"","cardPlayerWidth":0,"cardPlayerHeight":0,"cardPlayerStream":"","cardPlayerCodec":"","footnotes":""},"categories":[7],"tags":[21832],"class_list":["post-325583","post","type-post","status-publish","format-standard","has-post-thumbnail","hentry","category-recenze","tag-literarni-kavarna"],"acf":{"related_products":null},"_links":{"self":[{"href":"https:\/\/www.luxor.cz\/blog\/wp-json\/wp\/v2\/posts\/325583","targetHints":{"allow":["GET"]}}],"collection":[{"href":"https:\/\/www.luxor.cz\/blog\/wp-json\/wp\/v2\/posts"}],"about":[{"href":"https:\/\/www.luxor.cz\/blog\/wp-json\/wp\/v2\/types\/post"}],"author":[{"embeddable":true,"href":"https:\/\/www.luxor.cz\/blog\/wp-json\/wp\/v2\/users\/2"}],"replies":[{"embeddable":true,"href":"https:\/\/www.luxor.cz\/blog\/wp-json\/wp\/v2\/comments?post=325583"}],"version-history":[{"count":0,"href":"https:\/\/www.luxor.cz\/blog\/wp-json\/wp\/v2\/posts\/325583\/revisions"}],"wp:featuredmedia":[{"embeddable":true,"href":"https:\/\/www.luxor.cz\/blog\/wp-json\/wp\/v2\/media\/325584"}],"wp:attachment":[{"href":"https:\/\/www.luxor.cz\/blog\/wp-json\/wp\/v2\/media?parent=325583"}],"wp:term":[{"taxonomy":"category","embeddable":true,"href":"https:\/\/www.luxor.cz\/blog\/wp-json\/wp\/v2\/categories?post=325583"},{"taxonomy":"post_tag","embeddable":true,"href":"https:\/\/www.luxor.cz\/blog\/wp-json\/wp\/v2\/tags?post=325583"}],"curies":[{"name":"wp","href":"https:\/\/api.w.org\/{rel}","templated":true}]}}