{"id":325581,"date":"2021-08-14T10:23:29","date_gmt":"2021-08-14T08:23:29","guid":{"rendered":"https:\/\/www.luxor.cz\/blog\/nezarazene\/63312-leto-v-provence-romanticka-novinka-od-lucy-colemanove\/"},"modified":"2021-08-14T10:23:29","modified_gmt":"2021-08-14T08:23:29","slug":"63312-leto-v-provence-romanticka-novinka-od-lucy-colemanove","status":"publish","type":"post","link":"https:\/\/www.luxor.cz\/blog\/recenze\/63312-leto-v-provence-romanticka-novinka-od-lucy-colemanove\/","title":{"rendered":"L\u00e9to v Provence \u2013 romantick\u00e1 novinka od Lucy Colemanov\u00e9"},"content":{"rendered":"<h2>O \u010dem p\u0159\u00edb\u011bh je<\/h2>\n<p>Nebude \u017e\u00e1dn\u00fdm p\u0159ekvapen\u00edm, \u017ee d\u011bj kn\u00ed\u017eky\u00a0<a href=\"https:\/\/www.knizniklub.cz\/knihy\/491870-leto-v-provence.html\" target=\"_blank\" rel=\"noopener\">L\u00e9to v Provence<\/a>\u00a0n\u00e1s zanese do kr\u00e1sn\u00e9 Francie, do m\u00edst levandulov\u00fdch pol\u00ed a pohodov\u00e9 atmosf\u00e9ry. Nep\u016fjde v\u0161ak jen o l\u00e9to, ale o cel\u00fd rok, kter\u00fd budeme str\u00e1nku za str\u00e1nkou sledovat hlavn\u00ed hrdinku Fern, jak si porad\u00ed s ne\u010dekanou zm\u011bnou sv\u00e9ho \u017eivota.<\/p>\n<p>Fern je mlad\u00e1 \u017eena, vdan\u00e1 za mu\u017ee jm\u00e9nem Aiden. Jejich vztah je v posledn\u00ed dob\u011b nelehk\u00fd, Aidena n\u011bco tr\u00e1p\u00ed, a kdy\u017e maj\u00ed kone\u010dn\u011b p\u0159\u00edle\u017eitost si promluvit, dojdou k z\u00e1v\u011bru, \u017ee by jim prosp\u011blo, aby se ka\u017ed\u00fd z nich jeden rok v\u011bnoval jen s\u00e1m sob\u011b a sv\u00fdm z\u00e1jm\u016fm. Vlastn\u011b je to p\u0159edev\u0161\u00edm n\u00e1pad Aidena a Fern jeho rozhodnut\u00ed sp\u00ed\u0161 trp\u00ed. Sv\u016fj rok \u201cpodle sebe\u201d si mohou dovolit, proto\u017ee ned\u00e1vno vyhr\u00e1li v loterii. Zat\u00edmco Aidena l\u00e1k\u00e1 cestov\u00e1n\u00ed a dobrodru\u017estv\u00ed, Fern se rozhodne prozkoumat svoji um\u011bleckou str\u00e1nku. Ale vydr\u017e\u00ed rok od sebe? A jak je jejich odli\u0161n\u00e9 z\u00e1\u017eitky a nov\u011b nabyt\u00e9 zku\u0161enosti pozm\u011bn\u00ed?<\/p>\n<h2>M\u016fj dojem<\/h2>\n<p>U\u017e jen n\u00e1zev \u2013 L\u00e9to v Provence \u2013 m\u011b nadchl. Ze samotn\u00e9 ob\u00e1lky toti\u017e s\u00e1l\u00e1 p\u0159\u00edjemn\u00e1 atmosf\u00e9ra a tu pro letn\u00ed \u010dten\u00ed vyhled\u00e1v\u00e1m. Nediv\u00edm se, \u017ee p\u016fvaby Provence inspirovaly nejednoho autora. Snad budu m\u00edt tolik \u0161t\u011bst\u00ed, \u017ee i j\u00e1 se tam jednoho dne pod\u00edv\u00e1m.<\/p>\n<p>Fern podle v\u0161eho sv\u00e9ho mu\u017ee miluje a chce mu vyhov\u011bt. Chce, aby si Aiden mohl splnit sv\u00e9 sny a byl v jejich man\u017eelstv\u00ed spokojen\u00fd. Osobn\u00ed probl\u00e9my Fern znemo\u017e\u0148uj\u00ed del\u0161\u00ed cestov\u00e1n\u00ed a ji to stejn\u011b ani nijak zvl\u00e1\u0161\u0165 nel\u00e1k\u00e1. Hned zkraje je mi jej\u00ed mu\u017e tak trochu nesympatick\u00fd, proto\u017ee pro labiln\u00ed typy nem\u00e1m dost pochopen\u00ed. Ale Fern se opravdu sna\u017e\u00ed, aby jejich man\u017eelstv\u00ed fungovalo, a tak Aidenovi ustoup\u00ed. Nakonec se uk\u00e1\u017ee, \u017ee to byl spr\u00e1vn\u00fd krok, proto\u017ee se b\u011bhem roku, kdy jsou v\u00edcem\u00e9n\u011b odlou\u010deni, Fern kone\u010dn\u011b soust\u0159ed\u00ed tak\u00e9 sama na sebe. Tahle kniha je p\u0159edev\u0161\u00edm p\u0159\u00edb\u011bhem o sebeobjevov\u00e1n\u00ed, o l\u00e1sce v r\u016fzn\u00fdch podob\u00e1ch, o tom, \u017ee se n\u011bkdy \u010dlov\u011bk mus\u00ed zastavit a p\u0159ipomenout si, co m\u00e1 r\u00e1d a co ho \u010din\u00ed \u0161\u0165astn\u00fdm. A \u017ee to nejsou v\u017edycky jen pen\u00edze a pr\u00e1ce, ale tak\u00e9 n\u011bco tak opom\u00edjen\u00e9ho, jako jsou kon\u00ed\u010dky.<\/p>\n<p>Fern se rozhodne za\u010d\u00edt malovat. P\u0159ijede na z\u00e1me\u010dek v Provence a za\u010dne se u\u010dit u schopn\u00e9ho mal\u00ed\u0159e Nica, kter\u00fd je velmi zodpov\u011bdn\u00fd, v\u00e1\u0161niv\u00fd, ale tak\u00e9 zraniteln\u00fd mu\u017e, je\u017e si v sob\u011b nese \u0161patn\u00e9 zku\u0161enosti z d\u011btstv\u00ed, bolest a strach z rodinn\u00e9ho proklet\u00ed. Spole\u010dn\u011b s Fern maluj\u00ed, pozn\u00e1vaj\u00ed jeden druh\u00e9ho a pom\u00e1haj\u00ed v\u00e9st z\u00e1me\u010dek, kde se u\u010d\u00ed r\u016fzn\u00fdm dovednostem i \u0159ada dal\u0161\u00edch lid\u00ed. I ti zde hledaj\u00ed zp\u016fsob, jak uniknout ze sv\u00fdch uhon\u011bn\u00fdch a psychicky ob\u010das n\u00e1ro\u010dn\u00fdch \u017eivot\u016f.<\/p>\n<p>Styl psan\u00ed je kr\u00e1sn\u011b \u010dtiv\u00fd, autorka doslova maluje slovy a \u010dasto p\u00ed\u0161e o pocitech (na m\u016fj vkus ob\u010das a\u017e zdlouhav\u011b). Je to ale perfektn\u00ed \u010dten\u00ed pro citliv\u00e9 du\u0161e. M\u00edsty m\u011b autorka p\u0159im\u011bla k zamy\u0161len\u00ed. T\u0159eba kdy\u017e jedna z n\u00e1v\u0161t\u011bvnic z\u00e1me\u010dku, Kellie vol\u00e1 sv\u00fdm rodi\u010d\u016fm, \u017ee si chce pobyt prodlou\u017eit, a rodi\u010de to zam\u00edtnou s t\u00edm, \u017ee maj\u00ed obavu, \u017ee je tam sou\u010d\u00e1st\u00ed sekty. Fern je hovoru p\u0159\u00edtomna a za\u010dne Kellie h\u00e1jit a zakon\u010d\u00ed to t\u00edm, \u017ee je Kellie plnolet\u00e1 a m\u016f\u017ee si d\u011blat co chce. B\u00fdt na m\u00edst\u011b t\u011bch rodi\u010d\u016f, tak m\u011b to rozp\u00e1l\u00ed do b\u011bla. Dal\u0161\u00ed zamy\u0161len\u00ed vedlo k m\u00e9mu vlastn\u00edmu man\u017eelstv\u00ed a vd\u011b\u010dnosti, kterou c\u00edt\u00edm proto, \u017ee m\u016fj mu\u017e nen\u00ed Aidenovi podobn\u00fd ani zbla. Mysl\u00edm, \u017ee i v\u00e1m kniha poskytne p\u0159\u00edle\u017eitosti k zamy\u0161len\u00ed, nap\u0159\u00edklad nad t\u00edm, jestli doopravdy d\u011bl\u00e1te to, co v\u00e1s bav\u00ed a co m\u00e1te r\u00e1di.<\/p>\n<p>Zp\u016fsob zakon\u010den\u00ed knihy mi p\u0159i\u0161el skv\u011bl\u00fd a origin\u00e1ln\u00ed. Autorka nech\u00e1v\u00e1 p\u00e1r str\u00e1nek tomu, aby napsala, jak ka\u017ed\u00e1 postava pokra\u010dovala ve sv\u00e9m \u017eivot\u011b po skon\u010den\u00ed hlavn\u00edho p\u0159\u00edb\u011bhu knihy.<\/p>\n<p>\u00a0<\/p>\n<p>Barbora Cirklov\u00e1<\/p>\n<p>Autor:\u00a0Barbora Cirklov\u00e1<\/p>\n","protected":false},"excerpt":{"rendered":"<p>V rukou t\u0159\u00edm\u00e1m nov\u00fd rom\u00e1n od spisovatelky Lucy Colemanov\u00e9 L\u00e9to v Provence a p\u0159em\u00edt\u00e1m, jak shrnu sv\u016fj dojem do jednoho rozumn\u011b dlouh\u00e9ho \u010dl\u00e1nku. Jdu to zkusit.\u00a0<\/p>\n","protected":false},"author":2,"featured_media":325582,"comment_status":"open","ping_status":"open","sticky":false,"template":"","format":"standard","meta":{"_acf_changed":false,"_monsterinsights_skip_tracking":false,"_monsterinsights_sitenote_active":false,"_monsterinsights_sitenote_note":"","_monsterinsights_sitenote_category":0,"_EventAllDay":false,"_EventTimezone":"","_EventStartDate":"","_EventEndDate":"","_EventStartDateUTC":"","_EventEndDateUTC":"","_EventShowMap":false,"_EventShowMapLink":false,"_EventURL":"","_EventCost":"","_EventCostDescription":"","_EventCurrencySymbol":"","_EventCurrencyCode":"","_EventCurrencyPosition":"","_EventDateTimeSeparator":"","_EventTimeRangeSeparator":"","_EventOrganizerID":[],"_EventVenueID":[],"_OrganizerEmail":"","_OrganizerPhone":"","_OrganizerWebsite":"","_VenueAddress":"","_VenueCity":"","_VenueCountry":"","_VenueProvince":"","_VenueState":"","_VenueZip":"","_VenuePhone":"","_VenueURL":"","_VenueStateProvince":"","_VenueLat":"","_VenueLng":"","_VenueShowMap":false,"_VenueShowMapLink":false,"twitterCardType":"","cardImageID":0,"cardImage":"","cardTitle":"","cardDesc":"","cardImageAlt":"","cardPlayer":"","cardPlayerWidth":0,"cardPlayerHeight":0,"cardPlayerStream":"","cardPlayerCodec":"","footnotes":""},"categories":[7],"tags":[21832],"class_list":["post-325581","post","type-post","status-publish","format-standard","has-post-thumbnail","hentry","category-recenze","tag-literarni-kavarna"],"acf":{"related_products":null},"_links":{"self":[{"href":"https:\/\/www.luxor.cz\/blog\/wp-json\/wp\/v2\/posts\/325581","targetHints":{"allow":["GET"]}}],"collection":[{"href":"https:\/\/www.luxor.cz\/blog\/wp-json\/wp\/v2\/posts"}],"about":[{"href":"https:\/\/www.luxor.cz\/blog\/wp-json\/wp\/v2\/types\/post"}],"author":[{"embeddable":true,"href":"https:\/\/www.luxor.cz\/blog\/wp-json\/wp\/v2\/users\/2"}],"replies":[{"embeddable":true,"href":"https:\/\/www.luxor.cz\/blog\/wp-json\/wp\/v2\/comments?post=325581"}],"version-history":[{"count":0,"href":"https:\/\/www.luxor.cz\/blog\/wp-json\/wp\/v2\/posts\/325581\/revisions"}],"wp:featuredmedia":[{"embeddable":true,"href":"https:\/\/www.luxor.cz\/blog\/wp-json\/wp\/v2\/media\/325582"}],"wp:attachment":[{"href":"https:\/\/www.luxor.cz\/blog\/wp-json\/wp\/v2\/media?parent=325581"}],"wp:term":[{"taxonomy":"category","embeddable":true,"href":"https:\/\/www.luxor.cz\/blog\/wp-json\/wp\/v2\/categories?post=325581"},{"taxonomy":"post_tag","embeddable":true,"href":"https:\/\/www.luxor.cz\/blog\/wp-json\/wp\/v2\/tags?post=325581"}],"curies":[{"name":"wp","href":"https:\/\/api.w.org\/{rel}","templated":true}]}}