{"id":325567,"date":"2021-09-20T10:42:08","date_gmt":"2021-09-20T08:42:08","guid":{"rendered":"https:\/\/www.luxor.cz\/blog\/nezarazene\/63324-nekdy-se-vi-co-buh-chysta\/"},"modified":"2021-09-20T10:42:08","modified_gmt":"2021-09-20T08:42:08","slug":"63324-nekdy-se-vi-co-buh-chysta","status":"publish","type":"post","link":"https:\/\/www.luxor.cz\/blog\/recenze\/63324-nekdy-se-vi-co-buh-chysta\/","title":{"rendered":"N\u011bkdy se v\u00ed, co b\u016fh chyst\u00e1"},"content":{"rendered":"<p>M\u00e1 cesta za \u0161t\u011bst\u00edm je unik\u00e1tn\u00ed autobiografick\u00e1 kniha, kterou napsal s\u00e1m Mistr. Hudebn\u00ed ikona \u010desk\u00e9 ale i sv\u011btov\u00e9 popmusic to nem\u011bl od d\u011btstv\u00ed snadn\u00e9. Narodil se za Druh\u00e9 sv\u011btov\u00e9 v\u00e1lky a jako d\u00edt\u011b p\u0159i bombardov\u00e1n\u00ed domu jeho rodi\u010d\u016f byl na cel\u00e9 dva dny uv\u011bzn\u011bn pod troskami. Na\u0161t\u011bst\u00ed se ho poda\u0159ilo zachr\u00e1nit.<\/p>\n<p>Karel o sv\u00e9 biografii uva\u017eoval \u0159adu let, ale opravdov\u00fdm inici\u00e1torem se stal krut\u00fd verdikt v roce 2015, kdy mu diagnostikovali nel\u00e9\u010ditelnou nemoc. Toho roku se Karel za\u0159ekl, \u017ee svou biografii zkr\u00e1tka dokon\u010d\u00ed. M\u00e1 cesta za \u0161t\u011bst\u00edm je dojemnou biografi\u00ed, p\u0159i jej\u00edm\u017e \u010dten\u00ed m\u00e1te pocit, \u017ee sly\u0161\u00edte samotn\u00e9ho Karla, jak v\u00e1m sv\u016fj \u017eivot vypr\u00e1v\u00ed. Stylizace textu nen\u00ed \u017e\u00e1dn\u00fd odborn\u00fd text, n\u00fdbr\u017e se jedn\u00e1 o zcela p\u0159irozenou \u010de\u0161tinu bez odborn\u00fdch term\u00edn\u016f v tak\u0159ka beletristick\u00e9m pojet\u00ed. Zkr\u00e1tka tak, aby se lidem kter\u00e9hokoliv v\u011bku dob\u0159e \u010detla. P\u0159i \u010dten\u00ed jsem m\u011bla n\u011bkolikr\u00e1t slzy na kraj\u00ed\u010dku. \u010c\u00edm v\u00edce stran obr\u00e1t\u00edte, t\u00edm v\u00edce budete Karla zn\u00e1t.\u00a0<\/p>\n<p>Karel to nem\u011bl lehk\u00e9 a jeho cesta za \u0161t\u011bst\u00edm nebyla zdaleka snadn\u00e1 a p\u0159\u00edmo\u010dar\u00e1. O tom dob\u0159e sv\u011bd\u010d\u00ed i rozsah biografie, kter\u00e1 \u010d\u00edt\u00e1 na 700 stran. A\u010dkoliv je v knize kolem 1\u00a0800 fotografi\u00ed, tak se nemus\u00edte b\u00e1t toho, \u017ee by bylo textu n\u011bjak pom\u00e1lu. Karel se krom\u011b rodinn\u00fdch a nikdy nezve\u0159ejn\u011bn\u00fdch fotografi\u00ed pod\u011blil i o sv\u00e9 vysv\u011bd\u010den\u00ed, nebo r\u016fzn\u00e9 dokumenty.\u00a0<\/p>\n<p>Mistr m\u011bl um\u011bleck\u00e9ho ducha, co\u017e nebylo po chuti jeho tat\u00ednkovi, kter\u00fd z n\u011bj cht\u011bl m\u00edt pracanta ve fabrice. Karel ale nebyl p\u0159\u00edli\u0161 studijn\u00ed typ, ve \u0161kole st\u011b\u017e\u00ed proch\u00e1zel. Daleko rad\u011bji tr\u00e1vil \u010das v um\u011bleck\u00fdch knih\u00e1ch a se \u0161t\u011btcem v\u00a0ruce ne\u017e nad u\u010debnicemi. Jeho v\u00e1\u0161e\u0148 ho p\u0159ivedla i ke p\u0159ij\u00edmac\u00edm zkou\u0161k\u00e1m na um\u011bleckou \u0161kolu, ale bohu\u017eel jeho &#8222;starou botu&#8220; nikdo neocenil. Zdrcen\u00fd Karel se tedy vydal do fabriky, kde se ale tr\u00e1pil. Kdy\u017e poprv\u00e9 okusil, jak\u00e9 to je b\u00fdt publikem pochv\u00e1len, za\u010dal si v\u00edce v\u011b\u0159it a sv\u00e9mu zp\u00edv\u00e1n\u00ed se za\u010dal v\u00edce v\u011bnovat.<\/p>\n<p>Na podiu se dostavil \u00fasp\u011bch, ale to je teprve za\u010d\u00e1tek v\u0161eho. Karel po noc\u00edch vystupoval v klubech, p\u0159es den pracoval ve fabrice a k tomu se p\u0159ihl\u00e1sil na konzervato\u0159. \u017de v\u0161echno ne\u0161lo skloubit bylo jasn\u00e9. V t\u00e9 dob\u011b nikdo nesm\u011bl studovat konzervato\u0159, a p\u0159itom n\u011bkde vystupovat, ale Karel byl rebel. Na konzervato\u0159i se dozv\u011bd\u011bl, \u017ee m\u00e1 dobr\u00fd hlas, ale jeho dechov\u00e9 schopnosti jsou velice \u0161patn\u00e9. Karel se tak musel v\u011bnovat dechov\u00fdm cvi\u010den\u00edm a nau\u010dit se pracovat s\u00e1m na sob\u011b.\u00a0Profeso\u0159i se pak v\u011bnovali p\u0159edev\u0161\u00edm jeho hlasu, p\u0159i\u010dem\u017e nejv\u00edce vzpom\u00ednal na Konstantina Karenina.<\/p>\n<p>Kniha je rozd\u011blena na 96 kr\u00e1tk\u00fdch kapitol. V nich se objevuj\u00ed tak\u00e9 oran\u017eov\u00e1 ok\u00e9nka, ve kter\u00fdch Karel \u010dten\u00e1\u0159i objas\u0148uje r\u016fzn\u00e9 souvislosti nebo pojmy.\u00a0V\u00a0knize nechyb\u00ed ani osobn\u00ed p\u0159izn\u00e1n\u00ed nad milostn\u00fdmi peripetiemi. Gott miloval jazz a jeho tenor by mu umo\u017enil zp\u00edvat i opern\u00ed skladby. Karel ale cht\u011bl zp\u00edvat pro v\u0161echny, necht\u011bl si vyb\u00edrat. Pot\u011b\u0161it hudbou cht\u011bl ka\u017ed\u00e9ho, a to se mu poda\u0159ilo. Tato kniha rozhodn\u011b pot\u011b\u0161\u00ed nejen jeho fanou\u0161ky, jeliko\u017e se jedn\u00e1 zkr\u00e1tka o velkou osobnost.<\/p>\n<p>M\u00e1 cesta za \u0161t\u011bst\u00edm je autobiografick\u00fdm po\u010dinem nej\u00fasp\u011b\u0161n\u011bj\u0161\u00ed \u010desk\u00e9 hudebn\u00ed ikony. Vzpom\u00ednky jsou subjektivn\u00ed, tak\u017ee ji\u017e nyn\u00ed m\u016f\u017eete narazit na internetu na zpochyb\u0148ov\u00e1n\u00ed v\u011brohodnosti n\u011bkter\u00fdch pas\u00e1\u017e\u00ed. Takhle si to pamatoval Bo\u017esk\u00fd K\u00e1ja a takhle o tom vypr\u00e1v\u00ed.<\/p>\n<p>\u00a0<\/p>\n<p>Sabina Novotn\u00e1<\/p>\n<p>Autor:\u00a0Sabina Novotn\u00e1<\/p>\n","protected":false},"excerpt":{"rendered":"<p>Mistra Karla Gotta nen\u00ed nutno nijak bl\u00ed\u017ee p\u0159edstavovat. Tato hudebn\u00ed ikona byla jen jedna a p\u0159ed necel\u00fdmi dv\u011bma lety n\u00e1s opustil. Ov\u0161em v\u011bd\u011bli jste, jak trnit\u00e1 byla jeho cesta na v\u00fdslun\u00ed? \u017de nechyb\u011blo moc a jeho \u017eivot mohl skon\u010dit ji\u017e v d\u011btstv\u00ed?\u00a0<\/p>\n","protected":false},"author":2,"featured_media":325568,"comment_status":"open","ping_status":"open","sticky":false,"template":"","format":"standard","meta":{"_acf_changed":false,"_monsterinsights_skip_tracking":false,"_monsterinsights_sitenote_active":false,"_monsterinsights_sitenote_note":"","_monsterinsights_sitenote_category":0,"_EventAllDay":false,"_EventTimezone":"","_EventStartDate":"","_EventEndDate":"","_EventStartDateUTC":"","_EventEndDateUTC":"","_EventShowMap":false,"_EventShowMapLink":false,"_EventURL":"","_EventCost":"","_EventCostDescription":"","_EventCurrencySymbol":"","_EventCurrencyCode":"","_EventCurrencyPosition":"","_EventDateTimeSeparator":"","_EventTimeRangeSeparator":"","_EventOrganizerID":[],"_EventVenueID":[],"_OrganizerEmail":"","_OrganizerPhone":"","_OrganizerWebsite":"","_VenueAddress":"","_VenueCity":"","_VenueCountry":"","_VenueProvince":"","_VenueState":"","_VenueZip":"","_VenuePhone":"","_VenueURL":"","_VenueStateProvince":"","_VenueLat":"","_VenueLng":"","_VenueShowMap":false,"_VenueShowMapLink":false,"twitterCardType":"","cardImageID":0,"cardImage":"","cardTitle":"","cardDesc":"","cardImageAlt":"","cardPlayer":"","cardPlayerWidth":0,"cardPlayerHeight":0,"cardPlayerStream":"","cardPlayerCodec":"","footnotes":""},"categories":[7],"tags":[21832],"class_list":["post-325567","post","type-post","status-publish","format-standard","has-post-thumbnail","hentry","category-recenze","tag-literarni-kavarna"],"acf":{"related_products":null},"_links":{"self":[{"href":"https:\/\/www.luxor.cz\/blog\/wp-json\/wp\/v2\/posts\/325567","targetHints":{"allow":["GET"]}}],"collection":[{"href":"https:\/\/www.luxor.cz\/blog\/wp-json\/wp\/v2\/posts"}],"about":[{"href":"https:\/\/www.luxor.cz\/blog\/wp-json\/wp\/v2\/types\/post"}],"author":[{"embeddable":true,"href":"https:\/\/www.luxor.cz\/blog\/wp-json\/wp\/v2\/users\/2"}],"replies":[{"embeddable":true,"href":"https:\/\/www.luxor.cz\/blog\/wp-json\/wp\/v2\/comments?post=325567"}],"version-history":[{"count":0,"href":"https:\/\/www.luxor.cz\/blog\/wp-json\/wp\/v2\/posts\/325567\/revisions"}],"wp:featuredmedia":[{"embeddable":true,"href":"https:\/\/www.luxor.cz\/blog\/wp-json\/wp\/v2\/media\/325568"}],"wp:attachment":[{"href":"https:\/\/www.luxor.cz\/blog\/wp-json\/wp\/v2\/media?parent=325567"}],"wp:term":[{"taxonomy":"category","embeddable":true,"href":"https:\/\/www.luxor.cz\/blog\/wp-json\/wp\/v2\/categories?post=325567"},{"taxonomy":"post_tag","embeddable":true,"href":"https:\/\/www.luxor.cz\/blog\/wp-json\/wp\/v2\/tags?post=325567"}],"curies":[{"name":"wp","href":"https:\/\/api.w.org\/{rel}","templated":true}]}}