{"id":325559,"date":"2021-10-11T10:46:31","date_gmt":"2021-10-11T08:46:31","guid":{"rendered":"https:\/\/www.luxor.cz\/blog\/nezarazene\/63338-jaka-je-detska-knizka-od-l-spacka-dedecku-vypravej-o-cesku\/"},"modified":"2021-10-11T10:46:31","modified_gmt":"2021-10-11T08:46:31","slug":"63338-jaka-je-detska-knizka-od-l-spacka-dedecku-vypravej-o-cesku","status":"publish","type":"post","link":"https:\/\/www.luxor.cz\/blog\/recenze\/63338-jaka-je-detska-knizka-od-l-spacka-dedecku-vypravej-o-cesku\/","title":{"rendered":"Jak\u00e1 je d\u011btsk\u00e1 kn\u00ed\u017eka od L. \u0160pa\u010dka \u2013 D\u011bde\u010dku, vypr\u00e1v\u011bj o \u010cesku"},"content":{"rendered":"<h3>M\u016fj n\u00e1zor<\/h3>\n<p>Kn\u00ed\u017eka p\u016fsob\u00ed od prvn\u00edho pohledu mile a p\u0159\u00e1telsky. L\u00edb\u00ed se mi p\u0159ibli\u017en\u011b \u010dtvercov\u00fd tvar, cen\u00edm si pevn\u00fdch desek, kter\u00e9 v\u017edy znamenaj\u00ed del\u0161\u00ed v\u00fddr\u017e knihy (alespo\u0148 u n\u00e1s doma). Poveden\u00e9 jsou i ilustrace, kter\u00e9 knihu prov\u00e1z\u00ed. Cel\u00fd n\u00e1zev knihy zn\u00ed\u00a0D\u011bde\u010dku, vypr\u00e1v\u011bj o \u010cesku, etika a etiketa pro d\u011bti. Proto za\u010dnu vysv\u011btlen\u00edm t\u011bchto dvou pojm\u016f.<\/p>\n<h3>Pojmy etika a etiketa<\/h3>\n<p><strong>etika<\/strong><\/p>\n<ol>\n<li>sou\u010d\u00e1st filosofie, teoretick\u00e1 v\u011bdn\u00ed discipl\u00edna, kter\u00e1 se zab\u00fdv\u00e1 t\u00edm, jak vypad\u00e1 mor\u00e1ln\u011b spr\u00e1vn\u00e9 chov\u00e1n\u00ed, co je smyslem \u017eivota apod.<\/li>\n<\/ol>\n<p><strong>etiketa<\/strong><\/p>\n<ol>\n<li>souhrn pravidel, kter\u00e1 jsou v r\u00e1mci spole\u010dnosti v\u0161eobecn\u011b uzn\u00e1van\u00e1 a \u0159\u00edkaj\u00ed, jak se m\u00e1me chovat na ve\u0159ejnosti<\/li>\n<li>\u0161t\u00edtek na v\u00fdrobc\u00edch, kter\u00fd obsahuje podrobn\u011bj\u0161\u00ed \u00fadaje<\/li>\n<\/ol>\n<p>(p\u0159evzato ze str\u00e1nky\u00a0<a href=\"https:\/\/www.krcmic.cz\/etika-x-etiketa\/\" target=\"_blank\" rel=\"noopener\">www.krcmic.cz<\/a>)<\/p>\n<h3>Vzhled a obsah<\/h3>\n<p>\u010cesk\u00e1 republika je \u00fa\u017easn\u00fdm m\u00edstem pln\u00fdm pam\u00e1tek, historie, legend a zaj\u00edmavost\u00ed.\u00a0D\u011bde\u010dku, vypr\u00e1v\u011bj o \u010cesku\u00a0je hezky napsan\u00e1 kniha, kter\u00e1 osv\u011b\u017e\u00ed tyto informace ze \u0161koln\u00edch lavic n\u00e1m dosp\u011bl\u00fdm a pou\u010d\u00ed na\u0161e d\u011bti. D\u011bde\u010dek a Viktorka jsou sympati\u010dt\u00ed pr\u016fvodci \u010dten\u00e1\u0159e, Viktorka je pat\u0159i\u010dn\u011b zv\u00eddav\u00e1 a d\u011bde\u010dek r\u00e1d a trp\u011bliv\u011b vypr\u00e1v\u00ed, tu o chr\u00e1mu svat\u00e9 Barbory, tu o Karl\u0161tejnu, o velk\u00e9m selsk\u00e9m povst\u00e1n\u00ed nebo o Karlu IV. Ne, \u017ee by v\u0161echno v\u011bd\u011bl, n\u011bkdy se dozv\u00edme informace z n\u011b\u010deho, co d\u011bde\u010dek \u010dte nebo sly\u0161\u00ed t\u0159eba od karl\u0161tejnsk\u00e9ho kastel\u00e1na. S Viktorkou se dozv\u00edme spoustu zaj\u00edmavost\u00ed z m\u00edst, kter\u00e1 s d\u011bde\u010dkem nav\u0161t\u00edv\u00ed, t\u0159eba jak vypadala hostina na c\u00edsa\u0159sk\u00e9m dvo\u0159e. Mimochodem tahle pas\u00e1\u017e je opravdu kr\u00e1sn\u011b popsan\u00e1 a a\u017e se mi sb\u00edhali sliny, kdy\u017e jsem to\u00a0 dce\u0159i \u010detla. A jak jsem ji\u017e zm\u00ednila, ilustrace se mi l\u00edb\u00ed, p\u016fsob\u00ed laskav\u011b a \u010dlov\u011bk si hned l\u00e9pe p\u0159edstav\u00ed, o \u010dem zrovna \u010dte. Pan \u0160pa\u010dek p\u00ed\u0161e dob\u0159e a kn\u00ed\u017eka se p\u0159\u00edjemn\u011b \u010dte. Nav\u00edc se pan \u0160pa\u010dek i hezky poslouch\u00e1, co\u017e si m\u016f\u017eete ov\u011b\u0159it poslechem p\u0159ilo\u017een\u00e9ho MP3 CD (s namluvenou tout\u00e9\u017e knihou).<\/p>\n<p>Trochu m\u011b p\u0159ekvapil obsah, kter\u00fd je na m\u00edsto za\u010d\u00e1tku knihy na jej\u00edm konci. Na za\u010d\u00e1tku knihy najdete hezkou ilustrovanou mapu se zm\u00edn\u011bn\u00fdmi m\u00edsty. Kn\u00ed\u017eka je doporu\u010den\u00e1 pro d\u011bti od osmi let.<\/p>\n<p>Kn\u00ed\u017eku\u00a0D\u011bde\u010dku, vypr\u00e1v\u011bj o \u010cesku\u00a0napsal odborn\u00edk na spole\u010denskou etiketu Ladislav \u0160pa\u010dek. Sou\u010d\u00e1st\u00ed knihy je i CD s MP3 nahr\u00e1vkou knihy, kterou autor s\u00e1m \u010dte. Kniha m\u00e1 200 stran, pevn\u00e9 desky bez p\u0159ebalu, obsahuje praktickou \u010dervenou z\u00e1lo\u017ekovou \u0161\u0148\u016frku a vydalo ji nakladatelstv\u00ed Euromedia pod zna\u010dkou Pikola, kter\u00e1 je zam\u011b\u0159en\u00e1 p\u0159edev\u0161\u00edm na literaturu pro d\u011bti a ml\u00e1de\u017e. Ilustrace obstarala Sylva Francov\u00e1. Velice t\u00edmto za knihu d\u011bkuji.<\/p>\n<p>\u00a0<\/p>\n<p>Barbora Cirklov\u00e1<\/p>\n<p>Autor:\u00a0Barbora Cirklov\u00e1<\/p>\n","protected":false},"excerpt":{"rendered":"<p>Jako \u010dlov\u011bk, kter\u00fd chov\u00e1 v srdci l\u00e1sku k \u010cesk\u00e9 republice a jej\u00edm pam\u00e1tk\u00e1m, jsem cht\u011bla tuto knihu p\u0159idat do na\u0161\u00ed dom\u00e1c\u00ed knihovny. Jak\u00e1 je kniha od Ladislava \u0160pa\u010dka \u2013\u00a0D\u011bde\u010dku, vypr\u00e1v\u011bj o \u010cesku?<\/p>\n","protected":false},"author":2,"featured_media":325560,"comment_status":"open","ping_status":"open","sticky":false,"template":"","format":"standard","meta":{"_acf_changed":false,"_monsterinsights_skip_tracking":false,"_monsterinsights_sitenote_active":false,"_monsterinsights_sitenote_note":"","_monsterinsights_sitenote_category":0,"_EventAllDay":false,"_EventTimezone":"","_EventStartDate":"","_EventEndDate":"","_EventStartDateUTC":"","_EventEndDateUTC":"","_EventShowMap":false,"_EventShowMapLink":false,"_EventURL":"","_EventCost":"","_EventCostDescription":"","_EventCurrencySymbol":"","_EventCurrencyCode":"","_EventCurrencyPosition":"","_EventDateTimeSeparator":"","_EventTimeRangeSeparator":"","_EventOrganizerID":[],"_EventVenueID":[],"_OrganizerEmail":"","_OrganizerPhone":"","_OrganizerWebsite":"","_VenueAddress":"","_VenueCity":"","_VenueCountry":"","_VenueProvince":"","_VenueState":"","_VenueZip":"","_VenuePhone":"","_VenueURL":"","_VenueStateProvince":"","_VenueLat":"","_VenueLng":"","_VenueShowMap":false,"_VenueShowMapLink":false,"twitterCardType":"","cardImageID":0,"cardImage":"","cardTitle":"","cardDesc":"","cardImageAlt":"","cardPlayer":"","cardPlayerWidth":0,"cardPlayerHeight":0,"cardPlayerStream":"","cardPlayerCodec":"","footnotes":""},"categories":[7],"tags":[21832],"class_list":["post-325559","post","type-post","status-publish","format-standard","has-post-thumbnail","hentry","category-recenze","tag-literarni-kavarna"],"acf":{"related_products":null},"_links":{"self":[{"href":"https:\/\/www.luxor.cz\/blog\/wp-json\/wp\/v2\/posts\/325559","targetHints":{"allow":["GET"]}}],"collection":[{"href":"https:\/\/www.luxor.cz\/blog\/wp-json\/wp\/v2\/posts"}],"about":[{"href":"https:\/\/www.luxor.cz\/blog\/wp-json\/wp\/v2\/types\/post"}],"author":[{"embeddable":true,"href":"https:\/\/www.luxor.cz\/blog\/wp-json\/wp\/v2\/users\/2"}],"replies":[{"embeddable":true,"href":"https:\/\/www.luxor.cz\/blog\/wp-json\/wp\/v2\/comments?post=325559"}],"version-history":[{"count":0,"href":"https:\/\/www.luxor.cz\/blog\/wp-json\/wp\/v2\/posts\/325559\/revisions"}],"wp:featuredmedia":[{"embeddable":true,"href":"https:\/\/www.luxor.cz\/blog\/wp-json\/wp\/v2\/media\/325560"}],"wp:attachment":[{"href":"https:\/\/www.luxor.cz\/blog\/wp-json\/wp\/v2\/media?parent=325559"}],"wp:term":[{"taxonomy":"category","embeddable":true,"href":"https:\/\/www.luxor.cz\/blog\/wp-json\/wp\/v2\/categories?post=325559"},{"taxonomy":"post_tag","embeddable":true,"href":"https:\/\/www.luxor.cz\/blog\/wp-json\/wp\/v2\/tags?post=325559"}],"curies":[{"name":"wp","href":"https:\/\/api.w.org\/{rel}","templated":true}]}}