{"id":325557,"date":"2021-10-14T10:49:16","date_gmt":"2021-10-14T08:49:16","guid":{"rendered":"https:\/\/www.luxor.cz\/blog\/nezarazene\/63339-a-jak-to-teda-vlastne-je\/"},"modified":"2021-10-14T10:49:16","modified_gmt":"2021-10-14T08:49:16","slug":"63339-a-jak-to-teda-vlastne-je","status":"publish","type":"post","link":"https:\/\/www.luxor.cz\/blog\/recenze\/63339-a-jak-to-teda-vlastne-je\/","title":{"rendered":"A jak to teda vlastn\u011b je?"},"content":{"rendered":"<p>Kniha 100 p\u0159e\u0161lap\u016f pro (ne)milovn\u00edky \u010de\u0161tiny je ji\u017e druh\u00fdm po\u010dinem od obl\u00edben\u00e9ho dua Karly Tchawou Tchuisseu a Sabiny Strakov\u00e9, kter\u00e9 p\u016fsob\u00ed na instagramov\u00e9m profilu \u010cerven\u00e1 propiska. Ob\u011b autorky se v\u011bnuj\u00ed \u010de\u0161tin\u011b u\u017e n\u011bjakou tu dobu a dok\u00e1\u017eou upozor\u0148ovat na jej\u00ed problematiku z\u00e1bavnou a neot\u0159elou formou, kterou p\u0159enesly i do sv\u00fdch knih.<\/p>\n<p>Jejich nej\u010derstv\u011bj\u0161\u00ed novinka, 100 p\u0159e\u0161lap\u016f pro (ne)milovn\u00edky \u010de\u0161tiny, se v\u011bnuje slov\u016fm, kter\u00e1 spoust\u011b lid\u00ed zamotaj\u00ed hlavu. Ur\u010dit\u011b se v\u00e1m u\u017e n\u011bkdy stalo, \u017ee jste tvo\u0159ili n\u011bjak\u00fd text a nebyli jste si jist\u00ed, zda se spr\u00e1vn\u011b p\u00ed\u0161e nap\u0159\u00edklad bez pochyby nebo bezpochyby. Autorky se v\u00a0knize v\u011bnuj\u00ed pr\u00e1v\u011b podobn\u00fdm problematick\u00fdm slov\u016fm a v\u017edy je v\u0161e kr\u00e1sn\u011b zn\u00e1zorn\u011bno graficky, vysv\u011btleno a pak pod textem najdete i p\u0159\u00edklady, abyste si v\u0161e l\u00e9pe zapamatovali.<\/p>\n<p>Kniha je pak roz\u010dlen\u011bna na 4 sekce, proto\u017ee Karin se Sabinou v\u00e1m v\u017edy vysv\u011btl\u00ed dvacet p\u011bt slov, po kter\u00fdch n\u00e1sleduje pravopisn\u00e9 cvi\u010den\u00ed, na kter\u00e9m si m\u016f\u017eete ov\u011b\u0159it, zda jste si v\u0161echna slova zapamatovali spr\u00e1vn\u011b. D\u00edky tomu m\u00e1te zrovna i zp\u011btnou vazbu, co\u017e je super.<\/p>\n<p>Dal\u0161\u00edm benefitem knihy je jist\u011b i prostor pro pozn\u00e1mky, kter\u00fd vyu\u017eij\u00ed ti z\u00a0n\u00e1s, kte\u0159\u00ed si pot\u0159ebuj\u00ed d\u011blat vlastn\u00ed v\u00fdpisky a nesta\u010d\u00ed jim si text jen p\u0159e\u010d\u00edst.<\/p>\n<p>100 p\u0159e\u0161lap\u016f pro (ne)milovn\u00edky \u010de\u0161tiny je kniha opravdu pro ka\u017ed\u00e9ho, komu nen\u00ed jedno, jestli d\u011bl\u00e1 hrubky a p\u00ed\u0161e \u0161patn\u011b. Bude se hodit jak \u017e\u00e1kovi, kter\u00fd chce b\u00fdt trochu nap\u0159ed, tak t\u0159eba i u\u010diteli, jen\u017e bude p\u0159ekvapen\u00fd a\u017e zjist\u00ed, kolik toho o sv\u00e9m mate\u0159sk\u00e9m jazyce je\u0161t\u011b nev\u00ed.<\/p>\n<p>Na nov\u00e9 poznatky a vzd\u011bl\u00e1v\u00e1n\u00ed se nen\u00ed nikdy pozd\u011b a \u010cerven\u00e1 propiska v\u00e1m to naserv\u00edruje zaj\u00edmav\u011b, vtipn\u011b a origin\u00e1ln\u011b. \u010ce\u0161tina je obecn\u011b velmi slo\u017eit\u00fd jazyk a jsem si jist\u00e1, \u017ee nikdy nen\u00ed na \u0161kodu prop\u00e1trat nov\u00e9 p\u0159\u00edru\u010dky a dozv\u011bd\u011bt se n\u011bco nav\u00edc, proto\u017ee nikdy nev\u00edte, kdy se v\u00e1m to bude hodit.<\/p>\n<p>\u00a0<\/p>\n<p>Kristina Heklov\u00e1 (@kristi_cte)<\/p>\n<p>Autor:\u00a0Kristina Heklov\u00e1<\/p>\n","protected":false},"excerpt":{"rendered":"<p>Tuto ot\u00e1zku si dost mo\u017en\u00e1 pokl\u00e1d\u00e1 nejeden z\u00a0n\u00e1s, kdy\u017e p\u00ed\u0161e n\u011bjak\u00fd mail \u010di zpr\u00e1vu a nechce, aby jeho text vypadal \u0161patn\u011b. \u010ce\u0161tina je toti\u017e dost z\u00e1ludn\u00e1 a l\u00e1me si s\u00a0n\u00ed hlavu v\u011bt\u0161ina z\u00a0n\u00e1s.<\/p>\n","protected":false},"author":2,"featured_media":325558,"comment_status":"open","ping_status":"open","sticky":false,"template":"","format":"standard","meta":{"_acf_changed":false,"_monsterinsights_skip_tracking":false,"_monsterinsights_sitenote_active":false,"_monsterinsights_sitenote_note":"","_monsterinsights_sitenote_category":0,"_EventAllDay":false,"_EventTimezone":"","_EventStartDate":"","_EventEndDate":"","_EventStartDateUTC":"","_EventEndDateUTC":"","_EventShowMap":false,"_EventShowMapLink":false,"_EventURL":"","_EventCost":"","_EventCostDescription":"","_EventCurrencySymbol":"","_EventCurrencyCode":"","_EventCurrencyPosition":"","_EventDateTimeSeparator":"","_EventTimeRangeSeparator":"","_EventOrganizerID":[],"_EventVenueID":[],"_OrganizerEmail":"","_OrganizerPhone":"","_OrganizerWebsite":"","_VenueAddress":"","_VenueCity":"","_VenueCountry":"","_VenueProvince":"","_VenueState":"","_VenueZip":"","_VenuePhone":"","_VenueURL":"","_VenueStateProvince":"","_VenueLat":"","_VenueLng":"","_VenueShowMap":false,"_VenueShowMapLink":false,"twitterCardType":"","cardImageID":0,"cardImage":"","cardTitle":"","cardDesc":"","cardImageAlt":"","cardPlayer":"","cardPlayerWidth":0,"cardPlayerHeight":0,"cardPlayerStream":"","cardPlayerCodec":"","footnotes":""},"categories":[7],"tags":[21832],"class_list":["post-325557","post","type-post","status-publish","format-standard","has-post-thumbnail","hentry","category-recenze","tag-literarni-kavarna"],"acf":{"related_products":null},"_links":{"self":[{"href":"https:\/\/www.luxor.cz\/blog\/wp-json\/wp\/v2\/posts\/325557","targetHints":{"allow":["GET"]}}],"collection":[{"href":"https:\/\/www.luxor.cz\/blog\/wp-json\/wp\/v2\/posts"}],"about":[{"href":"https:\/\/www.luxor.cz\/blog\/wp-json\/wp\/v2\/types\/post"}],"author":[{"embeddable":true,"href":"https:\/\/www.luxor.cz\/blog\/wp-json\/wp\/v2\/users\/2"}],"replies":[{"embeddable":true,"href":"https:\/\/www.luxor.cz\/blog\/wp-json\/wp\/v2\/comments?post=325557"}],"version-history":[{"count":0,"href":"https:\/\/www.luxor.cz\/blog\/wp-json\/wp\/v2\/posts\/325557\/revisions"}],"wp:featuredmedia":[{"embeddable":true,"href":"https:\/\/www.luxor.cz\/blog\/wp-json\/wp\/v2\/media\/325558"}],"wp:attachment":[{"href":"https:\/\/www.luxor.cz\/blog\/wp-json\/wp\/v2\/media?parent=325557"}],"wp:term":[{"taxonomy":"category","embeddable":true,"href":"https:\/\/www.luxor.cz\/blog\/wp-json\/wp\/v2\/categories?post=325557"},{"taxonomy":"post_tag","embeddable":true,"href":"https:\/\/www.luxor.cz\/blog\/wp-json\/wp\/v2\/tags?post=325557"}],"curies":[{"name":"wp","href":"https:\/\/api.w.org\/{rel}","templated":true}]}}