{"id":325551,"date":"2021-10-27T12:42:17","date_gmt":"2021-10-27T10:42:17","guid":{"rendered":"https:\/\/www.luxor.cz\/blog\/nezarazene\/63349-kdyz-neni-kam-utect\/"},"modified":"2021-10-27T12:42:17","modified_gmt":"2021-10-27T10:42:17","slug":"63349-kdyz-neni-kam-utect","status":"publish","type":"post","link":"https:\/\/www.luxor.cz\/blog\/recenze\/63349-kdyz-neni-kam-utect\/","title":{"rendered":"Kdy\u017e nen\u00ed kam ut\u00e9ct"},"content":{"rendered":"<p>Sanatorium je prvn\u00ed knihou britsk\u00e9 autorky Sarah Pearse, kter\u00e1 u n\u00e1s vy\u0161la a slibuje nap\u00ednav\u00e9, mraziv\u00e9 a d\u011bsiv\u00e9 \u010dten\u00ed, o \u010dem\u017e vypov\u00edd\u00e1 jak samotn\u00e1 ob\u00e1lka, tak citace z\u00a0\u010dasopisu People, kter\u00e1 n\u00e1s l\u00e1k\u00e1 na to, \u017ee Sanatorium je velmi podobn\u00e9 filmu Osv\u00edcen\u00ed od Stanleyho Kubrika. Mysl\u00edm, \u017ee u\u017e jen toto prohl\u00e1\u0161en\u00ed dok\u00e1\u017ee zaujmout nejednoho \u010dten\u00e1\u0159e, proto\u017ee Osv\u00edcen\u00ed je zcela kultovn\u00ed z\u00e1le\u017eitost.<\/p>\n<p>Sarah Pearse um\u00edstila d\u011bj knihy do \u0161v\u00fdcarsk\u00fdch Alp, kde se nach\u00e1z\u00ed b\u00fdval\u00e9 sanatorium pro lidi, kte\u0159\u00ed onemocn\u011bli tuberkul\u00f3zou. V\u00a0dne\u0161n\u00ed dob\u011b ji\u017e toto onemocn\u011bn\u00ed nen\u00ed takovou hrozbou, ale d\u0159\u00edve na ni um\u00edrala spousta lid\u00ed. A pr\u00e1v\u011b pro takov\u00e9 pacienty bylo z\u0159\u00edzeno sanatorium v\u00a0hor\u00e1ch, kde se m\u011bli d\u00edky \u010derstv\u00e9mu a sv\u011b\u017e\u00edmu vzduchu sn\u00e1ze vyl\u00e9\u010dit. S\u00a0p\u0159\u00edchodem vakc\u00edny ale ji\u017e takov\u00fdch l\u00e9\u010deben nebylo t\u0159eba, a tak se postupn\u011b m\u011bnilo jejich zam\u011b\u0159en\u00ed, \u010di se zav\u00edraly \u00fapln\u011b. P\u0159esn\u011b takov\u00fdm m\u00edstem je i Le Sommet, luxusn\u00ed hotel, kter\u00fd d\u0159\u00edve b\u00fdval sanatoriem.<\/p>\n<p>Le Sommet se svoji historii nesna\u017e\u00ed skr\u00fdvat, ba naopak. N\u00e1v\u0161t\u011bvn\u00edci v\u00a0hotelu mohou nal\u00e9zt i men\u0161\u00ed expozici, kter\u00e1 je sezn\u00e1m\u00ed s\u00a0minulost\u00ed hotelu\/sanatoria a kde si mohou prohl\u00e9dnou nejr\u016fzn\u011bj\u0161\u00ed dobov\u00e9 artefakty.<\/p>\n<p>Do Le Sommet p\u0159ij\u00ed\u017ed\u00ed i hlavn\u00ed hrdinka knihy Elin Warnerov\u00e1, kter\u00e1 pracovala jako detektivka, ale moment\u00e1ln\u011b se zotavuje z\u00a0velmi traumatizuj\u00edc\u00edho pracovn\u00edho z\u00e1\u017eitku. Elin do \u0161v\u00fdcarsk\u00fdch Alp p\u0159ijela, aby oslavila z\u00e1snuby sv\u00e9ho bratra a jej\u00ed dlouholet\u00e9 kamar\u00e1dky Laure. Tento \u0161\u0165astn\u00fd okam\u017eik se ale zm\u011bn\u00ed v\u00a0peklo, kdy\u017e se v\u00a0hotelu za\u010dnou d\u00edt zvl\u00e1\u0161tn\u00ed v\u011bci a postupn\u011b za\u010dnou mizet lid\u00e9. Pro Elin v\u0161e vygraduje v\u00a0okam\u017eiku, kdy zmiz\u00ed snoubenka jej\u00edho bratra Laure. To u\u017e Elin a jej\u00ed detektivn\u00ed zv\u011bdavost d\u00e9le nevydr\u017e\u00ed a za\u010dne se zapojovat do vy\u0161et\u0159ov\u00e1n\u00ed. Krom\u011b toho si ov\u0161em tak\u00e9 uv\u011bdom\u00ed, \u017ee vlastn\u011b nem\u00e1 na v\u00fdb\u011br, proto\u017ee, aby toho nebylo m\u00e1lo, hotel a jeho okol\u00ed zas\u00e1hne siln\u00e1 sn\u011bhov\u00e1 bou\u0159e a Le Sommet\u00a0 z\u016fstane od\u0159\u00edznut\u00fd od zbytku sv\u011bta. Elin se tedy cht\u011b necht\u011b pou\u0161t\u00ed do p\u00e1tr\u00e1n\u00ed po nebezpe\u010dn\u00e9m vrahovi.<\/p>\n<p>Sanatorium je opravdu trochu jako Osv\u00edcen\u00ed, u\u017e jen kv\u016fli atmosf\u00e9\u0159e, kter\u00e1 je velmi mraziv\u00e1 a ponur\u00e1. Na \u010dtivosti knihy m\u00e1 jist\u011b pod\u00edl i jak plynul\u00fd autor\u010din styl psan\u00ed, tak lidsky vykreslen\u00e1 hlavn\u00ed hrdinka, kter\u00e1 krom\u011b p\u0159\u00edpadu mus\u00ed \u0159e\u0161it i sv\u00e9 osobn\u00ed probl\u00e9my, co\u017e j\u00ed p\u0159id\u00e1v\u00e1 dal\u0161\u00ed sympatie. Elin je toti\u017e oby\u010dejn\u00e1 \u017eena, jen\u017e se sna\u017e\u00ed vypo\u0159\u00e1dat se se sv\u00fdmi d\u00e9mony a vr\u00e1tit sv\u016fj \u017eivot zp\u011bt do norm\u00e1lu.<\/p>\n<p>Kniha je vyv\u00e1\u017eenou kombinac\u00ed skv\u011bl\u00e9 atmosf\u00e9ry, sympatick\u00e9 hlavn\u00ed hrdinky a d\u011bje, kter\u00fd je sice pomalej\u0161\u00ed, d\u00edky \u010demu\u017e ale autorka dok\u00e1zala vybudovat pozvoln\u011b nar\u016fstaj\u00edc\u00ed nap\u011bt\u00ed v\u00a0p\u0159\u00edb\u011bhu. D\u00edky tomu je za m\u011b Sanatorium vhodnou knihou p\u0159edev\u0161\u00edm pro chladn\u00e9 zimn\u00ed ve\u010dery, kdy se m\u016f\u017eete v\u00a0klidu usadit, zabalit se do deky a vychutnat si cel\u00fd p\u0159\u00edb\u011bh.<\/p>\n<p>\u00a0<\/p>\n<p>Kristina Heklov\u00e1 (@kristi_cte)<\/p>\n<p>Autor:\u00a0Kristina Heklov\u00e1<\/p>\n","protected":false},"excerpt":{"rendered":"<p>Dok\u00e1\u017eete si p\u0159edstavit, \u017ee odjedete na dovolenou do luxusn\u00edho nov\u011b otev\u0159en\u00e9ho hotelu, ale m\u00edsto odpo\u010dinku a wellnesu se v\u00e1\u0161 pobyt zm\u011bn\u00ed v\u00a0boj o p\u0159e\u017eit\u00ed?<\/p>\n","protected":false},"author":2,"featured_media":325552,"comment_status":"open","ping_status":"open","sticky":false,"template":"","format":"standard","meta":{"_acf_changed":false,"_monsterinsights_skip_tracking":false,"_monsterinsights_sitenote_active":false,"_monsterinsights_sitenote_note":"","_monsterinsights_sitenote_category":0,"_EventAllDay":false,"_EventTimezone":"","_EventStartDate":"","_EventEndDate":"","_EventStartDateUTC":"","_EventEndDateUTC":"","_EventShowMap":false,"_EventShowMapLink":false,"_EventURL":"","_EventCost":"","_EventCostDescription":"","_EventCurrencySymbol":"","_EventCurrencyCode":"","_EventCurrencyPosition":"","_EventDateTimeSeparator":"","_EventTimeRangeSeparator":"","_EventOrganizerID":[],"_EventVenueID":[],"_OrganizerEmail":"","_OrganizerPhone":"","_OrganizerWebsite":"","_VenueAddress":"","_VenueCity":"","_VenueCountry":"","_VenueProvince":"","_VenueState":"","_VenueZip":"","_VenuePhone":"","_VenueURL":"","_VenueStateProvince":"","_VenueLat":"","_VenueLng":"","_VenueShowMap":false,"_VenueShowMapLink":false,"twitterCardType":"","cardImageID":0,"cardImage":"","cardTitle":"","cardDesc":"","cardImageAlt":"","cardPlayer":"","cardPlayerWidth":0,"cardPlayerHeight":0,"cardPlayerStream":"","cardPlayerCodec":"","footnotes":""},"categories":[7],"tags":[21832],"class_list":["post-325551","post","type-post","status-publish","format-standard","has-post-thumbnail","hentry","category-recenze","tag-literarni-kavarna"],"acf":{"related_products":null},"_links":{"self":[{"href":"https:\/\/www.luxor.cz\/blog\/wp-json\/wp\/v2\/posts\/325551","targetHints":{"allow":["GET"]}}],"collection":[{"href":"https:\/\/www.luxor.cz\/blog\/wp-json\/wp\/v2\/posts"}],"about":[{"href":"https:\/\/www.luxor.cz\/blog\/wp-json\/wp\/v2\/types\/post"}],"author":[{"embeddable":true,"href":"https:\/\/www.luxor.cz\/blog\/wp-json\/wp\/v2\/users\/2"}],"replies":[{"embeddable":true,"href":"https:\/\/www.luxor.cz\/blog\/wp-json\/wp\/v2\/comments?post=325551"}],"version-history":[{"count":0,"href":"https:\/\/www.luxor.cz\/blog\/wp-json\/wp\/v2\/posts\/325551\/revisions"}],"wp:featuredmedia":[{"embeddable":true,"href":"https:\/\/www.luxor.cz\/blog\/wp-json\/wp\/v2\/media\/325552"}],"wp:attachment":[{"href":"https:\/\/www.luxor.cz\/blog\/wp-json\/wp\/v2\/media?parent=325551"}],"wp:term":[{"taxonomy":"category","embeddable":true,"href":"https:\/\/www.luxor.cz\/blog\/wp-json\/wp\/v2\/categories?post=325551"},{"taxonomy":"post_tag","embeddable":true,"href":"https:\/\/www.luxor.cz\/blog\/wp-json\/wp\/v2\/tags?post=325551"}],"curies":[{"name":"wp","href":"https:\/\/api.w.org\/{rel}","templated":true}]}}