{"id":325547,"date":"2021-10-31T12:55:34","date_gmt":"2021-10-31T11:55:34","guid":{"rendered":"https:\/\/www.luxor.cz\/blog\/nezarazene\/63350-jedna-za-vsechny-vsechny-za-jednu\/"},"modified":"2021-10-31T12:55:34","modified_gmt":"2021-10-31T11:55:34","slug":"63350-jedna-za-vsechny-vsechny-za-jednu","status":"publish","type":"post","link":"https:\/\/www.luxor.cz\/blog\/recenze\/63350-jedna-za-vsechny-vsechny-za-jednu\/","title":{"rendered":"Jedna za v\u0161echny, v\u0161echny za jednu"},"content":{"rendered":"<p>Jak j\u00e1 si v\u017edy \u010dten\u00ed t\u011bchto sb\u00edrek u\u017e\u00edv\u00e1m! Pokud jste toti\u017e u\u017e n\u011bjakou z\u00a0edice Listen \u010detli, ur\u010dit\u011b mi d\u00e1te za pravdu, \u017ee jsou nejen skv\u011ble graficky zpracovan\u00e9 (a\u0165 u\u017e ob\u00e1lka nebo mal\u00e9 \u010dernob\u00edl\u00e9 ilustrace na za\u010d\u00e1tku pov\u00eddek), ale tak\u00e9 v\u00edm, \u017ee m\u011b celkov\u011b nem\u016f\u017ee nikdy zklamat. Jsou v\u00a0nich toti\u017e opravdu velmi kvalitn\u00ed p\u0159\u00edb\u011bhy. To u\u017e zna\u010d\u00ed i to, \u017ee sv\u00fdmi texty p\u0159isp\u00edvaj\u00ed tak skv\u011bl\u00ed spisovatel\u00e9. Ve sb\u00edrce V\u0161echny za jednu konkr\u00e9tn\u011b nap\u0159. Petra Soukupov\u00e1, Anna Bolav\u00e1, Petra Dvo\u0159\u00e1kov\u00e1, Marek Epstein a dal\u0161\u00ed.<\/p>\n<p>V\u0161echny pov\u00eddky maj\u00ed spole\u010dn\u00e9 t\u00e9ma, a to vztahy. Ve v\u011bt\u0161in\u011b p\u0159\u00edpad\u016f hraje hlavn\u00ed roli p\u0159\u00e1telstv\u00ed a s\u00a0t\u00edm spojen\u00e9 radosti i strasti. A jeliko\u017e obsahuj\u00ed minim\u00e1ln\u011b st\u0159\u00edpek toho, co u\u017e ka\u017ed\u00fd z\u00a0n\u00e1s za\u017eil, v\u0161ichni se v\u00a0p\u0159\u00edb\u011bz\u00edch m\u016f\u017eeme naj\u00edt. Zradu, zni\u010den\u00e9 p\u0159\u00e1telstv\u00ed, ztr\u00e1tu kontaktu, sny, nebo nap\u0159. zamy\u0161len\u00ed nad st\u00e1\u0159\u00edm, toto a mnohem v\u00edce se v knize skr\u00fdv\u00e1.<\/p>\n<p>Tak\u00e9 chci vyzdvihnout to, jak na t\u011bch p\u00e1r stran\u00e1ch auto\u0159i p\u0159edali tolik pocit\u016f, emoc\u00ed a my\u0161lenek. Nad t\u00edm neskute\u010dn\u011b smek\u00e1m, proto\u017ee m\u011b nejedna pov\u00eddka svou linkou dostala.<\/p>\n<p>L\u00edbilo se mi i jejich uspo\u0159\u00e1d\u00e1n\u00ed, postupn\u011b se v\u00a0knize odhaluj\u00ed nejen ty sv\u011btl\u00e9 str\u00e1nky p\u0159\u00e1telstv\u00ed, a nen\u00ed tedy v\u0161e \u00fapln\u011b pozitivn\u00ed, ka\u017edop\u00e1dn\u011b posledn\u00ed pov\u00eddka pr\u00e1v\u011b s\u00a0n\u00e1zvem V\u0161echny za jednu v\u0161e nad\u011bjn\u011b a siln\u011b zavr\u0161uje.<\/p>\n<p>A pokud byste si cht\u011bli p\u0159\u00edb\u011bhy poslechnout, sb\u00edrka vy\u0161la i v\u00a0audioverzi, to je rozhodn\u011b tak\u00e9 skv\u011bl\u00fd z\u00e1\u017eitek!<\/p>\n<p>\u00a0<\/p>\n<p>Patrik K\u0159\u00ed\u017e<\/p>\n<p>(@bookbypatrik)<\/p>\n<p>Autor:\u00a0Patrik K\u0159\u00ed\u017e<\/p>\n","protected":false},"excerpt":{"rendered":"<p>Deset \u010desk\u00fdch autor\u016f a deset pov\u00eddek, kter\u00e9 prov\u00e1z\u00ed jedno spole\u010dn\u00e9: p\u0159\u00e1telstv\u00ed.<\/p>\n","protected":false},"author":2,"featured_media":325548,"comment_status":"open","ping_status":"open","sticky":false,"template":"","format":"standard","meta":{"_acf_changed":false,"_monsterinsights_skip_tracking":false,"_monsterinsights_sitenote_active":false,"_monsterinsights_sitenote_note":"","_monsterinsights_sitenote_category":0,"_EventAllDay":false,"_EventTimezone":"","_EventStartDate":"","_EventEndDate":"","_EventStartDateUTC":"","_EventEndDateUTC":"","_EventShowMap":false,"_EventShowMapLink":false,"_EventURL":"","_EventCost":"","_EventCostDescription":"","_EventCurrencySymbol":"","_EventCurrencyCode":"","_EventCurrencyPosition":"","_EventDateTimeSeparator":"","_EventTimeRangeSeparator":"","_EventOrganizerID":[],"_EventVenueID":[],"_OrganizerEmail":"","_OrganizerPhone":"","_OrganizerWebsite":"","_VenueAddress":"","_VenueCity":"","_VenueCountry":"","_VenueProvince":"","_VenueState":"","_VenueZip":"","_VenuePhone":"","_VenueURL":"","_VenueStateProvince":"","_VenueLat":"","_VenueLng":"","_VenueShowMap":false,"_VenueShowMapLink":false,"twitterCardType":"","cardImageID":0,"cardImage":"","cardTitle":"","cardDesc":"","cardImageAlt":"","cardPlayer":"","cardPlayerWidth":0,"cardPlayerHeight":0,"cardPlayerStream":"","cardPlayerCodec":"","footnotes":""},"categories":[7],"tags":[21832],"class_list":["post-325547","post","type-post","status-publish","format-standard","has-post-thumbnail","hentry","category-recenze","tag-literarni-kavarna"],"acf":{"related_products":null},"_links":{"self":[{"href":"https:\/\/www.luxor.cz\/blog\/wp-json\/wp\/v2\/posts\/325547","targetHints":{"allow":["GET"]}}],"collection":[{"href":"https:\/\/www.luxor.cz\/blog\/wp-json\/wp\/v2\/posts"}],"about":[{"href":"https:\/\/www.luxor.cz\/blog\/wp-json\/wp\/v2\/types\/post"}],"author":[{"embeddable":true,"href":"https:\/\/www.luxor.cz\/blog\/wp-json\/wp\/v2\/users\/2"}],"replies":[{"embeddable":true,"href":"https:\/\/www.luxor.cz\/blog\/wp-json\/wp\/v2\/comments?post=325547"}],"version-history":[{"count":0,"href":"https:\/\/www.luxor.cz\/blog\/wp-json\/wp\/v2\/posts\/325547\/revisions"}],"wp:featuredmedia":[{"embeddable":true,"href":"https:\/\/www.luxor.cz\/blog\/wp-json\/wp\/v2\/media\/325548"}],"wp:attachment":[{"href":"https:\/\/www.luxor.cz\/blog\/wp-json\/wp\/v2\/media?parent=325547"}],"wp:term":[{"taxonomy":"category","embeddable":true,"href":"https:\/\/www.luxor.cz\/blog\/wp-json\/wp\/v2\/categories?post=325547"},{"taxonomy":"post_tag","embeddable":true,"href":"https:\/\/www.luxor.cz\/blog\/wp-json\/wp\/v2\/tags?post=325547"}],"curies":[{"name":"wp","href":"https:\/\/api.w.org\/{rel}","templated":true}]}}