{"id":325545,"date":"2021-11-03T13:00:41","date_gmt":"2021-11-03T12:00:41","guid":{"rendered":"https:\/\/www.luxor.cz\/blog\/nezarazene\/63351-tajemstvi-ukryte-v-lesich\/"},"modified":"2021-11-03T13:00:41","modified_gmt":"2021-11-03T12:00:41","slug":"63351-tajemstvi-ukryte-v-lesich","status":"publish","type":"post","link":"https:\/\/www.luxor.cz\/blog\/recenze\/63351-tajemstvi-ukryte-v-lesich\/","title":{"rendered":"Tajemstv\u00ed ukryt\u00e9 v les\u00edch"},"content":{"rendered":"<p><strong>\u017divot v divo\u010din\u011b<\/strong><\/p>\n<p>Wren, Sage a Evie \u017eij\u00ed se svou matkou uprost\u0159ed les\u016f v\u00a0severn\u00ed oblasti st\u00e1tu New York. Vysta\u010d\u00ed si zcela samy, s\u00a0t\u00edm, co jim d\u00e1vaj\u00ed okoln\u00ed lesy a p\u0159\u00edroda. Jednou za \u010das jejich matka obchoduje s\u00a0jak\u00fdmsi \u010dlov\u011bkem, kter\u00e9mu prod\u00e1v\u00e1 dom\u00e1c\u00ed m\u00fddla. Ale to je v\u0161echno. \u017d\u00e1dn\u00e9 obchody, elekt\u0159ina, televize, nato\u017epak mobil nebo auto.<\/p>\n<p>Idyla \u017eivota uprost\u0159ed les\u016f skon\u010d\u00ed v\u00a0moment\u011b, kdy nejmlad\u0161\u00ed ze sester, Evie, v\u00e1\u017en\u011b onemocn\u00ed a matka se s\u00a0n\u00ed vyprav\u00ed vyhledat pomoc do m\u011bsta. Vzhledem k\u00a0tomu, \u017ee jsou od okoln\u00edho sv\u011bta dokonale od\u0159\u00edznut\u00e9, vydaj\u00ed se p\u011b\u0161ky lesem a dv\u011b star\u0161\u00ed sestry z\u016fstanou doma samy. Jen\u017ee matka s\u00a0malou Evie se nevrac\u00ed\u2026<\/p>\n<p>Za\u010d\u00edn\u00e1 zima a dom\u00e1c\u00ed z\u00e1soby se ten\u010d\u00ed. Slepice pom\u00edraj\u00ed a rezervy, kter\u00e9 jejich d\u016fm ukr\u00fdv\u00e1, rozhodn\u011b nejsou bezedn\u00e9 a snad mo\u017en\u00e1 nevysta\u010d\u00ed ani do konce roku. D\u00edvky hladov\u00ed, ale z\u00e1rove\u0148 je ani nenapadne poru\u0161it mystickou hranici bezpe\u010d\u00ed jejich domova.\u00a0 Kdy\u017e je matka s\u00a0malou sestrou pry\u010d u\u017e v\u00edc jak dva m\u011bs\u00edce, je jim jasn\u00e9, \u017ee se n\u011bco muselo st\u00e1t.<\/p>\n<p>Jednoho dne se napln\u00ed jejich nejhor\u0161\u00ed obavy: na dve\u0159e jejich domku zabu\u0161\u00ed ciz\u00ed mu\u017e a rozhodn\u011b nevypad\u00e1 p\u0159\u00e1telsky.<\/p>\n<p><strong>Ne\u0161\u0165astn\u00e1 Nicolette<\/strong><\/p>\n<p>Kniha m\u00e1 ale je\u0161t\u011b jednu d\u011bjovou linii, kter\u00e1 s\u00a0tou prvn\u00ed zd\u00e1nliv\u011b v\u016fbec nesouvis\u00ed, ale vy p\u0159esto tu\u0161\u00edte, \u017ee se o n\u00ed autorka nezmi\u0148uje jen tak. Zpo\u010d\u00e1tku v\u016fbec nen\u00ed jasn\u00e9, jak by spolu oba p\u0159\u00edb\u011bhy mohly souzn\u011bt.<\/p>\n<p>Tentokr\u00e1t se p\u0159esouv\u00e1me k\u00a0Nicolette, \u017een\u011b, kter\u00e1 vede zd\u00e1nliv\u011b kr\u00e1sn\u00fd \u017eivot: m\u00e1 skv\u011bl\u00e9 finan\u010dn\u00ed z\u00e1zem\u00ed, man\u017eela fotografa, kter\u00fd je po jej\u00edm boku \u0159adu let a je jej\u00ed nejv\u011bt\u0161\u00ed \u017eivotn\u00ed l\u00e1skou. Jenom\u017ee i tento p\u0159\u00edb\u011bh m\u00e1 trhliny: Nicolette tou\u017e\u00ed po d\u00edt\u011bti, ale je j\u00ed jasn\u00e9, \u017ee ho nikdy m\u00edt nebude. P\u0159ed lety toti\u017e podstoupila hysterektomii. Jej\u00ed du\u0161e nen\u00ed \u00fapln\u011b vyrovnan\u00e1 a zvl\u00e1\u0161\u0165 v\u00a0tomto obdob\u00ed ji prov\u00e1z\u00ed deprese.<\/p>\n<p>Jej\u00ed dosavadn\u00ed \u017eivot se obr\u00e1t\u00ed naruby v\u00a0moment\u011b, kdy v\u00a0\u0161upl\u00edku s\u00a0pr\u00e1dlem sv\u00e9ho man\u017eela najde fotografii mal\u00e9 hol\u010di\u010dky, jej\u00ed\u017e o\u010di maj\u00ed p\u0159esn\u011b takovou barvu, jako o\u010di jej\u00edho man\u017eela. Ta podoba je nezpochybniteln\u00e1. A co v\u00edc, z\u00a0jejich spole\u010dn\u00e9ho \u00fa\u010dtu v\u00a0posledn\u00edch dnech zmizelo pom\u011brn\u011b velk\u00e9 mno\u017estv\u00ed pen\u011bz a jej\u00ed man\u017eel komusi tajn\u011b vol\u00e1. O tom, \u017ee p\u0159ed n\u00ed n\u011bco taj\u00ed, nem\u016f\u017ee b\u00fdt pochyb. A v\u0161em je jasn\u00e9, \u017ee v\u00a0tom tajemstv\u00ed hraje velkou roli pr\u00e1v\u011b ona hol\u010di\u010dka z\u00a0fotografie.<\/p>\n<p><strong>P\u0159\u00edb\u011bh ztracen\u00fdch d\u011bt\u00ed<\/strong><\/p>\n<p>Proto\u017ee ciz\u00ed mu\u017e v\u00a0jejich dom\u011b p\u016fsob\u00ed na Sage a Wren jako nep\u0159\u00edtel, kter\u00fd jim uj\u00edd\u00e1 cenn\u00e9 z\u00e1soby, a o jeho\u017e \u00famyslech si mysl\u00ed jen to nejhor\u0161\u00ed, rozhodnou se ob\u011b sestry ut\u00e9ct. Poru\u0161ily tabu \u017eivota bez jak\u00fdchkoli soci\u00e1ln\u00edch kontakt\u016f a vydaly se za hranice jejich bezpe\u010dn\u00e9ho teritoria.<\/p>\n<p>\u2026 a jedn\u00e9 noci se p\u0159ed nimi uprost\u0159ed les\u016f zjev\u00ed d\u016fm Nicolette a jej\u00edho man\u017eela\u2026<\/p>\n<p>Cel\u00fd p\u0159\u00edb\u011bh pak dost\u00e1v\u00e1 v\u011bt\u0161\u00ed sp\u00e1d pr\u00e1v\u011b v\u00a0moment\u011b, kdy se Wren a Sage rozhodnou zaklepat na dve\u0159e pr\u00e1v\u011b domu Nicolettina domu. Ob\u011b d\u011bjov\u00e9 linie se propojuj\u00ed, jen my je\u0161t\u011b v\u016fbec netu\u0161\u00edme, jakou to cel\u00e9 bude m\u00edt dohru. A p\u0159izn\u00e1m se, \u017ee konec, jak\u00fd m\u011b \u010dekal, jsem si v\u016fbec nep\u0159edstavovala, nicm\u00e9n\u011b d\u00e1val mi smysl a p\u0159edev\u0161\u00edm m\u011b hodn\u011b p\u0159ekvapil.<\/p>\n<p>Kniha D\u00edvky z\u00a0les\u016f m\u00e1 moc p\u011bkn\u00fd n\u00e1m\u011bt a je \u00fa\u017easn\u011b \u010dtiv\u00e1. D\u011bj v\u00e1s bav\u00ed ve v\u0161ech f\u00e1z\u00edch v\u00fdvoje p\u0159\u00edb\u011bhu. \u017d\u00e1nrov\u011b je sp\u00ed\u0161e psychologick\u00fdm rom\u00e1nem ne\u017eli thrillerem, tak\u017ee bude v\u00edc vyhovovat pr\u00e1v\u011b t\u011bm, kte\u0159\u00ed nevyhled\u00e1vaj\u00ed p\u0159\u00edb\u011bhy s\u00a0potoky krve, des\u00edtkami mrtvol a d\u011bsiv\u00fdmi sc\u00e9nkami. V\u00a0ka\u017ed\u00e9m p\u0159\u00edpad\u011b m\u00e1 tahle kniha skv\u011bl\u00fd n\u00e1boj, sp\u00e1d i my\u0161lenku.<\/p>\n<p>\u00a0<\/p>\n<p>Autorka recenze: Andrea Simoglu<\/p>\n<p>Autor:\u00a0Andrea Simoglu<\/p>\n","protected":false},"excerpt":{"rendered":"<p>P\u0159edstavte si chatku uprost\u0159ed les\u016f, daleko od civilizace, bez elekt\u0159iny a jak\u00fdchkoli v\u00fddobytk\u016f modern\u00ed doby. Tuhle romantiku ale cosi kaz\u00ed. T\u0159i sestry, kter\u00e9 zde \u017eij\u00ed se svou matkou, brzy zjist\u00ed, \u017ee jejich harmonick\u00fd \u017eivot v\u00a0divo\u010din\u011b skon\u010dil.<\/p>\n","protected":false},"author":2,"featured_media":325546,"comment_status":"open","ping_status":"open","sticky":false,"template":"","format":"standard","meta":{"_acf_changed":false,"_monsterinsights_skip_tracking":false,"_monsterinsights_sitenote_active":false,"_monsterinsights_sitenote_note":"","_monsterinsights_sitenote_category":0,"_EventAllDay":false,"_EventTimezone":"","_EventStartDate":"","_EventEndDate":"","_EventStartDateUTC":"","_EventEndDateUTC":"","_EventShowMap":false,"_EventShowMapLink":false,"_EventURL":"","_EventCost":"","_EventCostDescription":"","_EventCurrencySymbol":"","_EventCurrencyCode":"","_EventCurrencyPosition":"","_EventDateTimeSeparator":"","_EventTimeRangeSeparator":"","_EventOrganizerID":[],"_EventVenueID":[],"_OrganizerEmail":"","_OrganizerPhone":"","_OrganizerWebsite":"","_VenueAddress":"","_VenueCity":"","_VenueCountry":"","_VenueProvince":"","_VenueState":"","_VenueZip":"","_VenuePhone":"","_VenueURL":"","_VenueStateProvince":"","_VenueLat":"","_VenueLng":"","_VenueShowMap":false,"_VenueShowMapLink":false,"twitterCardType":"","cardImageID":0,"cardImage":"","cardTitle":"","cardDesc":"","cardImageAlt":"","cardPlayer":"","cardPlayerWidth":0,"cardPlayerHeight":0,"cardPlayerStream":"","cardPlayerCodec":"","footnotes":""},"categories":[7],"tags":[21832],"class_list":["post-325545","post","type-post","status-publish","format-standard","has-post-thumbnail","hentry","category-recenze","tag-literarni-kavarna"],"acf":{"related_products":null},"_links":{"self":[{"href":"https:\/\/www.luxor.cz\/blog\/wp-json\/wp\/v2\/posts\/325545","targetHints":{"allow":["GET"]}}],"collection":[{"href":"https:\/\/www.luxor.cz\/blog\/wp-json\/wp\/v2\/posts"}],"about":[{"href":"https:\/\/www.luxor.cz\/blog\/wp-json\/wp\/v2\/types\/post"}],"author":[{"embeddable":true,"href":"https:\/\/www.luxor.cz\/blog\/wp-json\/wp\/v2\/users\/2"}],"replies":[{"embeddable":true,"href":"https:\/\/www.luxor.cz\/blog\/wp-json\/wp\/v2\/comments?post=325545"}],"version-history":[{"count":0,"href":"https:\/\/www.luxor.cz\/blog\/wp-json\/wp\/v2\/posts\/325545\/revisions"}],"wp:featuredmedia":[{"embeddable":true,"href":"https:\/\/www.luxor.cz\/blog\/wp-json\/wp\/v2\/media\/325546"}],"wp:attachment":[{"href":"https:\/\/www.luxor.cz\/blog\/wp-json\/wp\/v2\/media?parent=325545"}],"wp:term":[{"taxonomy":"category","embeddable":true,"href":"https:\/\/www.luxor.cz\/blog\/wp-json\/wp\/v2\/categories?post=325545"},{"taxonomy":"post_tag","embeddable":true,"href":"https:\/\/www.luxor.cz\/blog\/wp-json\/wp\/v2\/tags?post=325545"}],"curies":[{"name":"wp","href":"https:\/\/api.w.org\/{rel}","templated":true}]}}