{"id":325539,"date":"2021-11-10T13:09:13","date_gmt":"2021-11-10T12:09:13","guid":{"rendered":"https:\/\/www.luxor.cz\/blog\/nezarazene\/63362-kolik-let-dokazete-venovat-lasce\/"},"modified":"2021-11-10T13:09:13","modified_gmt":"2021-11-10T12:09:13","slug":"63362-kolik-let-dokazete-venovat-lasce","status":"publish","type":"post","link":"https:\/\/www.luxor.cz\/blog\/recenze\/63362-kolik-let-dokazete-venovat-lasce\/","title":{"rendered":"Kolik let dok\u00e1\u017eete v\u011bnovat l\u00e1sce?"},"content":{"rendered":"<p>Tentokr\u00e1t n\u00e1s autor sezn\u00e1m\u00ed s\u00a0Ale\u0161em, \u00fasp\u011b\u0161n\u00fdm mu\u017eem, t\u0159ic\u00e1tn\u00edkem, kter\u00fd se v\u00a0roce 2001 zamiluje do \u017eeny. Ta na n\u011bj nalo\u017e\u00ed takovou porci l\u00e1sky, \u017ee nen\u00ed jasn\u00e9, jak to cel\u00e9 Ale\u0161 zvl\u00e1dne. Bude se s\u00a0n\u00ed muset nau\u010dit \u017e\u00edt. Je to p\u0159\u00edb\u011bh o \u0161t\u011bst\u00ed a o radosti, ale hlavn\u011b o b\u011b\u017en\u00fdch starostech a strastech, kter\u00e9 n\u00e1s v\u00a0\u017eivot\u011b mohou potkat.<\/p>\n<p>Tato kniha je pomalej\u0161\u00ed, nikam nesp\u011bch\u00e1, av\u0161ak za to pln\u00e1 pocit\u016f a emoc\u00ed, kter\u00e9 budete pro\u017e\u00edvat spole\u010dn\u011b s\u00a0hlavn\u00edm hrdinou. Kniha ze \u017eivota a o \u017eivot\u011b. Je dojemn\u00e1 i nap\u00ednav\u00e1, ak\u010dn\u00ed i rodinn\u00e1. \u010cekaj\u00ed n\u00e1s ne\u010dekan\u00e9 zvraty, kter\u00e9 n\u00e1s nut\u00ed \u010d\u00edst d\u00e1l, proto\u017ee budete pot\u0159ebovat v\u011bd\u011bt, jak to cel\u00e9 dopadne.<\/p>\n<p>D\u00edky p\u0159\u00edb\u011bhu se dostaneme na zn\u00e1m\u00e1 m\u00edsta, kter\u00e1 jsou kolem n\u00e1s, ale i tam, kam se t\u0159eba sami norm\u00e1ln\u011b nepod\u00edv\u00e1te a d\u00edky tomu pro\u017eijete v\u011bci, kter\u00e9 V\u00e1s jinak m\u00edjej\u00ed. Jeliko\u017e se to \u010dasto odehr\u00e1v\u00e1 v\u00a0prost\u0159ed\u00ed, kter\u00e9 nen\u00ed pro m\u011b b\u011b\u017en\u00e9, tak jsem si myslela, \u017ee m\u011b kniha nezas\u00e1hne, ale opak byl pravdou. Nejednou jsem se v\u00a0p\u0159\u00edb\u011bhu sama na\u0161la. Pocity, kter\u00e9 jsem ve sv\u00e9m \u017eivot\u011b za\u017e\u00edvala tu byly a j\u00e1 se do knihy mohla je\u0161t\u011b v\u00edce pono\u0159it.<\/p>\n<p>K\u00a0tomu mi pomohlo i to, \u017ee a\u010d na prvn\u00edch str\u00e1nk\u00e1ch mi byl Ale\u0161 zna\u010dn\u011b nesympatick\u00fd, ji\u017e brzy se to zm\u011bnilo a \u010d\u00edm d\u00e1l v\u00edc mi p\u0159ir\u016fstal k\u00a0srdci. Fandila jsem mu a p\u0159\u00e1la jen to dobr\u00e9. \u00dapln\u011b jsem se vid\u011bla, \u017ee bych s\u00a0n\u00edm klidn\u011b za\u0161la na kafe. Bylo vid\u011bt, \u017ee se mi opravdu dostal pod k\u016f\u017ei, nebo\u0165 po do\u010dten\u00ed knihy se mi o n\u011bm je\u0161t\u011b zd\u00e1lo a j\u00e1 ve snu pokra\u010dovala s\u00a0jeho p\u0159\u00edb\u011bhem. M\u016fj mozek se sna\u017eil vymyslet, kam by se jeho \u017eivot mohl ub\u00edrat d\u00e1l.<\/p>\n<p>Autor do p\u0159\u00edb\u011bhu zakomponoval spoustu skute\u010dn\u00fdch osobnost\u00ed, zn\u00e1m\u00e9 ud\u00e1losti a t\u0159eba i televizn\u00ed seri\u00e1ly. T\u00edm si V\u00e1s op\u011bt z\u00edsk\u00e1 a p\u0159ipomene V\u00e1m, co jste t\u0159eba Vy d\u011blali pr\u00e1v\u011b v\u00a0ur\u010ditou dobu.<\/p>\n<p>U kn\u00ed\u017eek m\u00e1m r\u00e1da, kdy\u017e o nich v\u00edm co nejm\u00e9n\u011b. Mus\u00edm \u0159\u00edct, \u017ee anotace toho moc neprozrazuje a ani j\u00e1 V\u00e1m toho v\u00edc neprozrad\u00edm. \u201eWau efekt\u201c, kter\u00fd se tak dostavil byl \u00fa\u017easn\u00fd a byla jsem r\u00e1da, \u017ee d\u00edky stroh\u00e9mu popisu knihy, na m\u011b v\u00a0p\u0159\u00edb\u011bhu \u010dekalo nejedno \u00fa\u017easn\u00e9 p\u0159ekvapen\u00ed. V\u016fbec jsem nedok\u00e1zala odhadnout, jak to bude d\u00e1l a d\u00edky tomu jsem si u\u017e\u00edvala v\u0161echny situace, kter\u00e9 nejen Ale\u0161e potkaly.<\/p>\n<p>Nev\u00edm, pro\u010d jsem knihy Patrika Hartla opom\u00edjela a je mi jasn\u00e9, \u017ee si dal\u0161\u00ed nenech\u00e1m uj\u00edt. V\u011b\u0159\u00edm, \u017ee i Ti z\u00a0V\u00e1s, kte\u0159\u00ed jsou na tom stejn\u011b a autora zat\u00edm ne\u010detli, ho r\u00e1di vyzkou\u0161\u00ed. P\u0159eji p\u0159\u00edjemn\u00e9 po\u010dten\u00ed.<\/p>\n<p>\u00a0<\/p>\n<p>Eva Francov\u00e1<\/p>\n<p>\u00a0<\/p>\n<p>Autor:\u00a0Eva Francov\u00e1<\/p>\n","protected":false},"excerpt":{"rendered":"<p>Moje prvn\u00ed setk\u00e1n\u00ed s\u00a0Patrikem Hartlem. Nev\u011bd\u011bla jsem, co od n\u011bj m\u00e1m o\u010dek\u00e1vat a mus\u00edm \u0159\u00edct, \u017ee jsem byla nad\u0161en\u00e1. U\u017e ch\u00e1pu ty, kte\u0159\u00ed nedo\u010dkav\u011b \u010dekaj\u00ed na ka\u017edou jeho dal\u0161\u00ed knihu. P\u0159\u00ed\u0161t\u011b budu rozhodn\u011b mezi nimi i j\u00e1.<\/p>\n","protected":false},"author":2,"featured_media":325540,"comment_status":"open","ping_status":"open","sticky":false,"template":"","format":"standard","meta":{"_acf_changed":false,"_monsterinsights_skip_tracking":false,"_monsterinsights_sitenote_active":false,"_monsterinsights_sitenote_note":"","_monsterinsights_sitenote_category":0,"_EventAllDay":false,"_EventTimezone":"","_EventStartDate":"","_EventEndDate":"","_EventStartDateUTC":"","_EventEndDateUTC":"","_EventShowMap":false,"_EventShowMapLink":false,"_EventURL":"","_EventCost":"","_EventCostDescription":"","_EventCurrencySymbol":"","_EventCurrencyCode":"","_EventCurrencyPosition":"","_EventDateTimeSeparator":"","_EventTimeRangeSeparator":"","_EventOrganizerID":[],"_EventVenueID":[],"_OrganizerEmail":"","_OrganizerPhone":"","_OrganizerWebsite":"","_VenueAddress":"","_VenueCity":"","_VenueCountry":"","_VenueProvince":"","_VenueState":"","_VenueZip":"","_VenuePhone":"","_VenueURL":"","_VenueStateProvince":"","_VenueLat":"","_VenueLng":"","_VenueShowMap":false,"_VenueShowMapLink":false,"twitterCardType":"","cardImageID":0,"cardImage":"","cardTitle":"","cardDesc":"","cardImageAlt":"","cardPlayer":"","cardPlayerWidth":0,"cardPlayerHeight":0,"cardPlayerStream":"","cardPlayerCodec":"","footnotes":""},"categories":[7],"tags":[21832],"class_list":["post-325539","post","type-post","status-publish","format-standard","has-post-thumbnail","hentry","category-recenze","tag-literarni-kavarna"],"acf":{"related_products":null},"_links":{"self":[{"href":"https:\/\/www.luxor.cz\/blog\/wp-json\/wp\/v2\/posts\/325539","targetHints":{"allow":["GET"]}}],"collection":[{"href":"https:\/\/www.luxor.cz\/blog\/wp-json\/wp\/v2\/posts"}],"about":[{"href":"https:\/\/www.luxor.cz\/blog\/wp-json\/wp\/v2\/types\/post"}],"author":[{"embeddable":true,"href":"https:\/\/www.luxor.cz\/blog\/wp-json\/wp\/v2\/users\/2"}],"replies":[{"embeddable":true,"href":"https:\/\/www.luxor.cz\/blog\/wp-json\/wp\/v2\/comments?post=325539"}],"version-history":[{"count":0,"href":"https:\/\/www.luxor.cz\/blog\/wp-json\/wp\/v2\/posts\/325539\/revisions"}],"wp:featuredmedia":[{"embeddable":true,"href":"https:\/\/www.luxor.cz\/blog\/wp-json\/wp\/v2\/media\/325540"}],"wp:attachment":[{"href":"https:\/\/www.luxor.cz\/blog\/wp-json\/wp\/v2\/media?parent=325539"}],"wp:term":[{"taxonomy":"category","embeddable":true,"href":"https:\/\/www.luxor.cz\/blog\/wp-json\/wp\/v2\/categories?post=325539"},{"taxonomy":"post_tag","embeddable":true,"href":"https:\/\/www.luxor.cz\/blog\/wp-json\/wp\/v2\/tags?post=325539"}],"curies":[{"name":"wp","href":"https:\/\/api.w.org\/{rel}","templated":true}]}}