{"id":325537,"date":"2021-11-12T13:12:37","date_gmt":"2021-11-12T12:12:37","guid":{"rendered":"https:\/\/www.luxor.cz\/blog\/nezarazene\/63363-novinka-autorky-divky-ve-vlaku\/"},"modified":"2021-11-12T13:12:37","modified_gmt":"2021-11-12T12:12:37","slug":"63363-novinka-autorky-divky-ve-vlaku","status":"publish","type":"post","link":"https:\/\/www.luxor.cz\/blog\/recenze\/63363-novinka-autorky-divky-ve-vlaku\/","title":{"rendered":"Novinka autorky D\u00edvky ve vlaku"},"content":{"rendered":"<p><strong>Vra\u017eda a t\u0159i podez\u0159el\u00e9 \u017eeny<\/strong><\/p>\n<p>Na za\u010d\u00e1tku cel\u00e9ho p\u0159\u00edb\u011bhu je brut\u00e1ln\u00ed vra\u017eda mlad\u00e9ho mu\u017ee, jeho\u017e mrtv\u00e9 t\u011blo je nalezeno na \u0159\u00ed\u010dn\u00edm \u010dlunu v Lond\u00fdn\u011b. A hned tu taky m\u00e1me t\u0159i podez\u0159el\u00e9 \u017eeny: Lauru, Miriam a Carlu.<\/p>\n<p>Prvn\u00ed z\u00a0nich, Laura, se p\u0159\u00edmo nab\u00edz\u00ed: s\u00a0Danielem str\u00e1vila noc p\u0159edt\u00edm, ne\u017e byl zavra\u017ed\u011bn. Krom\u011b toho m\u00e1 tak trochu podiv\u00ednskou povahu a nechyb\u00ed j\u00ed temperament. Miriam je sousedka zavra\u017ed\u011bn\u00e9ho mu\u017ee a i kdy\u017e na vlastn\u00ed o\u010di vid\u011bla Lauru pot\u0159\u00edsn\u011bnou krv\u00ed odch\u00e1zet z\u00a0m\u00edsta \u010dinu, ze sv\u00e9 zku\u0161enosti moc dob\u0159e v\u00ed, \u017ee tenhle fakt nemus\u00ed znamenat v\u016fbec nic. Sama se kdysi ocitla tam, kde nem\u011bla a tahle trpk\u00e1 vzpom\u00ednka ji nyn\u00ed nut\u00ed d\u00edvat se na v\u011bci z\u00a0jin\u00e9ho \u00fahlu ne\u017e v\u011bt\u0161ina lid\u00ed. A nakonec Carla, Danielova teta, kter\u00e1 se je\u0161t\u011b nevzpamatovala ze smrti jin\u00e9ho p\u0159\u00edbuzn\u00e9ho, a kter\u00e1 nem\u00e1 d\u016fv\u011bru v\u016fbec v\u00a0nikoho.<\/p>\n<p>Lauru, Miriam a Carlu na prvn\u00ed pohled nespojuje v\u016fbec nic \u2013 krom\u011b nen\u00e1visti, jakou chovaly k\u00a0zavra\u017ed\u011bn\u00e9mu Danielovi.<\/p>\n<p>D\u00edky sv\u00e9 z\u00e1pletce tenhle p\u0159\u00edb\u011bh malinko bud\u00ed dojem rodinn\u00e9 s\u00e1gy. Pot\u00e9, co zji\u0161\u0165ujeme, \u017ee jeden ze \u010dlen\u016f rodiny je nalezen zavra\u017ed\u011bn\u00fd, poodhalujeme slo\u017eitost vztah\u016f v\u00a0t\u00e9hle rodin\u011b, a jak moc jejich nyn\u011bj\u0161\u00ed vztahy souvis\u00ed s\u00a0ud\u00e1lostmi z\u00a0minulosti. Jak se toti\u017e dozv\u00edd\u00e1me, nejeden\u00e1 se o prvn\u00ed z\u00e1hadn\u00e9 \u00famrt\u00ed \u010dlena t\u00e9hle rodiny za podivn\u00fdch okolnost\u00ed.<\/p>\n<p>P\u0159\u00edb\u011bh n\u00e1m postupn\u011b p\u0159edstavuje dal\u0161\u00ed a dal\u0161\u00ed postavy: p\u0159\u00edbuzn\u00e9, zn\u00e1m\u00e9, sousedy a kamar\u00e1dy. Pavu\u010dina jednotliv\u00fdch vztah\u016f je docela spletit\u00e1, ale m\u00e1 zcela z\u00e1sadn\u00ed v\u00fdznam pro odhalen\u00ed z\u00e1pletky. Jednotliv\u00e9 postavy jsou moc dob\u0159e prokreslen\u00e9, podobn\u011b, jak to zn\u00e1me z\u00a0knihy D\u00edvka ve vlaku. Chov\u00e1n\u00ed, reakce i zp\u016fsob \u0159e\u010di p\u0159esn\u011b odpov\u00edd\u00e1 povaze postav. Obzvl\u00e1\u0161\u0165 Laura je dost specifick\u00e1 a mn\u011b ob\u010das dost lezla na nervy, i kdy\u017e jej\u00ed ironick\u00e9 glosy byly hodn\u011b z\u00e1bavn\u00e9.<\/p>\n<p><strong>V\u00edc ne\u017e strhuj\u00edc\u00ed thriller<\/strong><\/p>\n<p>Styl Pauly Hawkins se mi celkov\u011b moc l\u00edb\u00ed. Pomalu ho\u0159\u00edc\u00ed ohe\u0148 m\u00e1 dob\u0159e promy\u0161lenou z\u00e1pletku a skv\u011ble vystav\u011bnou konstrukci p\u0159\u00edb\u011bhu. P\u0159edchoz\u00ed autor\u010din\u011b knize, Do vody, byla vy\u010d\u00edt\u00e1na \u0161patn\u00e1 orientace a p\u0159\u00edli\u0161 mnoho postav, z\u00a0jejich\u017e pohledu byl \u010dten\u00e1\u0159i p\u0159\u00edb\u011bh p\u0159edkl\u00e1d\u00e1n. V\u00a0knize Pomalu ho\u0159\u00edc\u00ed ohe\u0148 se tohoto ob\u00e1vat nemus\u00edte. P\u0159esto\u017ee postav je tu pom\u011brn\u011b hodn\u011b, orientujete se v\u00a0nich snadno a v\u00a0prov\u00e1zanosti jejich vztah\u016f se neztr\u00e1c\u00edte.<\/p>\n<p>Zp\u016fsob a forma, jak\u00fdm Paula Hawkins p\u00ed\u0161e svoje knihy, je m\u00edsty hodn\u011b precizn\u00ed, a\u017e \u0159emesln\u00e1! Ve srovn\u00e1n\u00ed s\u00a0jin\u00fdmi modern\u00edmi thrillery a detektivkami jsou knihy t\u00e9hle autorky jemn\u011bj\u0161\u00ed, obohacen\u00e9 o faktor lidskosti a psychologie.<\/p>\n<p>A pochv\u00e1lit mus\u00edm pr\u00e1v\u011b tak\u00e9 psychologickou str\u00e1nku p\u0159\u00edb\u011bhu. Stejn\u011b jako p\u0159edchoz\u00ed dv\u011b knihy t\u00e9hle autorky bych i Pomalu ho\u0159\u00edc\u00ed ohe\u0148 za\u0159adila do \u017e\u00e1nru psychologick\u00fdch rom\u00e1n\u016f s\u00a0detektivn\u00ed z\u00e1pletkou. Pokud o\u010dek\u00e1v\u00e1te strhuj\u00edc\u00ed j\u00edzdu, p\u0159i kter\u00e9 nebudete m\u00edt \u010das se ani nadechnout, budete asi trochu zklaman\u00ed. Jestli v\u00e1m ale naopak vyhovuje pomalej\u0161\u00ed tempo a hled\u00e1te n\u011bco v\u00edc ne\u017e jen klasickou detektivku, budete nad\u0161en\u00ed!<\/p>\n<p>\u00a0<\/p>\n<p>Autorka: Andrea Simoglu<\/p>\n<p>Autor:\u00a0Andrea Simoglu<\/p>\n","protected":false},"excerpt":{"rendered":"<p>Dal\u0161\u00ed kniha autorky fenomen\u00e1ln\u00ed D\u00edvky ve vlaku je tady a vzhledem k\u00a0\u00fasp\u011b\u0161nosti autor\u010diny prvotiny ji kni\u017en\u00ed trh vyhl\u00ed\u017eel s\u00a0obrovsk\u00fdm o\u010dek\u00e1v\u00e1n\u00edm a ot\u00e1zkou, zda i Pomalu ho\u0159\u00edc\u00ed ohe\u0148 sklid\u00ed stejn\u00fd \u00fasp\u011bch.<\/p>\n","protected":false},"author":2,"featured_media":325538,"comment_status":"open","ping_status":"open","sticky":false,"template":"","format":"standard","meta":{"_acf_changed":false,"_monsterinsights_skip_tracking":false,"_monsterinsights_sitenote_active":false,"_monsterinsights_sitenote_note":"","_monsterinsights_sitenote_category":0,"_EventAllDay":false,"_EventTimezone":"","_EventStartDate":"","_EventEndDate":"","_EventStartDateUTC":"","_EventEndDateUTC":"","_EventShowMap":false,"_EventShowMapLink":false,"_EventURL":"","_EventCost":"","_EventCostDescription":"","_EventCurrencySymbol":"","_EventCurrencyCode":"","_EventCurrencyPosition":"","_EventDateTimeSeparator":"","_EventTimeRangeSeparator":"","_EventOrganizerID":[],"_EventVenueID":[],"_OrganizerEmail":"","_OrganizerPhone":"","_OrganizerWebsite":"","_VenueAddress":"","_VenueCity":"","_VenueCountry":"","_VenueProvince":"","_VenueState":"","_VenueZip":"","_VenuePhone":"","_VenueURL":"","_VenueStateProvince":"","_VenueLat":"","_VenueLng":"","_VenueShowMap":false,"_VenueShowMapLink":false,"twitterCardType":"","cardImageID":0,"cardImage":"","cardTitle":"","cardDesc":"","cardImageAlt":"","cardPlayer":"","cardPlayerWidth":0,"cardPlayerHeight":0,"cardPlayerStream":"","cardPlayerCodec":"","footnotes":""},"categories":[7],"tags":[21832],"class_list":["post-325537","post","type-post","status-publish","format-standard","has-post-thumbnail","hentry","category-recenze","tag-literarni-kavarna"],"acf":{"related_products":null},"_links":{"self":[{"href":"https:\/\/www.luxor.cz\/blog\/wp-json\/wp\/v2\/posts\/325537","targetHints":{"allow":["GET"]}}],"collection":[{"href":"https:\/\/www.luxor.cz\/blog\/wp-json\/wp\/v2\/posts"}],"about":[{"href":"https:\/\/www.luxor.cz\/blog\/wp-json\/wp\/v2\/types\/post"}],"author":[{"embeddable":true,"href":"https:\/\/www.luxor.cz\/blog\/wp-json\/wp\/v2\/users\/2"}],"replies":[{"embeddable":true,"href":"https:\/\/www.luxor.cz\/blog\/wp-json\/wp\/v2\/comments?post=325537"}],"version-history":[{"count":0,"href":"https:\/\/www.luxor.cz\/blog\/wp-json\/wp\/v2\/posts\/325537\/revisions"}],"wp:featuredmedia":[{"embeddable":true,"href":"https:\/\/www.luxor.cz\/blog\/wp-json\/wp\/v2\/media\/325538"}],"wp:attachment":[{"href":"https:\/\/www.luxor.cz\/blog\/wp-json\/wp\/v2\/media?parent=325537"}],"wp:term":[{"taxonomy":"category","embeddable":true,"href":"https:\/\/www.luxor.cz\/blog\/wp-json\/wp\/v2\/categories?post=325537"},{"taxonomy":"post_tag","embeddable":true,"href":"https:\/\/www.luxor.cz\/blog\/wp-json\/wp\/v2\/tags?post=325537"}],"curies":[{"name":"wp","href":"https:\/\/api.w.org\/{rel}","templated":true}]}}