{"id":325533,"date":"2021-11-16T12:46:46","date_gmt":"2021-11-16T11:46:46","guid":{"rendered":"https:\/\/www.luxor.cz\/blog\/nezarazene\/63370-let-na-ktery-se-nezapomina\/"},"modified":"2021-11-16T12:46:46","modified_gmt":"2021-11-16T11:46:46","slug":"63370-let-na-ktery-se-nezapomina","status":"publish","type":"post","link":"https:\/\/www.luxor.cz\/blog\/recenze\/63370-let-na-ktery-se-nezapomina\/","title":{"rendered":"Let, na kter\u00fd se nezapom\u00edn\u00e1"},"content":{"rendered":"<p><strong>Martin Moravec<\/strong> je zn\u00e1m\u00fd \u010desk\u00fd novin\u00e1\u0159 a spisovatel. Obrovsk\u00fd \u00fasp\u011bch zaznamenal jeho kni\u017en\u00ed rozhovor s\u00a0p\u0159edn\u00edm \u010desk\u00fdm neurochirurgem Vladim\u00edrem Bene\u0161em <em>M\u00e9 cesty do hlubin mozku<\/em>, kter\u00fd vy\u0161el p\u0159ed dv\u011bma lety, n\u011bkolikr\u00e1t se dotiskoval a na Datab\u00e1zi knih m\u00e1 skv\u011bl\u00e9 pr\u016fm\u011brn\u00e9 hodnocen\u00ed 93 %! Novinka <em>Mluv\u00ed k\u00a0v\u00e1m kapit\u00e1n<\/em> je ji\u017e jeho p\u00e1tou knihou. Tentokr\u00e1t se rozhodl sepsat rozhovor s\u00a0pilotem Davidem Heclem.<\/p>\n<p><strong>David Hecl<\/strong> je vynikaj\u00edc\u00ed \u010desk\u00fd pilot, kter\u00fd se sv\u00e9mu zam\u011bstn\u00e1n\u00ed v\u011bnuje ji\u017e v\u00edce ne\u017e t\u0159icet let. Pracoval u n\u011bkolika spole\u010dnost\u00ed a stal se jako prvn\u00ed \u010cech kapit\u00e1nem i na Airbusu A380, nejv\u011bt\u0161\u00edm dopravn\u00edm letadle sv\u011bta.<\/p>\n<p>Kniha je rozd\u011blen\u00e1 do p\u011bti \u010d\u00e1st\u00ed. Prvn\u00ed \u010d\u00e1st s\u00a0n\u00e1zvem <u>Ve vzduchu<\/u> se v\u011bnuje letectv\u00ed obecn\u011b a p\u0159ibli\u017euje \u010dten\u00e1\u0159i z\u00e1kladn\u00ed informace. Druh\u00e1 \u010d\u00e1st <u>Mayday<\/u> u\u017e je o hodn\u011b zaj\u00edmav\u011bj\u0161\u00ed a d\u00e1v\u00e1 nahl\u00e9dnout i do z\u00e1kulis\u00ed. P\u0159ibli\u017euje rizikov\u00e9 situace, od nemocn\u00e9ho na palub\u011b a\u017e po \u00fanos letadla. <u>M\u016fj p\u0159\u00edb\u011bh<\/u> je n\u00e1zev t\u0159et\u00ed \u010d\u00e1sti, ve kter\u00e9 David Hecl l\u00ed\u010d\u00ed svou cestu k\u00a0pilotov\u00e1n\u00ed, vypr\u00e1v\u00ed, jak\u00e9 je to pracovat po cel\u00e9m sv\u011bt\u011b \u010di jak se od sebe leteck\u00e9 spole\u010dnosti li\u0161\u00ed. \u010ctvrt\u00e1 \u010d\u00e1st <u>\u017divot pilota<\/u> se zab\u00fdv\u00e1 n\u00e1ro\u010dnost\u00ed povol\u00e1n\u00ed. Od sp\u00e1nkov\u00e9ho deficitu, p\u0159es zdravotn\u00ed probl\u00e9my a r\u016fzn\u00e9 komplikace v\u00a0osobn\u00edm \u017eivot\u011b. Posledn\u00ed \u010d\u00e1st nese zaj\u00edmav\u00fd velmi n\u00e1zev <u>Velryba<\/u> a soust\u0159ed\u00ed se v\u00fdhradn\u011b na slavn\u00fd Airbus A380 \u2013 jak toto nejv\u011bt\u0161\u00ed dopravn\u00ed letadlo sv\u011bta vypad\u00e1, jak\u00e9 je to b\u00fdt jeho kapit\u00e1nem a jak\u00e9 jsou z\u00e1\u017eitky, na kter\u00e9 David Hecl v\u00a0souvislosti s\u00a0t\u00edmto ob\u0159\u00edm strojem asi nikdy nezapomene. Nechyb\u00ed ani fotografick\u00e1 p\u0159\u00edloha na z\u00e1v\u011br.<\/p>\n<p>Krom\u011b spousty zaj\u00edmav\u00fdch a nov\u00fdch informac\u00ed z\u00a0leteck\u00e9ho prost\u0159ed\u00ed se ale \u010dten\u00e1\u0159 z\u00a0kni\u017en\u00edho rozhovoru dozv\u00ed i neuv\u011b\u0159iteln\u00e9 mno\u017estv\u00ed z\u00e1kulisn\u00edch a \u201epikantn\u00edch\u201c detail\u016f. Jako nap\u0159\u00edklad: \u201eJak\u00e9 je to v\u00e9st prince Harryho \u010di Karla Gotta?\u201c \u201eCo pilota p\u0159i letu m\u016f\u017ee uspat?\u201c \u201eJak let prob\u00edh\u00e1 a jak n\u00e1ro\u010dn\u00e1 je p\u0159\u00edprava?\u201c \u201eJak lze p\u0159ev\u00e9st zv\u00ed\u0159ata?\u201c \u201eCo v\u0161e m\u016f\u017ee v\u00a0letadle ho\u0159et?\u201c \u201eCo d\u011blat, kdy\u017e do letadla ude\u0159\u00ed blesk nebo naraz\u00ed do pt\u00e1ka?\u201c \u201eJak se letadla ocitnou na pou\u0161ti?\u201c. A je\u0161t\u011b spoustu dal\u0161\u00edch zaj\u00edmavost\u00ed!<\/p>\n<p>Osobn\u011b jsem se knihy z\u00a0po\u010d\u00e1tku tro\u0161ku ob\u00e1vala. Jsem toti\u017e velk\u00fd stra\u0161pytel a l\u00e9t\u00e1n\u00ed se boj\u00edm. Z\u00e1rove\u0148 m\u011b ale l\u00e1k\u00e1 a fascinuje. Autorova p\u0159edchoz\u00ed kniha <em>M\u00e9 cesty do hlubin mozku<\/em> m\u011b zas\u00e1hla natolik siln\u011b, \u017ee jsem i p\u0159es sv\u016fj strach z\u00a0l\u00e9t\u00e1n\u00ed po novince <em>Mluv\u00ed k\u00a0v\u00e1m kapit\u00e1n<\/em> s\u00e1hla. A popravd\u011b \u2013 dob\u0159e jsem ud\u011blala!<\/p>\n<p>Martin Moravec pokl\u00e1d\u00e1 zaj\u00edmav\u00e9 a dopl\u0148uj\u00edc\u00ed ot\u00e1zky, d\u00edky kter\u00fdm jsem se dozv\u011bd\u011bla v\u00edce nov\u00fdch informac\u00ed o letectv\u00ed, ne\u017e za cel\u00fd sv\u016fj \u017eivot! Rozhovor m\u011bl skv\u011bl\u00e9 a logick\u00e9 rozd\u011blen\u00ed a ka\u017ed\u00e1 jeho \u010d\u00e1st d\u00e1vala smysl jako samostatn\u00fd celek. Ano, m\u00edsty to pro neznalce problematiky m\u016f\u017ee b\u00fdt hodn\u011b podrobn\u00e9, ale j\u00e1 rozhodn\u011b nelituji ani jedn\u00e9 minuty, kterou jsem s\u00a0knihou str\u00e1vila.<\/p>\n<p>Nezb\u00fdv\u00e1 mi proto ne\u017e jen pod\u011bkovat autorovi a samoz\u0159ejm\u011b i Davidu Heclovi za skv\u011bl\u00fd \u010dten\u00e1\u0159sk\u00fd z\u00e1\u017eitek, kter\u00fd si moc r\u00e1da zopakuji i p\u0159\u00ed\u0161t\u00ed rok, jakmile vyjde audiokniha. Mus\u00edm \u0159\u00edct, \u017ee obdivuji piloty je\u0161t\u011b v\u00edce ne\u017e p\u0159edt\u00edm. Maj\u00ed m\u016fj respekt za to, jak\u00e1 d\u0159ina je jejich povol\u00e1n\u00ed, za neust\u00e1l\u00e9 studium i obrovskou zodpov\u011bdnost.<\/p>\n<p>Douf\u00e1m, \u017ee Martin Moravec p\u0159ijde brzy s\u00a0dal\u0161\u00edm nev\u0161edn\u00edm kni\u017en\u00edm rozhovorem. Nemohu se do\u010dkat!<\/p>\n<p>\u00a0<\/p>\n<p>Karol\u00edna Sk\u00e1celov\u00e1<\/p>\n<p>Autor:\u00a0Karol\u00edna Sk\u00e1celov\u00e1<\/p>\n","protected":false},"excerpt":{"rendered":"<p>D\u00e1my a p\u00e1nov\u00e9, p\u0159ipoutejte se pros\u00edm. \u010cek\u00e1 n\u00e1s dlouh\u00fd let pln\u00fd nev\u0161edn\u00edch z\u00e1\u017eitk\u016f a z\u00e1kulisn\u00edch informac\u00ed. Je tady novinka <em>Mluv\u00ed k\u00a0v\u00e1m kapit\u00e1n<\/em>!<\/p>\n","protected":false},"author":2,"featured_media":325534,"comment_status":"open","ping_status":"open","sticky":false,"template":"","format":"standard","meta":{"_acf_changed":false,"_monsterinsights_skip_tracking":false,"_monsterinsights_sitenote_active":false,"_monsterinsights_sitenote_note":"","_monsterinsights_sitenote_category":0,"_EventAllDay":false,"_EventTimezone":"","_EventStartDate":"","_EventEndDate":"","_EventStartDateUTC":"","_EventEndDateUTC":"","_EventShowMap":false,"_EventShowMapLink":false,"_EventURL":"","_EventCost":"","_EventCostDescription":"","_EventCurrencySymbol":"","_EventCurrencyCode":"","_EventCurrencyPosition":"","_EventDateTimeSeparator":"","_EventTimeRangeSeparator":"","_EventOrganizerID":[],"_EventVenueID":[],"_OrganizerEmail":"","_OrganizerPhone":"","_OrganizerWebsite":"","_VenueAddress":"","_VenueCity":"","_VenueCountry":"","_VenueProvince":"","_VenueState":"","_VenueZip":"","_VenuePhone":"","_VenueURL":"","_VenueStateProvince":"","_VenueLat":"","_VenueLng":"","_VenueShowMap":false,"_VenueShowMapLink":false,"twitterCardType":"","cardImageID":0,"cardImage":"","cardTitle":"","cardDesc":"","cardImageAlt":"","cardPlayer":"","cardPlayerWidth":0,"cardPlayerHeight":0,"cardPlayerStream":"","cardPlayerCodec":"","footnotes":""},"categories":[7],"tags":[21832],"class_list":["post-325533","post","type-post","status-publish","format-standard","has-post-thumbnail","hentry","category-recenze","tag-literarni-kavarna"],"acf":{"related_products":null},"_links":{"self":[{"href":"https:\/\/www.luxor.cz\/blog\/wp-json\/wp\/v2\/posts\/325533","targetHints":{"allow":["GET"]}}],"collection":[{"href":"https:\/\/www.luxor.cz\/blog\/wp-json\/wp\/v2\/posts"}],"about":[{"href":"https:\/\/www.luxor.cz\/blog\/wp-json\/wp\/v2\/types\/post"}],"author":[{"embeddable":true,"href":"https:\/\/www.luxor.cz\/blog\/wp-json\/wp\/v2\/users\/2"}],"replies":[{"embeddable":true,"href":"https:\/\/www.luxor.cz\/blog\/wp-json\/wp\/v2\/comments?post=325533"}],"version-history":[{"count":0,"href":"https:\/\/www.luxor.cz\/blog\/wp-json\/wp\/v2\/posts\/325533\/revisions"}],"wp:featuredmedia":[{"embeddable":true,"href":"https:\/\/www.luxor.cz\/blog\/wp-json\/wp\/v2\/media\/325534"}],"wp:attachment":[{"href":"https:\/\/www.luxor.cz\/blog\/wp-json\/wp\/v2\/media?parent=325533"}],"wp:term":[{"taxonomy":"category","embeddable":true,"href":"https:\/\/www.luxor.cz\/blog\/wp-json\/wp\/v2\/categories?post=325533"},{"taxonomy":"post_tag","embeddable":true,"href":"https:\/\/www.luxor.cz\/blog\/wp-json\/wp\/v2\/tags?post=325533"}],"curies":[{"name":"wp","href":"https:\/\/api.w.org\/{rel}","templated":true}]}}