{"id":325525,"date":"2021-11-24T13:24:42","date_gmt":"2021-11-24T12:24:42","guid":{"rendered":"https:\/\/www.luxor.cz\/blog\/nezarazene\/63368-o-covidu-s-humorem\/"},"modified":"2021-11-24T13:24:42","modified_gmt":"2021-11-24T12:24:42","slug":"63368-o-covidu-s-humorem","status":"publish","type":"post","link":"https:\/\/www.luxor.cz\/blog\/recenze\/63368-o-covidu-s-humorem\/","title":{"rendered":"O covidu s humorem"},"content":{"rendered":"<p>Covid jsem prod\u011blala letos v b\u0159eznu a to v osm\u00e9m m\u011bs\u00edci t\u011bhotenstv\u00ed, tak\u017ee proch\u00e1zka r\u016f\u017eov\u00fdm sadem to rozhodn\u011b nebyla. A to jsem na tom nebyla tak \u0161patn\u011b, abych skon\u010dila v nemocnici jako spousta z v\u00e1s. Proto rozhodn\u011b situaci kolem covidu nezleh\u010duji. Ale v\u00edm, \u017ee aby se \u010dlov\u011bk \u00fapln\u011b nepom\u00e1tl ze v\u0161eho kolem, je zapot\u0159eb\u00ed i notn\u00e1 d\u00e1vka humoru a nadhledu.<\/p>\n<p>A p\u0159esn\u011b tohle maj\u00ed v\u0161echny knihy od Dominika Landsmana. Tak\u017ee hned jak jsem zaznamenala mo\u017enost p\u0159edobjednat si dal\u0161\u00ed knihu od \u201cmodern\u00edho fotra\u201d na t\u00e9ma karant\u00e9ny a toho ob\u00e1van\u00e9ho \u010d\u00ednsk\u00e9ho p\u0159ivandrovalce, bylo mi jasn\u00e9, \u017ee to je to prav\u00e9 o\u0159echov\u00e9 co si nejen chci, ale i pot\u0159ebuji p\u0159e\u010d\u00edst.<\/p>\n<p>V \u00favodu n\u00e1m Dominik pop\u00ed\u0161e, jak to v\u0161echno asi za\u010dalo. Z m\u00e9ho pohledu se rozhodn\u011b ta nejzaj\u00edmav\u011bj\u0161\u00ed mo\u017enost o tom, kde se vzal covid, zd\u00e1 historka o t\u0159ech kamar\u00e1dech, Kung Pao, \u0160vej \u017du\u017eu a Jarn\u00ed Z\u00e1vitek, kte\u0159\u00ed si k ob\u011bdu dali netop\u00fdra. Ale vy se t\u0159eba p\u0159iklon\u00edte k jin\u00e9, sp\u00ed\u0161e pravd\u011bpodobn\u011bj\u0161\u00ed verzi.<\/p>\n<p>Dal\u0161\u00ed kapitoly se odehr\u00e1vaj\u00ed po m\u011bs\u00edc\u00edch, od \u00fanora 2020 do b\u0159ezna 2021. V ka\u017ed\u00e9 kapitole se Dominik vtipn\u011b a ironicky v\u011bnuje tomu jak\u00e1 byla situace u n\u00e1s v \u010cesku, co vymysleli, zak\u00e1zali \u010di naopak n\u00e1m p\u0159ik\u00e1zali p\u00e1ni poslanci a p\u0159edev\u0161\u00edm co se ten jist\u00fd m\u011bs\u00edc d\u011blo doma u modern\u00edho fotra.<\/p>\n<p>Za m\u011b, naprosto nej\u00fa\u017easn\u011bj\u0161\u00ed kapitoly jsou ty, ve kter\u00fdch Dominik popisuje dom\u00e1c\u00ed v\u00fduku \u010ce\u0148ka. Zn\u00ed to jako krocen\u00ed div\u00e9 zv\u011b\u0159e, ale ur\u010dit\u011b se v tom pozn\u00e1te vy v\u0161ichni, kte\u0159\u00ed jste m\u011bli podobn\u00e9 zku\u0161enosti a dennodenn\u011b jste tohle sebetr\u00fdzn\u011bn\u00ed s v\u011btou \u201cM\u00e1ma mele maso.\u201d, podstupovali. V ten okam\u017eik v\u00e1m to p\u0159i\u0161lo jist\u011b sp\u00ed\u0161e k pl\u00e1\u010di ne\u017e k sm\u00edchu, ale s odstupem \u010dasu a fantastick\u00e9m barvit\u00e9m l\u00ed\u010den\u00ed Dominika se neubr\u00e1n\u00edte hlasit\u00e9mu sm\u00edchu a budete vzpom\u00ednat na sv\u00e9 vlastn\u00ed z\u00e1\u017eitky.<\/p>\n<p>Vzhledem k tomu, \u017ee ten z\u00e1ke\u0159n\u00fd \u010d\u00ed\u0148an je tu st\u00e1le s n\u00e1mi a nem\u00e1 se k odchodu. Pus\u0165te se do \u010dten\u00ed, bavte se a po\u0159\u00e1dn\u011b se sm\u011bjte. Proto\u017ee sm\u00edch p\u0159ece l\u00e9\u010d\u00ed, ne? A kdy\u017e ne fyzicky, tak psychicky ur\u010dit\u011b.<\/p>\n<p>\u00a0<\/p>\n<p>Mark\u00e9ta Posp\u00ed\u0161ilov\u00e1<\/p>\n<p>Autor:\u00a0Mark\u00e9ta Posp\u00ed\u0161ilov\u00e1<\/p>\n","protected":false},"excerpt":{"rendered":"<p>Od lo\u0148ska na n\u00e1s neust\u00e1le m\u00ed\u0159\u00ed covid nejen z m\u00e9di\u00ed, ale odol\u00e1v\u00e1me jeho \u00fatoku tak\u00e9 od soused\u016f, p\u0159\u00e1tel \u010di rodiny, a to doslova. Mo\u017en\u00e1 je na \u010dase si p\u0159e\u010d\u00edst knihu, d\u00edky kter\u00e9 se cel\u00e9 t\u00e9hle \u0161\u00edlen\u00e9 situaci m\u016f\u017eete po\u0159\u00e1dn\u011b zasm\u00e1t.<\/p>\n","protected":false},"author":2,"featured_media":325526,"comment_status":"open","ping_status":"open","sticky":false,"template":"","format":"standard","meta":{"_acf_changed":false,"_monsterinsights_skip_tracking":false,"_monsterinsights_sitenote_active":false,"_monsterinsights_sitenote_note":"","_monsterinsights_sitenote_category":0,"_EventAllDay":false,"_EventTimezone":"","_EventStartDate":"","_EventEndDate":"","_EventStartDateUTC":"","_EventEndDateUTC":"","_EventShowMap":false,"_EventShowMapLink":false,"_EventURL":"","_EventCost":"","_EventCostDescription":"","_EventCurrencySymbol":"","_EventCurrencyCode":"","_EventCurrencyPosition":"","_EventDateTimeSeparator":"","_EventTimeRangeSeparator":"","_EventOrganizerID":[],"_EventVenueID":[],"_OrganizerEmail":"","_OrganizerPhone":"","_OrganizerWebsite":"","_VenueAddress":"","_VenueCity":"","_VenueCountry":"","_VenueProvince":"","_VenueState":"","_VenueZip":"","_VenuePhone":"","_VenueURL":"","_VenueStateProvince":"","_VenueLat":"","_VenueLng":"","_VenueShowMap":false,"_VenueShowMapLink":false,"twitterCardType":"","cardImageID":0,"cardImage":"","cardTitle":"","cardDesc":"","cardImageAlt":"","cardPlayer":"","cardPlayerWidth":0,"cardPlayerHeight":0,"cardPlayerStream":"","cardPlayerCodec":"","footnotes":""},"categories":[7],"tags":[21832],"class_list":["post-325525","post","type-post","status-publish","format-standard","has-post-thumbnail","hentry","category-recenze","tag-literarni-kavarna"],"acf":{"related_products":null},"_links":{"self":[{"href":"https:\/\/www.luxor.cz\/blog\/wp-json\/wp\/v2\/posts\/325525","targetHints":{"allow":["GET"]}}],"collection":[{"href":"https:\/\/www.luxor.cz\/blog\/wp-json\/wp\/v2\/posts"}],"about":[{"href":"https:\/\/www.luxor.cz\/blog\/wp-json\/wp\/v2\/types\/post"}],"author":[{"embeddable":true,"href":"https:\/\/www.luxor.cz\/blog\/wp-json\/wp\/v2\/users\/2"}],"replies":[{"embeddable":true,"href":"https:\/\/www.luxor.cz\/blog\/wp-json\/wp\/v2\/comments?post=325525"}],"version-history":[{"count":0,"href":"https:\/\/www.luxor.cz\/blog\/wp-json\/wp\/v2\/posts\/325525\/revisions"}],"wp:featuredmedia":[{"embeddable":true,"href":"https:\/\/www.luxor.cz\/blog\/wp-json\/wp\/v2\/media\/325526"}],"wp:attachment":[{"href":"https:\/\/www.luxor.cz\/blog\/wp-json\/wp\/v2\/media?parent=325525"}],"wp:term":[{"taxonomy":"category","embeddable":true,"href":"https:\/\/www.luxor.cz\/blog\/wp-json\/wp\/v2\/categories?post=325525"},{"taxonomy":"post_tag","embeddable":true,"href":"https:\/\/www.luxor.cz\/blog\/wp-json\/wp\/v2\/tags?post=325525"}],"curies":[{"name":"wp","href":"https:\/\/api.w.org\/{rel}","templated":true}]}}