{"id":325521,"date":"2021-11-29T14:51:17","date_gmt":"2021-11-29T13:51:17","guid":{"rendered":"https:\/\/www.luxor.cz\/blog\/nezarazene\/63376-laska-jen-na-jeden-den\/"},"modified":"2021-11-29T14:51:17","modified_gmt":"2021-11-29T13:51:17","slug":"63376-laska-jen-na-jeden-den","status":"publish","type":"post","link":"https:\/\/www.luxor.cz\/blog\/recenze\/63376-laska-jen-na-jeden-den\/","title":{"rendered":"L\u00e1ska jen na jeden den"},"content":{"rendered":"<p>Chcete l\u00e1sku nebo zlomen\u00e9 srdce? V\u00a0t\u00e9to knize mo\u017en\u00e1 dostanete oboje. Sezn\u00e1m\u00edte se s\u00a0Fallon, sle\u010dnou, kter\u00e1 chce zm\u011bnit sv\u016fj \u017eivot a rozhodne se odst\u011bhovat z\u00a0L.A. V\u00a0den odjezdu se sezn\u00e1m\u00ed s\u00a0Benem, studentem a za\u010d\u00ednaj\u00edc\u00edm spisovatelem. Za p\u00e1r hodin zjist\u00ed, \u017ee si skv\u011ble rozum\u00ed a rozhodnou se z\u016fstat v\u00a0kontaktu. Ka\u017ed\u00fd si \u017eije po sv\u00e9m a v\u017edy jednou za rok se potkaj\u00ed. Bude to sta\u010dit pro jejich l\u00e1sku?<\/p>\n<p>Colleen skv\u011ble um\u00ed to, \u017ee se pono\u0159\u00edte do p\u0159\u00edb\u011bhu a pro\u017e\u00edv\u00e1te ka\u017edou emoci spole\u010dn\u011b s\u00a0hlavn\u00edmi hrdiny. I tady jsem se hned od prvn\u00edch str\u00e1nek vc\u00edtila do Fallon a to natolik, \u017ee u\u017e na stran\u011b \u0161edes\u00e1t p\u0159i\u0161ly prvn\u00ed slzy z\u00a0tolika emoc\u00ed. Nav\u00edc se ve vypr\u00e1v\u011bn\u00ed p\u0159\u00edb\u011bhu st\u0159\u00edd\u00e1 Fallon a Ben a m\u016f\u017eeme tak vid\u011bt p\u0159\u00edb\u011bh z\u00a0r\u016fzn\u00fdch \u00fahl\u016f pohledu a pochopit oba hlavn\u00ed hrdiny, pro\u010d co ud\u011blali a jak se c\u00edt\u00ed.<\/p>\n<p>Cel\u00fd p\u0159\u00edb\u011bh je v\u00a0podstat\u011b velice jednoduch\u00fd, ale i p\u0159esto m\u011b dok\u00e1zal citov\u011b zas\u00e1hnout. Nav\u00edc, zhruba sto stran p\u0159ed koncem, kdy jsem si \u0159\u00edkala, \u017ee u\u017e je p\u0159eci v\u0161e vy\u0159e\u0161eno, n\u00e1s dok\u00e1zala Colleen p\u0159ekvapit tak, jak to um\u00ed jen ona. P\u0159i\u0161el takov\u00fd zvrat, \u017ee jsem konec opravdu hltala a p\u0159i \u010dten\u00ed jsem ani nedutala. Kn\u00ed\u017eku jsem m\u00e1lem ani nedo\u010detla, proto\u017ee posledn\u00edch p\u00e1r str\u00e1nek jsem p\u0159es slzy u\u017e v\u016fbec nevid\u011bla na p\u00edsmenka.<\/p>\n<p>Je to romantick\u00fd p\u0159\u00edb\u011bh, kter\u00fd chcete pro\u017e\u00edt. Chcete se na chv\u00edli ocitnout v\u00a0Benov\u011b n\u00e1ru\u010d\u00ed a zapomenout na starosti b\u011b\u017en\u00e9ho dne a chcete pro\u017e\u00edt tu kr\u00e1snou l\u00e1sku. V\u00a0dne\u0161n\u00ed dob\u011b, kdy kolem sebe m\u00e1me spoustu negativn\u00edch v\u011bc\u00ed, je pot\u0159eba se odpoutat od reality a pro\u017e\u00edt n\u011bco n\u00e1dhern\u00e9ho, pln\u00e9ho emoc\u00ed a citu.<\/p>\n<p>Autor\u010diny knihy jsou v\u017edy tak \u010dtiv\u00e9, \u017ee je m\u00e1m p\u0159e\u010dten\u00e9 b\u011bhem jednoho dne. Pot\u0159ebovala bych, aby jej\u00ed knihy vych\u00e1zely alespo\u0148 ka\u017ed\u00fd m\u011bs\u00edc, abych byla opravdu spokojena.<\/p>\n<p>Kniha 9. listopad si m\u011b op\u011bt z\u00edskala a ka\u017ed\u00e9 romantick\u00e9 du\u0161i doporu\u010duji si ji p\u0159e\u010d\u00edst (a pak i v\u0161echny ostatn\u00ed knihy od Colleen).<\/p>\n<p>\u00a0<\/p>\n<p>Eva Francov\u00e1<\/p>\n<p><img fetchpriority=\"high\" decoding=\"async\" style=\"display: block; margin-left: auto; margin-right: auto;\" src=\"https:\/\/images.knizniklub.cz\/kavarna\/20211126145145.jpg\" alt=\"\" width=\"552\" height=\"413\" title=\"\"><\/p>\n<p>Autor:\u00a0Eva Francov\u00e1<\/p>\n","protected":false},"excerpt":{"rendered":"<p>Kdy\u017e jsem p\u0159e\u010detla prvn\u00ed kn\u00ed\u017eku od Colleen Hoover, hned jsem se zamilovala. Od t\u00e9 doby nedo\u010dkav\u011b vyhl\u00ed\u017e\u00edm ka\u017edou jej\u00ed novinku. Nejinak tomu bylo u knihy 9. listopad, kter\u00e1 si m\u011b op\u011bt z\u00edskala a j\u00e1 si \u010dten\u00ed neskute\u010dn\u011b u\u017eila.<\/p>\n","protected":false},"author":2,"featured_media":325522,"comment_status":"open","ping_status":"open","sticky":false,"template":"","format":"standard","meta":{"_acf_changed":false,"_monsterinsights_skip_tracking":false,"_monsterinsights_sitenote_active":false,"_monsterinsights_sitenote_note":"","_monsterinsights_sitenote_category":0,"_EventAllDay":false,"_EventTimezone":"","_EventStartDate":"","_EventEndDate":"","_EventStartDateUTC":"","_EventEndDateUTC":"","_EventShowMap":false,"_EventShowMapLink":false,"_EventURL":"","_EventCost":"","_EventCostDescription":"","_EventCurrencySymbol":"","_EventCurrencyCode":"","_EventCurrencyPosition":"","_EventDateTimeSeparator":"","_EventTimeRangeSeparator":"","_EventOrganizerID":[],"_EventVenueID":[],"_OrganizerEmail":"","_OrganizerPhone":"","_OrganizerWebsite":"","_VenueAddress":"","_VenueCity":"","_VenueCountry":"","_VenueProvince":"","_VenueState":"","_VenueZip":"","_VenuePhone":"","_VenueURL":"","_VenueStateProvince":"","_VenueLat":"","_VenueLng":"","_VenueShowMap":false,"_VenueShowMapLink":false,"twitterCardType":"","cardImageID":0,"cardImage":"","cardTitle":"","cardDesc":"","cardImageAlt":"","cardPlayer":"","cardPlayerWidth":0,"cardPlayerHeight":0,"cardPlayerStream":"","cardPlayerCodec":"","footnotes":""},"categories":[7],"tags":[21832],"class_list":["post-325521","post","type-post","status-publish","format-standard","has-post-thumbnail","hentry","category-recenze","tag-literarni-kavarna"],"acf":{"related_products":null},"_links":{"self":[{"href":"https:\/\/www.luxor.cz\/blog\/wp-json\/wp\/v2\/posts\/325521","targetHints":{"allow":["GET"]}}],"collection":[{"href":"https:\/\/www.luxor.cz\/blog\/wp-json\/wp\/v2\/posts"}],"about":[{"href":"https:\/\/www.luxor.cz\/blog\/wp-json\/wp\/v2\/types\/post"}],"author":[{"embeddable":true,"href":"https:\/\/www.luxor.cz\/blog\/wp-json\/wp\/v2\/users\/2"}],"replies":[{"embeddable":true,"href":"https:\/\/www.luxor.cz\/blog\/wp-json\/wp\/v2\/comments?post=325521"}],"version-history":[{"count":0,"href":"https:\/\/www.luxor.cz\/blog\/wp-json\/wp\/v2\/posts\/325521\/revisions"}],"wp:featuredmedia":[{"embeddable":true,"href":"https:\/\/www.luxor.cz\/blog\/wp-json\/wp\/v2\/media\/325522"}],"wp:attachment":[{"href":"https:\/\/www.luxor.cz\/blog\/wp-json\/wp\/v2\/media?parent=325521"}],"wp:term":[{"taxonomy":"category","embeddable":true,"href":"https:\/\/www.luxor.cz\/blog\/wp-json\/wp\/v2\/categories?post=325521"},{"taxonomy":"post_tag","embeddable":true,"href":"https:\/\/www.luxor.cz\/blog\/wp-json\/wp\/v2\/tags?post=325521"}],"curies":[{"name":"wp","href":"https:\/\/api.w.org\/{rel}","templated":true}]}}