{"id":325517,"date":"2021-12-03T14:58:52","date_gmt":"2021-12-03T13:58:52","guid":{"rendered":"https:\/\/www.luxor.cz\/blog\/nezarazene\/63378-zivot-je-pestry-dikybohu\/"},"modified":"2021-12-03T14:58:52","modified_gmt":"2021-12-03T13:58:52","slug":"63378-zivot-je-pestry-dikybohu","status":"publish","type":"post","link":"https:\/\/www.luxor.cz\/blog\/recenze\/63378-zivot-je-pestry-dikybohu\/","title":{"rendered":"\u017divot je pestr\u00fd. D\u00edkybohu."},"content":{"rendered":"<p>Kdy\u017e jsem knihu prvn\u011b vzala do rukou, trochu m\u011b zarazila u\u017e sv\u00fdm vzhledem. Nejde o barevnou ob\u00e1lku, je\u017e je vzhledem k\u00a0t\u00e9matu v\u00edce ne\u017e p\u0159\u00edhodn\u00e1, a\u010dkoli j\u00e1 d\u00e1v\u00e1m p\u0159ednost \u00fapln\u011b jin\u00e9mu stylu, sp\u00ed\u0161e minimalistick\u00e9mu. Ne, zarazil m\u011b r\u016f\u017eov\u00fd o\u0159ez. J\u00e1 r\u016f\u017eovou barvu miluju, ale je pravdou, \u017ee u knih jsem ji takto pou\u017eitou je\u0161t\u011b nevid\u011bla. Ale \u0159\u00edk\u00e1m si, pro\u010d ne, aspo\u0148 je to origin\u00e1ln\u00ed a v\u00a0knihovn\u011b se mi bude hezky vyj\u00edmat.<\/p>\n<p>Kniha je antologi\u00ed young adult pov\u00eddek jeden\u00e1cti \u010desk\u00fdch autor\u016f, je\u017e se v\u0161echny zab\u00fdvaj\u00ed LGBTQ+ tematikou. Pokud je v\u00e1m toto t\u00e9ma proti srsti, kniha pro v\u00e1s rozhodn\u011b nebude to prav\u00e9 o\u0159echov\u00e9, ale pokud se o toto zaj\u00edm\u00e1te, m\u00e1te p\u0159\u00edbuzn\u00e9 \u010di p\u0159\u00e1tele, kte\u0159\u00ed nezapadaj\u00ed do \u0161katulek a vy jim tou\u017e\u00edte l\u00e9pe porozum\u011bt, nebo zkr\u00e1tka jen r\u00e1di pozn\u00e1v\u00e1te nov\u00e9 v\u011bci a zaj\u00edm\u00e1 v\u00e1s, jak sv\u011bt vid\u00ed a pro\u017e\u00edv\u00e1 n\u011bkdo jin\u00fd, jsou <em>V\u0161echny barvy duhy<\/em> skv\u011blou volbou.<\/p>\n<p>Ka\u017ed\u00e1 pov\u00eddka je jin\u00e1 a zpracov\u00e1v\u00e1 trochu jin\u00e9 t\u00e9ma, z\u00a0nich\u017e n\u011bkter\u00e1 ve mn\u011b rezonovala v\u00edc a jin\u00e1 m\u00e9n\u011b. Hned prvn\u00ed p\u0159\u00edb\u011bh z\u00a0pera Thea Addaira m\u011b \u00fapln\u011b dostal. D\u00edvka se v\u00a0n\u011bm po letech setk\u00e1v\u00e1 se svou matkou, je\u017e mezit\u00edm pro\u0161la tranzic\u00ed. U\u017e jen probl\u00e9m, jak \u201eji\u201c oslovit, je n\u011bco, nad \u010d\u00edm jsem nikdy neuva\u017eovala. Ale v\u00e1\u017en\u011b, t\u011b\u017eko n\u011bkomu vysv\u011btl\u00edte, \u017ee tenhle sympa\u0165\u00e1k David byl kdysi va\u0161e m\u00e1ma.<\/p>\n<p>D\u00e1le m\u011b zaujala pov\u00eddka Radka Bla\u017eka <em>\u0160tastn\u011b nezamilovaj<\/em> t\u00fdkaj\u00edc\u00ed se asexuality, o n\u00ed\u017e se st\u00e1le velmi m\u00e1lo mluv\u00ed. Jsem v\u00e1\u017en\u011b vd\u011b\u010dn\u00e1, \u017ee jsem se o n\u00ed mohla prost\u0159ednictv\u00edm tohoto p\u0159\u00edb\u011bhu n\u011bco dozv\u011bd\u011bt.<\/p>\n<p>Dal\u0161\u00ed pro m\u011b nov\u00e9 a z\u00e1rove\u0148 asi nejobt\u00ed\u017en\u011bji pochopiteln\u00e9 t\u00e9ma p\u0159edstavovala nebinarita. Nedok\u00e1\u017eu si p\u0159edstavit, jak slo\u017eit\u00e9 mus\u00ed b\u00fdt nev\u011bd\u011bt, zda jsem sp\u00ed\u0161 mu\u017e, nebo \u017eena, a hlavn\u011b jak problematick\u00e9 asi je se v\u00a0takov\u00e9m p\u0159\u00edpad\u011b za\u0159adit do \u201eb\u011b\u017en\u00e9\u201c spole\u010dnosti. Proto\u017ee, co si budeme pov\u00eddat, spousta lid\u00ed trp\u00ed nejr\u016fzn\u011bj\u0161\u00edmi p\u0159edsudky. Pokud tedy stejn\u011b jako j\u00e1 moc netu\u0161\u00edte, o \u010dem \u017ee ta nebinarita vlastn\u011b je, ur\u010dit\u011b si p\u0159e\u010dt\u011bte pov\u00eddku <em>Pecka jak z\u00a0broskve<\/em> od S\u00e1ry V\u016fchov\u00e9.<\/p>\n<p>Za m\u011b je ov\u0161em bezkonkuren\u010dn\u011b nejlep\u0161\u00edm p\u0159\u00edb\u011bhem z\u00a0cel\u00e9 knihy <em>Jak jsem \u0161la na z\u00e1chod<\/em> od Martiny D. Anton\u00edn. Uzn\u00e1v\u00e1m, ten n\u00e1zev je pon\u011bkud zvl\u00e1\u0161tn\u00ed a v\u00a0prvn\u00ed chv\u00edli jsem se trochu ob\u00e1vala, samoz\u0159ejm\u011b \u00fapln\u011b zbyte\u010dn\u011b, o \u010dem \u017ee to vlastn\u011b bude. P\u0159\u00edb\u011bh dokonce doprov\u00e1z\u00ed varov\u00e1n\u00ed, \u017ee se v\u011bnuje citliv\u00fdm t\u00e9mat\u016fm &#8211; n\u00e1sil\u00ed, sexu\u00e1ln\u00edmu \u00fatoku a misgenderingu. Hlavn\u00ed hrdinky mi bylo opravdu neskute\u010dn\u011b l\u00edto. Ale na\u0161t\u011bst\u00ed m\u011bla skv\u011bl\u00e9 p\u0159\u00e1tele a v\u0161e dob\u0159e dopadlo. P\u0159i \u010dten\u00ed t\u00e9to pov\u00eddky si uv\u011bdom\u00edte, kolik lid\u00ed v\u00a0sob\u011b chov\u00e1 neopodstatn\u011bn\u00e9 p\u0159edsudky a odpor k\u00a0jinakosti, a to nap\u0159\u00ed\u010d cel\u00fdm spole\u010densk\u00fdm spektrem. A pokud m\u00e1 takov\u00e9 p\u0159edsudky i policie, od n\u00ed\u017e \u010dek\u00e1te pomoc a zast\u00e1n\u00ed, kdy\u017e jste v\u00a0pr\u00e1vu, je to hodn\u011b t\u011b\u017ek\u00e9. Tento p\u0159\u00edb\u011bh ve mn\u011b bude \u017e\u00edt je\u0161t\u011b dlouho, a kdybyste z\u00a0cel\u00e9 knihy m\u011bli p\u0159e\u010d\u00edst jen jednu pov\u00eddku, m\u011bla by to stoprocentn\u011b b\u00fdt pr\u00e1v\u011b tato.<\/p>\n<p>Cel\u00e1 kniha, a\u010d se to tak nemus\u00ed \u00fapln\u011b jevit, nen\u00ed jen o lidech, ji\u017e se n\u011bjak vypo\u0159\u00e1d\u00e1vaj\u00ed se svou jinakost\u00ed, ale je vlastn\u011b i o n\u00e1s sam\u00fdch. O n\u00e1s \u201enorm\u00e1ln\u00edch\u201c. O tom, jak dok\u00e1\u017eeme projevovat svou \u00fa\u010dast a podporu, ale tak\u00e9 o tom, jak stra\u0161n\u011b um\u00edme, n\u011bkdy nev\u011bdomky a necht\u011bn\u011b, ubl\u00ed\u017eit. A p\u0159edev\u0161\u00edm pak o tom, jak jeden ka\u017ed\u00fd z\u00a0n\u00e1s m\u016f\u017ee zm\u011bnit sv\u011bt. A to t\u0159eba jen d\u00edky tomu, \u017ee si tuto knihu p\u0159e\u010dteme.<\/p>\n<p>A pochop\u00edme.<\/p>\n<p>\u00a0<\/p>\n<p>Petra Kamlachov\u00e1<\/p>\n<p>Autor:\u00a0Petra Kamlachov\u00e1<\/p>\n","protected":false},"excerpt":{"rendered":"<p>To mysl\u00edm naprosto v\u00e1\u017en\u011b. Kdybychom byli v\u0161ichni jako p\u0159es kop\u00edr\u00e1k, byla by to hrozn\u00e1 nuda a Hollywood by nem\u011bl o \u010dem to\u010dit filmy. A\u010dkoli je fakt, \u017ee o t\u00e9matech zpracov\u00e1van\u00fdch v\u00a0knize <em>V\u0161echny barvy duhy<\/em> zase moc film\u016f a knih nevznik\u00e1. Ale doba se na\u0161t\u011bst\u00ed m\u011bn\u00ed.<\/p>\n","protected":false},"author":2,"featured_media":325518,"comment_status":"open","ping_status":"open","sticky":false,"template":"","format":"standard","meta":{"_acf_changed":false,"_monsterinsights_skip_tracking":false,"_monsterinsights_sitenote_active":false,"_monsterinsights_sitenote_note":"","_monsterinsights_sitenote_category":0,"_EventAllDay":false,"_EventTimezone":"","_EventStartDate":"","_EventEndDate":"","_EventStartDateUTC":"","_EventEndDateUTC":"","_EventShowMap":false,"_EventShowMapLink":false,"_EventURL":"","_EventCost":"","_EventCostDescription":"","_EventCurrencySymbol":"","_EventCurrencyCode":"","_EventCurrencyPosition":"","_EventDateTimeSeparator":"","_EventTimeRangeSeparator":"","_EventOrganizerID":[],"_EventVenueID":[],"_OrganizerEmail":"","_OrganizerPhone":"","_OrganizerWebsite":"","_VenueAddress":"","_VenueCity":"","_VenueCountry":"","_VenueProvince":"","_VenueState":"","_VenueZip":"","_VenuePhone":"","_VenueURL":"","_VenueStateProvince":"","_VenueLat":"","_VenueLng":"","_VenueShowMap":false,"_VenueShowMapLink":false,"twitterCardType":"","cardImageID":0,"cardImage":"","cardTitle":"","cardDesc":"","cardImageAlt":"","cardPlayer":"","cardPlayerWidth":0,"cardPlayerHeight":0,"cardPlayerStream":"","cardPlayerCodec":"","footnotes":""},"categories":[7],"tags":[21832],"class_list":["post-325517","post","type-post","status-publish","format-standard","has-post-thumbnail","hentry","category-recenze","tag-literarni-kavarna"],"acf":{"related_products":null},"_links":{"self":[{"href":"https:\/\/www.luxor.cz\/blog\/wp-json\/wp\/v2\/posts\/325517","targetHints":{"allow":["GET"]}}],"collection":[{"href":"https:\/\/www.luxor.cz\/blog\/wp-json\/wp\/v2\/posts"}],"about":[{"href":"https:\/\/www.luxor.cz\/blog\/wp-json\/wp\/v2\/types\/post"}],"author":[{"embeddable":true,"href":"https:\/\/www.luxor.cz\/blog\/wp-json\/wp\/v2\/users\/2"}],"replies":[{"embeddable":true,"href":"https:\/\/www.luxor.cz\/blog\/wp-json\/wp\/v2\/comments?post=325517"}],"version-history":[{"count":0,"href":"https:\/\/www.luxor.cz\/blog\/wp-json\/wp\/v2\/posts\/325517\/revisions"}],"wp:featuredmedia":[{"embeddable":true,"href":"https:\/\/www.luxor.cz\/blog\/wp-json\/wp\/v2\/media\/325518"}],"wp:attachment":[{"href":"https:\/\/www.luxor.cz\/blog\/wp-json\/wp\/v2\/media?parent=325517"}],"wp:term":[{"taxonomy":"category","embeddable":true,"href":"https:\/\/www.luxor.cz\/blog\/wp-json\/wp\/v2\/categories?post=325517"},{"taxonomy":"post_tag","embeddable":true,"href":"https:\/\/www.luxor.cz\/blog\/wp-json\/wp\/v2\/tags?post=325517"}],"curies":[{"name":"wp","href":"https:\/\/api.w.org\/{rel}","templated":true}]}}