{"id":325515,"date":"2021-12-05T15:05:04","date_gmt":"2021-12-05T14:05:04","guid":{"rendered":"https:\/\/www.luxor.cz\/blog\/nezarazene\/63379-dechberouci-ilustrace-v-oblibene-klasice\/"},"modified":"2021-12-05T15:05:04","modified_gmt":"2021-12-05T14:05:04","slug":"63379-dechberouci-ilustrace-v-oblibene-klasice","status":"publish","type":"post","link":"https:\/\/www.luxor.cz\/blog\/recenze\/63379-dechberouci-ilustrace-v-oblibene-klasice\/","title":{"rendered":"Dechberouc\u00ed ilustrace v obl\u00edben\u00e9 klasice"},"content":{"rendered":"<p>Mezi novinkami na m\u011b vykoukla ilustrovan\u00e1 kniha bajek od La Fontaine. Hned p\u0159i prohl\u00ed\u017een\u00ed obsahu jsem si byla stoprocentn\u011b jist\u00e1, \u017ee tohle je kniha, kterou bych m\u011bla r\u00e1da doma. Ilustrace m\u011b absolutn\u011b okouzlily.<\/p>\n<p>A co \u017ee jsou to vlastn\u011b ty bajky?\u00a0 Ur\u010dit\u011b to v\u0161ichni v\u00edte. Ale proto\u017ee opakov\u00e1n\u00ed je matka moudrosti, tak se na to kr\u00e1tce pod\u00edvejme.<\/p>\n<p>V bajk\u00e1ch vystupuj\u00ed zv\u00ed\u0159ata, kter\u00e1 jednaj\u00ed a mluv\u00ed jako lid\u00e9. Maj\u00ed lidsk\u00e9 vlastnosti, kter\u00e9 ve v\u011bt\u0161in\u011b p\u0159\u00edpad\u016f se pro ka\u017ed\u00e9 zv\u00ed\u0159e st\u00e1vaj\u00ed typick\u00e9. Li\u0161ka je vychytral\u00e1, osel hloup\u00fd apod. Z jejich jedn\u00e1n\u00ed na konci vyplyne n\u011bjak\u00e9 ponau\u010den\u00ed nebo kritika jednotlivc\u016f a spole\u010dnosti. Krom\u011b toho se m\u016f\u017eeme setkat i se zamy\u0161len\u00edm nad l\u00e1skou, \u017eivotem \u010di smrt\u00ed. D\u011bje se tak p\u0159ev\u00e1\u017en\u011b vtipnou formou pomoc\u00ed ironie a satiry.<\/p>\n<p>Jeden z hlavn\u00edch p\u0159edstavitel\u016f bajek je pr\u00e1v\u011b francouzsk\u00fd spisovatel a b\u00e1sn\u00edk Jean de La Fontaine, kter\u00fd napsal celkem 245 bajek.<\/p>\n<p>\u00a0<\/p>\n<p>\u201cO tomhle vypr\u00e1v\u00ed p\u0159\u00edb\u011bhy kdekter\u00e9,<\/p>\n<p>\u017ee kdo moc vyb\u00edr\u00e1, ten snadno p\u0159ebere.<\/p>\n<p>Chytr\u00fd v\u017edy pochop\u00ed, jak\u00e1 je lekce doby,<\/p>\n<p>a jej\u00ed nab\u00eddce se rychle p\u0159izp\u016fsob\u00ed.<\/p>\n<p>Riskovat jist\u00fd zisk pro nepatrnou \u0161anci,<\/p>\n<p>to mohou ud\u011blat jen py\u0161n\u00ed jelim\u00e1nci.\u201d<\/p>\n<p>\u00a0<\/p>\n<p>Kniha je naprosto univerz\u00e1ln\u00ed d\u00e1rek pro v\u0161echny.<\/p>\n<p>Za\u010d\u00ednaj\u00edc\u00edm \u010dten\u00e1\u0159\u016fm se bude l\u00edbit, \u017ee bajky jsou kr\u00e1tk\u00e9 a \u00fa\u017easn\u011b zr\u00fdmovan\u00e9. Nebudou m\u00edt probl\u00e9m se bajkou prokousat, n\u011bkter\u00e9 z nich jsou pouze jeden \u010di dva odstavce dlouh\u00e9. A my jim m\u016f\u017eeme pomoci s pochopen\u00edm smyslu bajky a nebo je nechat a\u0165 si z p\u0159\u00edb\u011bh\u016f vytvo\u0159\u00ed sv\u016fj vlastn\u00ed sv\u011bt.<\/p>\n<p>Dosp\u011bl\u00e1ci se zamysl\u00ed nad textem a budou pokyvovat hlavou jak bajka ze 17. stolet\u00ed p\u0159esn\u011b vystihuje dne\u0161n\u00ed sv\u011bt nebo politickou situaci.<\/p>\n<p>Men\u0161\u00ed d\u011bti bajky pojmou jako hezk\u00e9 poh\u00e1dky o zv\u00ed\u0159atech a budou si r\u00e1di prohl\u00ed\u017eet n\u00e1dhern\u00e9 obr\u00e1zky, kter\u00fdch je tam opravdu hodn\u011b. T\u00e9m\u011b\u0159 ka\u017ed\u00e1 bajka m\u00e1 svou fantastickou ilustraci.<\/p>\n<p>Kniha je velkoform\u00e1tov\u00e1 a pr\u00e1v\u011b d\u00edky tomu, ilustrace, kter\u00e9 dopl\u0148uj\u00ed text, perfektn\u011b vyniknou.<\/p>\n<p>\u00a0<\/p>\n<p>\u201cS\u00e1m nikdo p\u0159e\u017e\u00edt nem\u016f\u017ee.<\/p>\n<p>To jist\u011b tak\u00e9 dob\u0159e v\u00edte.<\/p>\n<p>A\u010d na\u0161i bli\u017en\u00ed m\u00edti mohou<\/p>\n<p>p\u0159emnoho nejr\u016fzn\u011bj\u0161\u00edch vad,<\/p>\n<p>je pot\u0159ebn\u00e9 a d\u016fle\u017eit\u00e9<\/p>\n<p>si v\u017edy navz\u00e1jem pom\u00e1hat!\u201d<\/p>\n<p>\u00a0<\/p>\n<p>J\u00e1 jsem z knihy nad\u0161en\u00e1. A stejn\u011b p\u0159\u00edjemn\u00fd kni\u017en\u00ed z\u00e1\u017eitek p\u0159eji i v\u00e1m. Jedinou chybu, kterou s tou knihou m\u016f\u017eete ud\u011blat, je nekoupit ji.<\/p>\n<p>\u00a0<\/p>\n<p>Mark\u00e9ta Posp\u00ed\u0161ilov\u00e1<\/p>\n<p>\u00a0<\/p>\n<p>\u00a0<\/p>\n<p>\u00a0<\/p>\n<p>Autor:\u00a0Mark\u00e9ta Posp\u00ed\u0161ilov\u00e1<\/p>\n","protected":false},"excerpt":{"rendered":"<p>Hled\u00e1te letos k V\u00e1noc\u016fm knihu z kter\u00e9 si obdarovan\u00fd vylo\u017een\u011b sedne na zadek? Tak u\u017e d\u00e1l nehledejte. Pr\u00e1v\u011b jste ji na\u0161li.<\/p>\n","protected":false},"author":2,"featured_media":325516,"comment_status":"open","ping_status":"open","sticky":false,"template":"","format":"standard","meta":{"_acf_changed":false,"_monsterinsights_skip_tracking":false,"_monsterinsights_sitenote_active":false,"_monsterinsights_sitenote_note":"","_monsterinsights_sitenote_category":0,"_EventAllDay":false,"_EventTimezone":"","_EventStartDate":"","_EventEndDate":"","_EventStartDateUTC":"","_EventEndDateUTC":"","_EventShowMap":false,"_EventShowMapLink":false,"_EventURL":"","_EventCost":"","_EventCostDescription":"","_EventCurrencySymbol":"","_EventCurrencyCode":"","_EventCurrencyPosition":"","_EventDateTimeSeparator":"","_EventTimeRangeSeparator":"","_EventOrganizerID":[],"_EventVenueID":[],"_OrganizerEmail":"","_OrganizerPhone":"","_OrganizerWebsite":"","_VenueAddress":"","_VenueCity":"","_VenueCountry":"","_VenueProvince":"","_VenueState":"","_VenueZip":"","_VenuePhone":"","_VenueURL":"","_VenueStateProvince":"","_VenueLat":"","_VenueLng":"","_VenueShowMap":false,"_VenueShowMapLink":false,"twitterCardType":"","cardImageID":0,"cardImage":"","cardTitle":"","cardDesc":"","cardImageAlt":"","cardPlayer":"","cardPlayerWidth":0,"cardPlayerHeight":0,"cardPlayerStream":"","cardPlayerCodec":"","footnotes":""},"categories":[7],"tags":[21832],"class_list":["post-325515","post","type-post","status-publish","format-standard","has-post-thumbnail","hentry","category-recenze","tag-literarni-kavarna"],"acf":{"related_products":null},"_links":{"self":[{"href":"https:\/\/www.luxor.cz\/blog\/wp-json\/wp\/v2\/posts\/325515","targetHints":{"allow":["GET"]}}],"collection":[{"href":"https:\/\/www.luxor.cz\/blog\/wp-json\/wp\/v2\/posts"}],"about":[{"href":"https:\/\/www.luxor.cz\/blog\/wp-json\/wp\/v2\/types\/post"}],"author":[{"embeddable":true,"href":"https:\/\/www.luxor.cz\/blog\/wp-json\/wp\/v2\/users\/2"}],"replies":[{"embeddable":true,"href":"https:\/\/www.luxor.cz\/blog\/wp-json\/wp\/v2\/comments?post=325515"}],"version-history":[{"count":0,"href":"https:\/\/www.luxor.cz\/blog\/wp-json\/wp\/v2\/posts\/325515\/revisions"}],"wp:featuredmedia":[{"embeddable":true,"href":"https:\/\/www.luxor.cz\/blog\/wp-json\/wp\/v2\/media\/325516"}],"wp:attachment":[{"href":"https:\/\/www.luxor.cz\/blog\/wp-json\/wp\/v2\/media?parent=325515"}],"wp:term":[{"taxonomy":"category","embeddable":true,"href":"https:\/\/www.luxor.cz\/blog\/wp-json\/wp\/v2\/categories?post=325515"},{"taxonomy":"post_tag","embeddable":true,"href":"https:\/\/www.luxor.cz\/blog\/wp-json\/wp\/v2\/tags?post=325515"}],"curies":[{"name":"wp","href":"https:\/\/api.w.org\/{rel}","templated":true}]}}