{"id":325513,"date":"2021-12-07T15:08:10","date_gmt":"2021-12-07T14:08:10","guid":{"rendered":"https:\/\/www.luxor.cz\/blog\/nezarazene\/63380-povidky-o-svatcich-klidu-a-pohody\/"},"modified":"2021-12-07T15:08:10","modified_gmt":"2021-12-07T14:08:10","slug":"63380-povidky-o-svatcich-klidu-a-pohody","status":"publish","type":"post","link":"https:\/\/www.luxor.cz\/blog\/recenze\/63380-povidky-o-svatcich-klidu-a-pohody\/","title":{"rendered":"Pov\u00eddky o sv\u00e1tc\u00edch klidu a pohody"},"content":{"rendered":"<p style=\"text-align: center;\"><strong><em>\u201eAno, tenkr\u00e1t je\u0161t\u011b v\u00a0prosinci pad\u00e1val sn\u00edh.\u201c<\/em><\/strong><\/p>\n<p>Za autorstv\u00edm pov\u00eddkov\u00e9 knihy Tenkr\u00e1t o V\u00e1noc\u00edch stoj\u00ed celkem dev\u011bt zn\u00e1m\u00fdch \u010desk\u00fdch spisovatel\u016f a spisovatelek, p\u0159i\u010dem\u017e ka\u017ed\u00fd z\u00a0nich p\u0159isp\u011bl jednou pov\u00eddkou, jejich\u017e spole\u010dn\u00fdm jmenovatelem jsou V\u00c1NOCE. Tak docela jednotv\u00e1rn\u00e9 to v\u0161ak nen\u00ed. P\u0159esto\u017ee jednotliv\u00e9 pov\u00eddky spojuje jedno t\u00e9ma, je ka\u017ed\u00e1 z\u00a0nich \u00fapln\u011b jin\u00e1: jedna je humorn\u00e1, dal\u0161\u00ed smutn\u00e1, jin\u00e1 zase melancholick\u00e1. A ka\u017ed\u00e1 se v\u00e1m prost\u011b mus\u00ed jist\u00fdm zp\u016fsobem l\u00edbit.<\/p>\n<p><strong>Petra Soukupov\u00e1: V\u00e1no\u010dka<\/strong> \u2013 rozhodn\u011b nejvtipn\u011bj\u0161\u00ed pov\u00eddka z\u00a0cel\u00e9 knihy n\u00e1m byla naserv\u00edrovan\u00e1 hned na za\u010d\u00e1tek, podobn\u011b jako \u010derstv\u011b upe\u010den\u00e1, vo\u0148av\u00e1 v\u00e1no\u010dka z\u00a0dev\u00edti\u2026 tedy ze sedmi\u2026<\/p>\n<p style=\"text-align: center;\"><strong><em>\u201eJ\u00e1 se tady s\u00a0t\u00edm seru \u2013 a vy si jenom sed\u00edte!\u201c<\/em><\/strong><\/p>\n<p><strong>Alena Monr\u0161tajnov\u00e1: \u010clov\u011b\u010de, nezlob se<\/strong> \u2013 pov\u00eddka, na kterou jsem se t\u011b\u0161ila nejv\u00edc vzhledem k\u00a0tomu, \u017ee m\u00e1m knihy Aleny Morn\u0161tajnov\u00e9 a jej\u00ed styl hodn\u011b r\u00e1da. Nevelk\u00e1 rozsahem, ale hlubok\u00e1 svou my\u0161lenkou. V\u00e1noce jsou toti\u017e \u010dasto obdob\u00edm, kdy by si lid\u00e9 m\u011bli odpou\u0161t\u011bt, kdy by se domn\u011bl\u00e9 k\u0159ivdy m\u011bly p\u0159ehodnotit anebo rovnou hodit za hlavu.<\/p>\n<p><strong>Petra Dvo\u0159\u00e1kov\u00e1: Bolesti<\/strong> \u2013 nikdo nechce b\u00fdt na V\u00e1noce s\u00e1m. Ka\u017ed\u00fd by r\u00e1d byl s\u00a0rodinou, a\u0165 u\u017e je jak\u00e1koli\u2026 S\u00a0pov\u00eddkou Bolesti str\u00e1v\u00edme \u0160t\u011bdr\u00fd ve\u010der v\u00a0nemocnici, po boku jedn\u00e9 ze zdravotn\u00edch sester, kterou doma \u010dek\u00e1 man\u017eel (anebo ne\u010dek\u00e1?).<\/p>\n<p><strong>Alice Nellis: Rovnov\u00e1ha<\/strong> \u2013 mil\u00e1 a vtipn\u00e1 pov\u00eddka o honb\u011b za rovnov\u00e1hou hodnoty v\u00e1no\u010dn\u00edch d\u00e1rk\u016f. Jen m\u00e1lokdo by tenhle pocit neznal a nepokl\u00e1dal si ot\u00e1zky, co mu ten druh\u00fd asi koupil? Bude to dra\u017e\u0161\u00ed nebo levn\u011bj\u0161\u00ed ne\u017e to, co pro n\u011bj m\u00e1m j\u00e1? M\u00e1m se mu sna\u017eit vyrovnat, nebo ho rad\u011bji rovnou trumfnout? Hedvika, hlavn\u00ed postava t\u00e9hle pov\u00eddky o tom v\u00ed sv\u00e9.<\/p>\n<p><strong><em>Anna Bolav\u00e1: \u0160ustr\u016fv v\u00e1no\u010dn\u00ed seznam<\/em><\/strong> \u2013 pov\u00eddka o jednom matik\u00e1\u0159i, kter\u00fd sv\u011bt kolem sebe vid\u00ed jako zm\u011b\u0165 nepravidelnost\u00ed a odchylek, kter\u00fd i emoce p\u0159ev\u00e1d\u00ed do graf\u016f a vzorc\u016f, a kter\u00fd je natolik zaslepen sv\u00fdm vlastn\u00edm sv\u011btem, \u017ee mu nezb\u00fdv\u00e1 prostor vid\u011bt kr\u00e1sy, kter\u00e9 ho obklopuj\u00ed. A kdy\u017e si je kone\u010dn\u011b jednou uv\u011bdom\u00ed, je u\u017e pozd\u011b.<\/p>\n<p><strong><em>Marek Epstein: V\u00e1no\u010dn\u00ed p\u0159\u00e1n\u00ed<\/em><\/strong> \u2013 v\u00e1no\u010dn\u00ed p\u0159\u00e1n\u00ed mohou m\u00edt jakoukoli podobu. To, o n\u011bm\u017e vypr\u00e1v\u00ed tato pov\u00eddka, je zvl\u00e1\u0161tn\u00ed a teskn\u00e9 z\u00e1rove\u0148: vid\u011bt hrob sv\u00e9 zesnul\u00e9 dcery\u2026<\/p>\n<p><strong><em>Petr Stan\u010d\u00edk: Zapomenut\u00e9 um\u011bn\u00ed zapomn\u011bn\u00ed<\/em><\/strong> \u2013 na za\u010d\u00e1tku t\u00e9hle pov\u00eddky je not\u00e1\u0159sk\u00e9 \u0159\u00edzen\u00ed ohledn\u011b d\u011bdictv\u00ed po jist\u00e9m Laranu Malenovi: cel\u00e1 budova divadla v\u010detn\u011b pozemku a ve\u0161ker\u00e9ho vybaven\u00ed. Dvoj\u010data, kter\u00e1 tento majetek zd\u011bdila, n\u00e1m postupn\u011b odhaluj\u00ed jednu zvl\u00e1\u0161tn\u00ed historii, kter\u00e1 snad m\u011bla b\u00fdt nav\u017edy zapomenuta. Ale nen\u00ed.<\/p>\n<p><strong><em>Ond\u0159ej Neff: Dopis pro Je\u017e\u00ed\u0161ka<\/em><\/strong> \u2013 pro m\u011b rozhodn\u011b nejkr\u00e1sn\u011bj\u0161\u00ed ze v\u0161ech pov\u00eddek t\u00e9hle knihy. Vypr\u00e1v\u011bn\u00ed o jednom dopisu pro Je\u017e\u00ed\u0161ka, promarn\u011bn\u00e9m p\u0159\u00e1n\u00ed, d\u011btsk\u00fdch tu\u017eb\u00e1ch a o tom, \u017ee i spln\u011bn\u00ed nejv\u011bt\u0161\u00edho p\u0159\u00e1n\u00ed m\u016f\u017ee m\u00edt skryt\u00e9 souvislosti a n\u00e1sledky, kter\u00e9 nikdo ne\u010dekal. Pov\u00eddka se zrnkem melancholie, velkou d\u00e1vkou podn\u011bt\u016f k\u00a0p\u0159em\u00fd\u0161len\u00ed, pov\u00eddka o p\u0159\u00e1n\u00edch nejen v\u00e1no\u010dn\u00edch.<\/p>\n<p><strong><em>Irena Hejdov\u00e1: Tenkr\u00e1t o V\u00e1noc\u00edch<\/em><\/strong> \u2013 pov\u00eddka o st\u00e1rnouc\u00ed \u017een\u011b, jej\u00ed\u017e man\u017eel zem\u0159el na infarkt a dcera m\u00e1 u\u017e svou vlastn\u00ed rodinu, svoje vlastn\u00ed V\u00e1noce. Pov\u00eddka o samot\u011b pro\u017eit\u00e9 na \u0160t\u011bdr\u00fd ve\u010der, o tom, jak se v\u00a0tento okam\u017eik vyplav\u00ed vzpom\u00ednky na roky d\u00e1vno minul\u00e9 a o tom, \u017ee samota se l\u00e9pe zvl\u00e1d\u00e1 ve dvou.<\/p>\n<p>Ka\u017ed\u00e1 z\u00a0pov\u00eddek m\u00e1 svoje kouzlo, nese v\u00a0sob\u011b kr\u00e1su t\u011bch nejhez\u010d\u00edch sv\u00e1tk\u016f v\u00a0roce, p\u0159ipomene n\u00e1m n\u011bco, co se vyno\u0159\u00ed v\u00a0na\u0161ich vzpom\u00ednk\u00e1ch, kdy\u017e uc\u00edt\u00edme v\u016fni jehli\u010d\u00ed, kdy\u017e usly\u0161\u00edme prskat prskavky. P\u0159enese n\u00e1s do vzpom\u00ednek na d\u011btstv\u00ed i dosp\u011blost. Zanech\u00e1 v\u00a0n\u00e1s stopu tohoto jedine\u010dn\u00e9ho \u010dasu.<\/p>\n<p><strong>Tenkr\u00e1t o V\u00e1noc\u00edch je rozhodn\u011b ta nejkr\u00e1sn\u011bj\u0161\u00ed kniha, kterou jsem si pro \u010dten\u00ed v\u00a0p\u0159edv\u00e1no\u010dn\u00ed \u010das bl\u00ed\u017e\u00edc\u00edho se adventu v\u016fbec mohla vybrat. <\/strong><\/p>\n<p>\u00a0<\/p>\n<p>Andrea Simoglu<\/p>\n<p>Autor:\u00a0Andrea Simoglu<\/p>\n","protected":false},"excerpt":{"rendered":"<p>Sv\u00e1tky klidu a pohody &#8211; p\u0159esn\u011b tak se nej\u010dast\u011bji hovo\u0159\u00ed o V\u00e1noc\u00edch. Tahle pov\u00eddkov\u00e1 kniha ale vypr\u00e1v\u00ed o tom, \u017ee ne v\u017edycky to plat\u00ed.<\/p>\n","protected":false},"author":2,"featured_media":325514,"comment_status":"open","ping_status":"open","sticky":false,"template":"","format":"standard","meta":{"_acf_changed":false,"_monsterinsights_skip_tracking":false,"_monsterinsights_sitenote_active":false,"_monsterinsights_sitenote_note":"","_monsterinsights_sitenote_category":0,"_EventAllDay":false,"_EventTimezone":"","_EventStartDate":"","_EventEndDate":"","_EventStartDateUTC":"","_EventEndDateUTC":"","_EventShowMap":false,"_EventShowMapLink":false,"_EventURL":"","_EventCost":"","_EventCostDescription":"","_EventCurrencySymbol":"","_EventCurrencyCode":"","_EventCurrencyPosition":"","_EventDateTimeSeparator":"","_EventTimeRangeSeparator":"","_EventOrganizerID":[],"_EventVenueID":[],"_OrganizerEmail":"","_OrganizerPhone":"","_OrganizerWebsite":"","_VenueAddress":"","_VenueCity":"","_VenueCountry":"","_VenueProvince":"","_VenueState":"","_VenueZip":"","_VenuePhone":"","_VenueURL":"","_VenueStateProvince":"","_VenueLat":"","_VenueLng":"","_VenueShowMap":false,"_VenueShowMapLink":false,"twitterCardType":"","cardImageID":0,"cardImage":"","cardTitle":"","cardDesc":"","cardImageAlt":"","cardPlayer":"","cardPlayerWidth":0,"cardPlayerHeight":0,"cardPlayerStream":"","cardPlayerCodec":"","footnotes":""},"categories":[7],"tags":[21832],"class_list":["post-325513","post","type-post","status-publish","format-standard","has-post-thumbnail","hentry","category-recenze","tag-literarni-kavarna"],"acf":{"related_products":null},"_links":{"self":[{"href":"https:\/\/www.luxor.cz\/blog\/wp-json\/wp\/v2\/posts\/325513","targetHints":{"allow":["GET"]}}],"collection":[{"href":"https:\/\/www.luxor.cz\/blog\/wp-json\/wp\/v2\/posts"}],"about":[{"href":"https:\/\/www.luxor.cz\/blog\/wp-json\/wp\/v2\/types\/post"}],"author":[{"embeddable":true,"href":"https:\/\/www.luxor.cz\/blog\/wp-json\/wp\/v2\/users\/2"}],"replies":[{"embeddable":true,"href":"https:\/\/www.luxor.cz\/blog\/wp-json\/wp\/v2\/comments?post=325513"}],"version-history":[{"count":0,"href":"https:\/\/www.luxor.cz\/blog\/wp-json\/wp\/v2\/posts\/325513\/revisions"}],"wp:featuredmedia":[{"embeddable":true,"href":"https:\/\/www.luxor.cz\/blog\/wp-json\/wp\/v2\/media\/325514"}],"wp:attachment":[{"href":"https:\/\/www.luxor.cz\/blog\/wp-json\/wp\/v2\/media?parent=325513"}],"wp:term":[{"taxonomy":"category","embeddable":true,"href":"https:\/\/www.luxor.cz\/blog\/wp-json\/wp\/v2\/categories?post=325513"},{"taxonomy":"post_tag","embeddable":true,"href":"https:\/\/www.luxor.cz\/blog\/wp-json\/wp\/v2\/tags?post=325513"}],"curies":[{"name":"wp","href":"https:\/\/api.w.org\/{rel}","templated":true}]}}