{"id":325511,"date":"2021-12-09T11:11:33","date_gmt":"2021-12-09T10:11:33","guid":{"rendered":"https:\/\/www.luxor.cz\/blog\/nezarazene\/63381-velka-dama-sansonu\/"},"modified":"2021-12-09T11:11:33","modified_gmt":"2021-12-09T10:11:33","slug":"63381-velka-dama-sansonu","status":"publish","type":"post","link":"https:\/\/www.luxor.cz\/blog\/recenze\/63381-velka-dama-sansonu\/","title":{"rendered":"Velk\u00e1 d\u00e1ma \u0161ansonu"},"content":{"rendered":"<p>Tom\u00e1\u0161 Padev\u011bt je hudebn\u00ed producent a vydavatel, ale tak\u00e9 grafick\u00fd design\u00e9r a publicista, kter\u00fd se rozhodl sepsat fascinuj\u00edc\u00ed \u017eivot na\u0161\u00ed nejv\u011bt\u0161\u00ed \u0161ansoni\u00e9rky Hany Hegerov\u00e9, kter\u00e1 m\u011bla sv\u00e9mu publiku v\u017edy co \u0159\u00edct a p\u0159edat. Pod n\u00e1zvem Carmen \u2013 Skute\u010dn\u00fd \u017eivot Hany Hegerov\u00e9 tak vy\u0161el jej\u00ed kompletn\u00ed \u017eivotopis, kter\u00fd je dopln\u011bn i o spoustu dobov\u00fdch fotografi\u00ed, kter\u00e9 jsou ze zp\u011bva\u010d\u010dina soukrom\u00e9ho vlastnictv\u00ed \u010di je poskytli jej\u00ed p\u0159\u00e1tel\u00e9 a rodina. I d\u00edky tomu je kniha opravdu unik\u00e1tn\u00ed.<\/p>\n<p>Mysl\u00edm, \u017ee jm\u00e9no Hany Hegerov\u00e9 zaslechl n\u011bkdy v\u00a0\u017eivot\u011b snad ka\u017ed\u00fd. Tato talentovan\u00e1 here\u010dka a zp\u011bva\u010dka se narodila na Slovensku, ale v\u00a0\u010cesk\u00e9 republice na\u0161la sv\u016fj druh\u00fd domov stejn\u011b jako na prknech pra\u017esk\u00fdch divadel. Jej\u00ed d\u011btstv\u00ed nebylo jednoduch\u00e9, proto\u017ee jej\u00ed otec byl velk\u00fdm sympatizantem nacistick\u00e9ho hnut\u00ed na Slovensku, s\u00a0\u010d\u00edm\u017e jej\u00ed maminka v\u016fbec nesouhlasila. U\u017e od mali\u010dka v\u0161ak projevovala p\u011bveck\u00fd a tane\u010dn\u00ed talent, a proto nebylo tak p\u0159ekvapiv\u00e9, \u017ee na prknech pra\u017esk\u00fdch divadel si ji lid\u00e9 pozd\u011bji zamilovali.<\/p>\n<p>Hana Hegerov\u00e1 vystupovala nap\u0159\u00edklad v\u00a0divadlech Rokoko \u010di Semafor, kter\u00fd pro ni byl p\u0159elomov\u00fd. Spole\u010dn\u011b s\u00a0kolegy ze Semaforu pak hr\u00e1la i v\u00a0obl\u00edben\u00e9m hudebn\u00edm filmu Kdyby tis\u00edc klarinet\u016f, kde se objevila nap\u0159\u00edklad po boku Waldemra Matu\u0161ky.<\/p>\n<p>Jej\u00ed nejv\u011bt\u0161\u00ed dom\u00e9nou se v\u0161ak staly \u0161ansony, co\u017e jsou p\u00edsn\u011b, kter\u00e9 jsou zalo\u017eeny jak na hudb\u011b, tak hlavn\u011b na textu. Tyto p\u00edsn\u011b maj\u00ed poslucha\u010di n\u011bco p\u0159edat, spojit ho se zp\u011bv\u00e1kem a dostat se mu pod k\u016f\u017ei. A to p\u0159esn\u011b se Han\u011b Hegerov\u00e9 da\u0159ilo dokonale. To je tak\u00e9 d\u016fvod, pro\u010d je naz\u00fdv\u00e1na Velkou d\u00e1mou \u0161ansonu \u010di Piaf z\u00a0Prahy.<\/p>\n<p>V\u00a0knize Carmen se dozv\u00edte v\u0161e o \u017eivot\u011b t\u00e9to v\u00fdjime\u010dn\u00e9 zp\u011bva\u010dky, co jste kdy cht\u011bli v\u011bd\u011bt. Jej\u00ed \u017eivotopis je nav\u00edc ps\u00e1n velmi \u010dtiv\u011b a a\u017e rom\u00e1novou formou a celkov\u00fd v\u00fdsledek v\u00fdborn\u011b dotv\u00e1\u0159\u00ed i obrazov\u00e1 p\u0159\u00edloha, kter\u00e1 \u010dten\u00e1\u0159e je\u0161t\u011b v\u00edce pohlt\u00ed do \u017eivotn\u00edho p\u0159\u00edb\u011bhu t\u00e9to neoby\u010dejn\u00e9 \u017eeny. Carmen tak rozhodn\u011b nesm\u00ed chyb\u011bt v\u00a0knihovn\u011b \u017e\u00e1dn\u00e9ho jej\u00edho fanou\u0161ka nebo obecn\u011b fanou\u0161ka \u0161anson\u016f.<\/p>\n<p>\u00a0<\/p>\n<p>Kristina Heklov\u00e1 (@kristi_cte)<\/p>\n<p>\u00a0<\/p>\n<p>Autor:\u00a0Kristina Heklov\u00e1<\/p>\n","protected":false},"excerpt":{"rendered":"<p>\u0160ansony \u2013 p\u00edsn\u011b zalo\u017een\u00e9 na textu, kter\u00e9 svou nejv\u011bt\u0161\u00ed popularitu za\u017eily ve Francii d\u00edky jedine\u010dn\u00e9 Edith Piaf. U n\u00e1s byla jejich pr\u016fkopnic\u00ed nem\u00e9n\u011b skv\u011bl\u00e1 zp\u011bva\u010dka a here\u010dka Hana Hegerov\u00e1, kter\u00e1 se mohla py\u0161nit nejen zvu\u010dn\u00fdm hlasem, ale i zaj\u00edmav\u00fdm \u017eivotem.<\/p>\n","protected":false},"author":2,"featured_media":325512,"comment_status":"open","ping_status":"open","sticky":false,"template":"","format":"standard","meta":{"_acf_changed":false,"_monsterinsights_skip_tracking":false,"_monsterinsights_sitenote_active":false,"_monsterinsights_sitenote_note":"","_monsterinsights_sitenote_category":0,"_EventAllDay":false,"_EventTimezone":"","_EventStartDate":"","_EventEndDate":"","_EventStartDateUTC":"","_EventEndDateUTC":"","_EventShowMap":false,"_EventShowMapLink":false,"_EventURL":"","_EventCost":"","_EventCostDescription":"","_EventCurrencySymbol":"","_EventCurrencyCode":"","_EventCurrencyPosition":"","_EventDateTimeSeparator":"","_EventTimeRangeSeparator":"","_EventOrganizerID":[],"_EventVenueID":[],"_OrganizerEmail":"","_OrganizerPhone":"","_OrganizerWebsite":"","_VenueAddress":"","_VenueCity":"","_VenueCountry":"","_VenueProvince":"","_VenueState":"","_VenueZip":"","_VenuePhone":"","_VenueURL":"","_VenueStateProvince":"","_VenueLat":"","_VenueLng":"","_VenueShowMap":false,"_VenueShowMapLink":false,"twitterCardType":"","cardImageID":0,"cardImage":"","cardTitle":"","cardDesc":"","cardImageAlt":"","cardPlayer":"","cardPlayerWidth":0,"cardPlayerHeight":0,"cardPlayerStream":"","cardPlayerCodec":"","footnotes":""},"categories":[7],"tags":[21832],"class_list":["post-325511","post","type-post","status-publish","format-standard","has-post-thumbnail","hentry","category-recenze","tag-literarni-kavarna"],"acf":{"related_products":null},"_links":{"self":[{"href":"https:\/\/www.luxor.cz\/blog\/wp-json\/wp\/v2\/posts\/325511","targetHints":{"allow":["GET"]}}],"collection":[{"href":"https:\/\/www.luxor.cz\/blog\/wp-json\/wp\/v2\/posts"}],"about":[{"href":"https:\/\/www.luxor.cz\/blog\/wp-json\/wp\/v2\/types\/post"}],"author":[{"embeddable":true,"href":"https:\/\/www.luxor.cz\/blog\/wp-json\/wp\/v2\/users\/2"}],"replies":[{"embeddable":true,"href":"https:\/\/www.luxor.cz\/blog\/wp-json\/wp\/v2\/comments?post=325511"}],"version-history":[{"count":0,"href":"https:\/\/www.luxor.cz\/blog\/wp-json\/wp\/v2\/posts\/325511\/revisions"}],"wp:featuredmedia":[{"embeddable":true,"href":"https:\/\/www.luxor.cz\/blog\/wp-json\/wp\/v2\/media\/325512"}],"wp:attachment":[{"href":"https:\/\/www.luxor.cz\/blog\/wp-json\/wp\/v2\/media?parent=325511"}],"wp:term":[{"taxonomy":"category","embeddable":true,"href":"https:\/\/www.luxor.cz\/blog\/wp-json\/wp\/v2\/categories?post=325511"},{"taxonomy":"post_tag","embeddable":true,"href":"https:\/\/www.luxor.cz\/blog\/wp-json\/wp\/v2\/tags?post=325511"}],"curies":[{"name":"wp","href":"https:\/\/api.w.org\/{rel}","templated":true}]}}