{"id":325509,"date":"2021-12-11T11:16:29","date_gmt":"2021-12-11T10:16:29","guid":{"rendered":"https:\/\/www.luxor.cz\/blog\/nezarazene\/63382-socialni-site-nade-vse\/"},"modified":"2021-12-11T11:16:29","modified_gmt":"2021-12-11T10:16:29","slug":"63382-socialni-site-nade-vse","status":"publish","type":"post","link":"https:\/\/www.luxor.cz\/blog\/recenze\/63382-socialni-site-nade-vse\/","title":{"rendered":"Soci\u00e1ln\u00ed s\u00edt\u011b nade v\u0161e"},"content":{"rendered":"<p>M\u00e9lanie si v\u017edy p\u0159\u00e1la b\u00fdt \u00fasp\u011b\u0161n\u00e1 a p\u0159edev\u0161\u00edm slavn\u00e1 a naprosto propadla fenom\u00e9nu reality show. Jedn\u00e9 se dokonce z\u00fa\u010dastn\u00ed, ale bohu\u017eel ji neproslav\u00ed tak, jak si M\u00e9lanie p\u0159edstavovala. Postupn\u011b v\u0161ak objevuje kouzlo soci\u00e1ln\u00edch s\u00edt\u00ed, od Facebooku, p\u0159es Instagram a\u017e po Youtube. I\u00a0kdy\u017e se z\u00a0M\u00e9lanie stane vdan\u00e1 \u017eena a matka dvou d\u011bt\u00ed, jej\u00ed nad\u0161en\u00ed z\u00a0virtu\u00e1ln\u00edho sv\u011bta neutich\u00e1. Naopak. Za\u010dne svoje d\u011bti Kimmy a Sammyho na soci\u00e1ln\u00edch ukazovat a \u010d\u00edm d\u00e1l v\u00edc je zapojovat do r\u016fzn\u00fdch vide\u00ed, chce cel\u00e9mu sv\u011btu d\u00e1t na obdiv jej\u00ed dokonalou rodinku. Jsou v\u0161ak Kimmy a Sammy taky ze soci\u00e1ln\u00edch s\u00edt\u00ed nad\u0161en\u00ed? Realita je tro\u0161ku jin\u00e1, ne\u017e je M\u00e9lanie ochotn\u00e1 si p\u0159iznat. Jednoho dne se stane n\u011bco \u0161okuj\u00edc\u00edho, Kimmy se p\u0159i h\u0159e na schov\u00e1vanou ztrat\u00ed a vypad\u00e1 to, \u017ee ji n\u011bkdo unesl. Kdo to mohl b\u00fdt? N\u00e1siln\u00edk nebo fanou\u0161ek? Nebo \u00fapln\u011b n\u011bkdo jin\u00fd? Zmizen\u00ed Kimmy dost\u00e1v\u00e1 na starost vy\u0161et\u0159it policistka Clara, kter\u00e1 se v\u00a0prost\u0159ed\u00ed soci\u00e1ln\u00edch s\u00edt\u00ed p\u0159\u00edli\u0161 nepohybuje, ale rozhodne se o tomto virtu\u00e1ln\u00edm sv\u011bt\u011b zjistit v\u00edce.<\/p>\n<p>Soci\u00e1ln\u00ed s\u00edt\u011b n\u00e1m ukrajuj\u00ed \u010d\u00edm d\u00e1l v\u00edc z na\u0161eho voln\u00e9ho \u010dasu a stejn\u011b tak i ze soukrom\u00ed. Delphine skv\u011ble popisuje, kam a\u017e m\u016f\u017ee doj\u00edt touha po sl\u00e1v\u011b, uzn\u00e1n\u00ed a lajc\u00edch. A\u010dkoliv m\u00e1 kniha D\u011bti nade v\u0161e lehce thrillerov\u00fd n\u00e1dech, nejedn\u00e1 se o ak\u010dn\u00ed thriller, kde se na ka\u017ed\u00e9 stran\u011b d\u011bje n\u011bkolik zvrat\u016f. Autorka p\u0159\u00edb\u011bh stav\u00ed na mezilidsk\u00fdch vztaz\u00edch a ukazuje, jak soci\u00e1ln\u00ed s\u00edt\u011b dok\u00e1\u017eou tyto rodinn\u00e9 vazby naru\u0161it a tak\u00e9 se zab\u00fdv\u00e1 ot\u00e1zkou, zda je virtu\u00e1ln\u00ed prost\u0159ed\u00ed pro d\u011bti vhodn\u00e9.<\/p>\n<p>D\u011bti nade v\u0161e jsou vlastn\u011b oby\u010dejn\u00fd p\u0159\u00edb\u011bh, ale p\u016fsob\u00ed v\u00edce ne\u017e re\u00e1ln\u011b. D\u00edky knize mo\u017en\u00e1 za\u010dnete p\u0159em\u00fd\u0161let nad t\u00edm, co v\u0161e na soci\u00e1ln\u00edch s\u00edt\u00edch ukazujete a jak\u00e9 to m\u016f\u017ee m\u00edt dopady nejen na v\u00e1s, ale i va\u0161e rodiny. Zaj\u00edm\u00e1v\u00e1 je i \u010d\u00e1st knihy z\u00a0roku 2031, kdy jsou Kimmy a Sammy dosp\u011bl\u00ed a \u0159e\u0161\u00ed, \u017ee maj\u00ed nulov\u00e9 soukrom\u00ed a soci\u00e1ln\u00ed s\u00edt\u011b jim vzaly zna\u010dnou \u010d\u00e1st d\u011btstv\u00ed a tuto k\u0159ivdu matce nemohou odpustit.<\/p>\n<p>Pokud jste u\u017e od autorky n\u011bjakou knihu \u010detli, v\u00edte, \u017ee jej\u00ed knihy nejsou zrovna vesel\u00e9. P\u0159esn\u011b to plat\u00ed i pro D\u011bti nade v\u0161e. Jedn\u00e1 se o tro\u0161ku t\u011b\u017e\u0161\u00ed \u010dten\u00ed, na kter\u00e9 je pot\u0159eba m\u00edt n\u00e1ladu. Ale rozhodn\u011b knihu doporu\u010duji, a\u010dkoliv je p\u0159\u00edb\u011bh pom\u011brn\u011b syrov\u00fd a Delphine de Vigan si s\u00a0dne\u0161n\u00ed spole\u010dnost\u00ed nebere \u017e\u00e1dn\u00e9 serv\u00edtky.<\/p>\n<p>\u00a0<\/p>\n<p>Petra Pil\u00e1tov\u00e1<\/p>\n<p>Autor:\u00a0Petra Pil\u00e1tov\u00e1<\/p>\n","protected":false},"excerpt":{"rendered":"<p>Delphine de Vigan je obl\u00edben\u00e1 francouzsk\u00e1 autorka, kter\u00e1 ve sv\u00fdch knih\u00e1ch v\u017edy zpracov\u00e1v\u00e1 n\u011bjak\u00e9 z\u00e1va\u017en\u00e9 spole\u010densk\u00e9 t\u00e9ma. Nejinak tomu je i v\u00a0knize D\u011bti nade v\u0161e, kde se v\u011bnuje soci\u00e1ln\u00edm s\u00edt\u00edm, kter\u00e9 jsou v\u00a0sou\u010dasnosti velice aktu\u00e1ln\u00ed.<\/p>\n","protected":false},"author":2,"featured_media":325510,"comment_status":"open","ping_status":"open","sticky":false,"template":"","format":"standard","meta":{"_acf_changed":false,"_monsterinsights_skip_tracking":false,"_monsterinsights_sitenote_active":false,"_monsterinsights_sitenote_note":"","_monsterinsights_sitenote_category":0,"_EventAllDay":false,"_EventTimezone":"","_EventStartDate":"","_EventEndDate":"","_EventStartDateUTC":"","_EventEndDateUTC":"","_EventShowMap":false,"_EventShowMapLink":false,"_EventURL":"","_EventCost":"","_EventCostDescription":"","_EventCurrencySymbol":"","_EventCurrencyCode":"","_EventCurrencyPosition":"","_EventDateTimeSeparator":"","_EventTimeRangeSeparator":"","_EventOrganizerID":[],"_EventVenueID":[],"_OrganizerEmail":"","_OrganizerPhone":"","_OrganizerWebsite":"","_VenueAddress":"","_VenueCity":"","_VenueCountry":"","_VenueProvince":"","_VenueState":"","_VenueZip":"","_VenuePhone":"","_VenueURL":"","_VenueStateProvince":"","_VenueLat":"","_VenueLng":"","_VenueShowMap":false,"_VenueShowMapLink":false,"twitterCardType":"","cardImageID":0,"cardImage":"","cardTitle":"","cardDesc":"","cardImageAlt":"","cardPlayer":"","cardPlayerWidth":0,"cardPlayerHeight":0,"cardPlayerStream":"","cardPlayerCodec":"","footnotes":""},"categories":[7],"tags":[21832],"class_list":["post-325509","post","type-post","status-publish","format-standard","has-post-thumbnail","hentry","category-recenze","tag-literarni-kavarna"],"acf":{"related_products":null},"_links":{"self":[{"href":"https:\/\/www.luxor.cz\/blog\/wp-json\/wp\/v2\/posts\/325509","targetHints":{"allow":["GET"]}}],"collection":[{"href":"https:\/\/www.luxor.cz\/blog\/wp-json\/wp\/v2\/posts"}],"about":[{"href":"https:\/\/www.luxor.cz\/blog\/wp-json\/wp\/v2\/types\/post"}],"author":[{"embeddable":true,"href":"https:\/\/www.luxor.cz\/blog\/wp-json\/wp\/v2\/users\/2"}],"replies":[{"embeddable":true,"href":"https:\/\/www.luxor.cz\/blog\/wp-json\/wp\/v2\/comments?post=325509"}],"version-history":[{"count":0,"href":"https:\/\/www.luxor.cz\/blog\/wp-json\/wp\/v2\/posts\/325509\/revisions"}],"wp:featuredmedia":[{"embeddable":true,"href":"https:\/\/www.luxor.cz\/blog\/wp-json\/wp\/v2\/media\/325510"}],"wp:attachment":[{"href":"https:\/\/www.luxor.cz\/blog\/wp-json\/wp\/v2\/media?parent=325509"}],"wp:term":[{"taxonomy":"category","embeddable":true,"href":"https:\/\/www.luxor.cz\/blog\/wp-json\/wp\/v2\/categories?post=325509"},{"taxonomy":"post_tag","embeddable":true,"href":"https:\/\/www.luxor.cz\/blog\/wp-json\/wp\/v2\/tags?post=325509"}],"curies":[{"name":"wp","href":"https:\/\/api.w.org\/{rel}","templated":true}]}}