{"id":325505,"date":"2021-12-15T11:10:56","date_gmt":"2021-12-15T10:10:56","guid":{"rendered":"https:\/\/www.luxor.cz\/blog\/nezarazene\/63387-pojdme-se-ubytovat-do-rodinneho-hotelu-palac-heiligendamm\/"},"modified":"2021-12-15T11:10:56","modified_gmt":"2021-12-15T10:10:56","slug":"63387-pojdme-se-ubytovat-do-rodinneho-hotelu-palac-heiligendamm","status":"publish","type":"post","link":"https:\/\/www.luxor.cz\/blog\/recenze\/63387-pojdme-se-ubytovat-do-rodinneho-hotelu-palac-heiligendamm\/","title":{"rendered":"Poj\u010fme se ubytovat do Rodinn\u00e9ho hotelu Pal\u00e1c Heiligendamm"},"content":{"rendered":"<p class=\"Standard\" style=\"text-align: justify; text-justify: inter-ideograph;\">P\u00ed\u0161e se rok 1912 a v\u0161echno klape tak jak m\u00e1. Pan Heinrich Kuhlmann, majitel hotelu Pal\u00e1c Heiligendamm otev\u0159el v m\u011bste\u010dku Doberan sv\u016fj vlastn\u00ed hotel. V hotelu bydl\u00ed i cel\u00e1 jeho rodina. Jeho \u017eena Ottilie, kter\u00e1 je p\u0159\u00edsn\u00e1 a z\u00e1sadov\u00e1. Spolu maj\u00ed p\u011bt d\u011bt\u00ed, dva syny a t\u0159i dcery. Nejstar\u0161\u00ed Friedrich s nimi nebydl\u00ed, pracuje v Berl\u00edn\u011b jako l\u00e9ka\u0159 v nemocnici Charit\u00e9. Mlad\u0161\u00ed syn Paul, nejstar\u0161\u00ed dcera Johanna, prost\u0159edn\u00ed Elisabeth a nejmlad\u0161\u00ed dcera Luisa bydl\u00ed s nimi.<\/p>\n<p class=\"Standard\" style=\"text-align: justify; text-justify: inter-ideograph;\">V l\u00e1zn\u00edch Heiligendamm ale u\u017e jeden hotel je, a to slavn\u00fd Grand Hotel, kter\u00fd nav\u0161t\u011bvuje vy\u0161\u0161\u00ed spole\u010dnost. P\u0159esto nemus\u00ed pan Kuhlmann zoufat, v\u0161echny pokoje m\u00e1 do posledn\u00edho m\u00edsta obsazen\u00e9. Pro n\u011bj se prvot\u0159\u00eddnost hotelu stav\u00ed na servisu, nikoliv na poloze a prost\u0159ed\u00ed samotn\u00e9ho hotelu. D\u016fle\u017eit\u00e9 je, aby se host\u00e9 c\u00edtili jako doma, co\u017e hotel Pal\u00e1c spl\u0148uje.<\/p>\n<p class=\"Standard\" style=\"text-align: justify; text-justify: inter-ideograph;\">S panem Kuhlmannem vede hotel je\u0161t\u011b syn Paul, ale ten nem\u00e1 obchodn\u00edho ducha. Jeho velkou v\u00e1\u0161n\u00ed je hudba, ale o tom necht\u011bj\u00ed rodi\u010de v \u017e\u00e1dn\u00e9m p\u0159\u00edpad\u011b sly\u0161et ani slovo.<\/p>\n<p class=\"Standard\" style=\"text-align: justify; text-justify: inter-ideograph;\">Za to Elisabeth m\u00e1 obchodn\u00ed nad\u00e1n\u00ed. Jakoby se pro pr\u00e1ci v hotelu narodila. M\u00e1 v\u00fdborn\u00e9 n\u00e1pady, je pln\u00e1 energie a hotel miluje. Bohu\u017eel se neslu\u0161\u00ed, aby \u017eena ve 20. stolet\u00ed pracovala a je\u0161t\u011b nav\u00edc \u017eena z v\u00e1\u017een\u00e9 rodiny. Jej\u00ed hlavn\u00ed prioritou podle matky je, aby se dob\u0159e provdala a rodila d\u011bti. P\u0159eci jen na to m\u00e1 u\u017e v\u011bk. <strong>Co je nesmysln\u00e9ho na tom, \u017ee se chce nau\u010dit n\u011bco o podnik\u00e1n\u00ed sv\u00e9ho otce? Pro\u010d mus\u00ed v devaten\u00e1cti letech ub\u00edjet sv\u016fj \u010das pleten\u00edm a hodinami hudby? <\/strong>R\u00e1da by chodila do hotelov\u00e9 \u0161koly, ale stejn\u011b jako Paul, i ona m\u00e1 sm\u016flu.<\/p>\n<p class=\"Standard\" style=\"text-align: justify; text-justify: inter-ideograph;\">Jednoho dne p\u0159ijede do hotelu hrab\u011b von Seitz, pr\u016fmysln\u00edk a \u010dlen N\u011bmeck\u00e9 koloni\u00e1ln\u00ed spole\u010dnosti se sv\u00fdm tajemn\u00edkem Juliusem Falkenhaynemem. Sh\u00e1n\u00ed vhodn\u00e9 m\u00edsto pro uspo\u0159\u00e1d\u00e1n\u00ed plesu, aby z\u00edskali z \u0159ad n\u011bmeck\u00fdch ob\u010dan\u016f nov\u00e9 kolonisty do Afriky. A\u010d se to na prvn\u00ed pohled nezd\u00e1, Julius se do Elizabeth zamiluje. J\u00ed v\u0161ak p\u0159ipad\u00e1 chladn\u00fd a \u010f\u00e1belsk\u00fd. V\u016fbec se v n\u011bm nevyzn\u00e1. Pozd\u011bji v\u0161ak pozn\u00e1, \u017ee pod p\u0159\u00edsnou maskou je jin\u00e1 osoba, ne\u017e si myslela. Ne\u017e Julius odjede za sv\u00fdmi povinnostmi do z\u00e1padn\u00ed Afriky, vyzn\u00e1 Elisabeth sv\u00e9 city. Ta si ale mysl\u00ed, \u017ee si z n\u00ed d\u011bl\u00e1 srandu, aby z\u00edskal dal\u0161\u00ed kolonistku.<\/p>\n<p class=\"Standard\" style=\"text-align: justify; text-justify: inter-ideograph;\">M\u011bs\u00edce plynou d\u00e1l, ale hotelu se za\u010d\u00edn\u00e1 da\u0159it \u0161patn\u011b. Nep\u0159eje po\u010das\u00ed, host\u00e9 odhla\u0161uj\u00ed sv\u00e9 pobyty a rezervace na dal\u0161\u00ed t\u00fddny a pan Kuhlmann m\u00e1 nejv\u011bt\u0161\u00ed starost, jak na ja\u0159e zaplat\u00ed bance prvn\u00ed spl\u00e1tku. Sna\u017e\u00ed se ze v\u0161ech sil vymyslet, jak z\u00edskat klienty zp\u011bt. Uspo\u0159\u00e1daj\u00ed koncert, v\u0161echny pokoje maj\u00ed zarezervovan\u00e9, ale ve slavn\u00fd den nikdo nep\u0159ijede. Nejen, \u017ee mus\u00ed zaplatit p\u011bvce a opern\u00ed p\u011bvkyn\u011b, ale tak\u00e9 co s tolika j\u00eddlem, kter\u00e9 m\u011bli pro hosty p\u0159ipraven\u00e9. N\u011bkdo jim \u0161kod\u00ed a chce, aby hotel Pal\u00e1c Heiligendamm \u0161el ke dnu. Elisabeth u\u017e se nem\u016f\u017ee d\u00e1l koukat, jak jej\u00ed sen o veden\u00ed hotelu upad\u00e1, a tak se rozhodne jednat. Zapoj\u00ed do sv\u00e9ho pl\u00e1nu tajemn\u00edka Juliuse Falkenhaynema. Zachr\u00e1n\u00ed hotel p\u0159ed aukc\u00ed? Nebo o n\u011bj nadobro p\u0159ijdou?<\/p>\n<p class=\"Standard\" style=\"text-align: justify; text-justify: inter-ideograph;\">1. srpna 1914 propukne 1. sv\u011btov\u00e1 v\u00e1lka. Mlad\u00edci se hl\u00e1s\u00ed dobrovoln\u011b do slu\u017eby, av\u0161ak je\u0161t\u011b nev\u00ed co je \u010dek\u00e1. S nad\u0161en\u00edm naverbuje i Paul ze sv\u00e9 vlastn\u00ed v\u016fle. V\u0161ichni si mysl\u00ed, \u017ee v\u00e1lka potrv\u00e1 jen p\u00e1r m\u011bs\u00edc\u016f. Av\u0161ak se pletou. V\u00e1lka je dlouh\u00e1 a krut\u00e1. A m\u00e1 nespo\u010det ob\u011bt\u00ed.<\/p>\n<p class=\"Standard\" style=\"text-align: justify; text-justify: inter-ideograph;\">A jak to v\u0161echno dopadne? Bude tedy hotel Pal\u00e1c Heiligendamm zachr\u00e1n\u011bn a ve vlastnictv\u00ed rodiny Kuhlmannov\u00fdch? P\u0159e\u017eije Paul v\u00e1lku. Bude Elisabeth s Juliusem Falkenhaynemem?<\/p>\n<p class=\"Standard\" style=\"text-align: justify; text-justify: inter-ideograph;\">P\u0159\u00edb\u011bh je velmi nap\u00ednav\u00fd. Posledn\u00ed strany mi vehnaly slzy do o\u010d\u00ed. V\u016fbec jsem ne\u010dekala takov\u00fd konec a tak stra\u0161n\u011b moc se t\u011b\u0161\u00edm, a\u017e autorka vyd\u00e1 druh\u00fd d\u00edl. Je na co se t\u011b\u0161it.<\/p>\n<p class=\"Standard\" style=\"text-align: justify; text-justify: inter-ideograph;\">\u00a0<\/p>\n<p class=\"Standard\" style=\"text-align: justify; text-justify: inter-ideograph;\">Autorka recenze: Simona Krchov\u00e1<\/p>\n<p class=\"Standard\" style=\"text-align: justify; text-justify: inter-ideograph;\">\u00a0<\/p>\n<p class=\"Standard\" style=\"text-align: justify; text-justify: inter-ideograph;\">\u00a0<\/p>\n<p class=\"Standard\" style=\"text-align: justify; text-justify: inter-ideograph;\">\u00a0<\/p>\n<p>Autor:\u00a0Simona Krchov\u00e1<\/p>\n","protected":false},"excerpt":{"rendered":"<p class=\"Standard\" style=\"text-align: justify; text-justify: inter-ideograph;\">Milovn\u00edci rodinn\u00e9 s\u00e1gy Pansk\u00e9ho domu a Venkovsk\u00e9ho s\u00eddla zbyst\u0159ete. Je tady dal\u0161\u00ed s\u00e1ga, kter\u00e1 by nem\u011bla chyb\u011bt v \u017e\u00e1dn\u00e9 knihovn\u011b \u010dten\u00e1\u0159\u016f hltaj\u00edc\u00ed rodinn\u00e9 s\u00e1gy jedn\u00edm dechem.<\/p>\n","protected":false},"author":2,"featured_media":325506,"comment_status":"open","ping_status":"open","sticky":false,"template":"","format":"standard","meta":{"_acf_changed":false,"_monsterinsights_skip_tracking":false,"_monsterinsights_sitenote_active":false,"_monsterinsights_sitenote_note":"","_monsterinsights_sitenote_category":0,"_EventAllDay":false,"_EventTimezone":"","_EventStartDate":"","_EventEndDate":"","_EventStartDateUTC":"","_EventEndDateUTC":"","_EventShowMap":false,"_EventShowMapLink":false,"_EventURL":"","_EventCost":"","_EventCostDescription":"","_EventCurrencySymbol":"","_EventCurrencyCode":"","_EventCurrencyPosition":"","_EventDateTimeSeparator":"","_EventTimeRangeSeparator":"","_EventOrganizerID":[],"_EventVenueID":[],"_OrganizerEmail":"","_OrganizerPhone":"","_OrganizerWebsite":"","_VenueAddress":"","_VenueCity":"","_VenueCountry":"","_VenueProvince":"","_VenueState":"","_VenueZip":"","_VenuePhone":"","_VenueURL":"","_VenueStateProvince":"","_VenueLat":"","_VenueLng":"","_VenueShowMap":false,"_VenueShowMapLink":false,"twitterCardType":"","cardImageID":0,"cardImage":"","cardTitle":"","cardDesc":"","cardImageAlt":"","cardPlayer":"","cardPlayerWidth":0,"cardPlayerHeight":0,"cardPlayerStream":"","cardPlayerCodec":"","footnotes":""},"categories":[7],"tags":[21832],"class_list":["post-325505","post","type-post","status-publish","format-standard","has-post-thumbnail","hentry","category-recenze","tag-literarni-kavarna"],"acf":{"related_products":null},"_links":{"self":[{"href":"https:\/\/www.luxor.cz\/blog\/wp-json\/wp\/v2\/posts\/325505","targetHints":{"allow":["GET"]}}],"collection":[{"href":"https:\/\/www.luxor.cz\/blog\/wp-json\/wp\/v2\/posts"}],"about":[{"href":"https:\/\/www.luxor.cz\/blog\/wp-json\/wp\/v2\/types\/post"}],"author":[{"embeddable":true,"href":"https:\/\/www.luxor.cz\/blog\/wp-json\/wp\/v2\/users\/2"}],"replies":[{"embeddable":true,"href":"https:\/\/www.luxor.cz\/blog\/wp-json\/wp\/v2\/comments?post=325505"}],"version-history":[{"count":0,"href":"https:\/\/www.luxor.cz\/blog\/wp-json\/wp\/v2\/posts\/325505\/revisions"}],"wp:featuredmedia":[{"embeddable":true,"href":"https:\/\/www.luxor.cz\/blog\/wp-json\/wp\/v2\/media\/325506"}],"wp:attachment":[{"href":"https:\/\/www.luxor.cz\/blog\/wp-json\/wp\/v2\/media?parent=325505"}],"wp:term":[{"taxonomy":"category","embeddable":true,"href":"https:\/\/www.luxor.cz\/blog\/wp-json\/wp\/v2\/categories?post=325505"},{"taxonomy":"post_tag","embeddable":true,"href":"https:\/\/www.luxor.cz\/blog\/wp-json\/wp\/v2\/tags?post=325505"}],"curies":[{"name":"wp","href":"https:\/\/api.w.org\/{rel}","templated":true}]}}