{"id":325497,"date":"2021-12-27T17:29:45","date_gmt":"2021-12-27T16:29:45","guid":{"rendered":"https:\/\/www.luxor.cz\/blog\/nezarazene\/63391-sila-zeny\/"},"modified":"2021-12-27T17:29:45","modified_gmt":"2021-12-27T16:29:45","slug":"63391-sila-zeny","status":"publish","type":"post","link":"https:\/\/www.luxor.cz\/blog\/recenze\/63391-sila-zeny\/","title":{"rendered":"S\u00edla \u017eeny"},"content":{"rendered":"<p>T\u00e9ma \u010darod\u011bjnictv\u00ed je siln\u00fdm a zaj\u00edmav\u00fdm prvkem mnoha knih, ale Finbar Hawkins se ho chopil po sv\u00e9m. Jeho \u010carod\u011bjnice je sice knihou, kter\u00e1 n\u00e1s prov\u00e1z\u00ed st\u0159edov\u011bkem a p\u0159ipom\u00edn\u00e1 n\u00e1m ob\u00e1van\u00e9 hony na \u010darod\u011bjnice, ale krom\u011b toho se tak\u00e9 v\u011bnuje d\u016fle\u017eit\u00fdm t\u00e9mat\u016fm a ukazuje n\u00e1m \u017eenskou s\u00edlu zase trochu v\u00a0jin\u00e9m sv\u011btle.<\/p>\n<p>Evey a Dill jsou sestry, kter\u00fdm banda surov\u00fdch chlap\u016f z\u00a0vesnice zavra\u017ed\u00ed matku jen proto, \u017ee ji na\u0159kli z\u00a0\u010darod\u011bjnictv\u00ed. Jejich maminka v\u0161ak nikdy nikomu neubl\u00ed\u017eila, ba naopak. Sna\u017eila se pomoc\u00ed bylin a sv\u00e9 l\u00e9\u010div\u00e9 s\u00edly zachra\u0148ovat mu\u017ee, \u017eeny i d\u011bti, ale tehdej\u0161\u00ed spole\u010dnost pro to bohu\u017eel nem\u011bla moc pochopen\u00ed. V\u0161e bylo v\u00a0po\u0159\u00e1dku do doby, ne\u017e se Eveyina a Dillina maminka n\u011bkomu znel\u00edbila a t\u00edm za\u010dal nel\u00edtostn\u00fd hon na \u010darod\u011bjnici.<\/p>\n<p>V\u0161e bylo o to hor\u0161\u00ed, \u017ee ob\u011b d\u00edvky t\u00e9to stra\u0161n\u00e9 ud\u00e1losti musely b\u00fdt p\u0159\u00edtomny, a to na jejich du\u0161i zanechalo hlubok\u00e9 \u0161r\u00e1my. Malink\u00e1 Dill plakala a truchlila po sv\u00e9m, ale patn\u00e1ctilet\u00e1 Evey se okam\u017eit\u011b rozhodla, \u017ee ud\u011bl\u00e1 v\u0161e proto, aby jejich maminku pomstila. Vyd\u00e1v\u00e1 se tedy po stop\u00e1ch mat\u010din\u00fdch vrah\u016f s\u00a0jasnou my\u0161lenkou na odplatu. Oko za oko, zub za zub.<\/p>\n<p>Krom\u011b zaj\u00edmav\u00e9ho n\u00e1m\u011btu je t\u0159eba vyzdvihnout to, jak autor do knihy zapracoval oslavu \u017eensk\u00e9 s\u00edly a jednoty. I kdy\u017e je tedy tato kniha v\u00a0\u017e\u00e1nru young adult, jsem si jist\u00e1, \u017ee m\u00e1 svou hloubku, a p\u0159edev\u0161\u00edm m\u00e1 mlad\u00e9 generaci co p\u0159edat velmi p\u0159\u00edstupn\u00fdm a \u010dtiv\u00fdm zp\u016fsobem. Samo \u010darod\u011bjnictv\u00ed je \u010dasto spojov\u00e1no se silami, kter\u00e9 se rod\u00ed uvnit\u0159 \u017eeny a vyzdvihuj\u00ed jej\u00ed jedine\u010dnost a neporazitelnost.<\/p>\n<p>To v\u0161e n\u00e1m tak\u00e9 p\u0159ed\u00e1v\u00e1 i Finbar Hawkins a jsem si jist\u00e1, \u017ee si knihu zamiluje mnoho \u010dten\u00e1\u0159\u016f, pr\u00e1v\u011b pro jej\u00ed poselstv\u00ed. Ak\u010dnost a\u017e tolik ne\u010dekejte, ale pokud hled\u00e1te knihu plnou zaj\u00edmav\u00fdch my\u0161lenek, kr\u00e1sn\u00fdch ilustrac\u00ed a d\u011bjem, kter\u00fd v\u00e1s pohlt\u00ed, rozhodn\u011b nev\u00e1hejte a s\u00e1hn\u011bte po \u010carod\u011bjnici.<\/p>\n<p>\u00a0<\/p>\n<p>Kristina Heklov\u00e1 (@kristi_cte)<\/p>\n<p>Autor:\u00a0Kristina Heklov\u00e1<\/p>\n","protected":false},"excerpt":{"rendered":"<p>V\u00a0sou\u010dasn\u00e9 dob\u011b je \u010d\u00edm d\u00e1l v\u00edce na vzestupu podpora \u017eensk\u00e9 s\u00edly, jednoty, samostatnosti a rovnopr\u00e1vnosti. Ne v\u017edy tomu ale tak bylo a v\u00a0minulosti byly \u017eeny velmi \u010dasto vra\u017ed\u011bny a mu\u010deny jen proto, \u017ee se n\u011bkomu znel\u00edbily.<\/p>\n","protected":false},"author":2,"featured_media":325498,"comment_status":"open","ping_status":"open","sticky":false,"template":"","format":"standard","meta":{"_acf_changed":false,"_monsterinsights_skip_tracking":false,"_monsterinsights_sitenote_active":false,"_monsterinsights_sitenote_note":"","_monsterinsights_sitenote_category":0,"_EventAllDay":false,"_EventTimezone":"","_EventStartDate":"","_EventEndDate":"","_EventStartDateUTC":"","_EventEndDateUTC":"","_EventShowMap":false,"_EventShowMapLink":false,"_EventURL":"","_EventCost":"","_EventCostDescription":"","_EventCurrencySymbol":"","_EventCurrencyCode":"","_EventCurrencyPosition":"","_EventDateTimeSeparator":"","_EventTimeRangeSeparator":"","_EventOrganizerID":[],"_EventVenueID":[],"_OrganizerEmail":"","_OrganizerPhone":"","_OrganizerWebsite":"","_VenueAddress":"","_VenueCity":"","_VenueCountry":"","_VenueProvince":"","_VenueState":"","_VenueZip":"","_VenuePhone":"","_VenueURL":"","_VenueStateProvince":"","_VenueLat":"","_VenueLng":"","_VenueShowMap":false,"_VenueShowMapLink":false,"twitterCardType":"","cardImageID":0,"cardImage":"","cardTitle":"","cardDesc":"","cardImageAlt":"","cardPlayer":"","cardPlayerWidth":0,"cardPlayerHeight":0,"cardPlayerStream":"","cardPlayerCodec":"","footnotes":""},"categories":[7],"tags":[21832],"class_list":["post-325497","post","type-post","status-publish","format-standard","has-post-thumbnail","hentry","category-recenze","tag-literarni-kavarna"],"acf":{"related_products":null},"_links":{"self":[{"href":"https:\/\/www.luxor.cz\/blog\/wp-json\/wp\/v2\/posts\/325497","targetHints":{"allow":["GET"]}}],"collection":[{"href":"https:\/\/www.luxor.cz\/blog\/wp-json\/wp\/v2\/posts"}],"about":[{"href":"https:\/\/www.luxor.cz\/blog\/wp-json\/wp\/v2\/types\/post"}],"author":[{"embeddable":true,"href":"https:\/\/www.luxor.cz\/blog\/wp-json\/wp\/v2\/users\/2"}],"replies":[{"embeddable":true,"href":"https:\/\/www.luxor.cz\/blog\/wp-json\/wp\/v2\/comments?post=325497"}],"version-history":[{"count":0,"href":"https:\/\/www.luxor.cz\/blog\/wp-json\/wp\/v2\/posts\/325497\/revisions"}],"wp:featuredmedia":[{"embeddable":true,"href":"https:\/\/www.luxor.cz\/blog\/wp-json\/wp\/v2\/media\/325498"}],"wp:attachment":[{"href":"https:\/\/www.luxor.cz\/blog\/wp-json\/wp\/v2\/media?parent=325497"}],"wp:term":[{"taxonomy":"category","embeddable":true,"href":"https:\/\/www.luxor.cz\/blog\/wp-json\/wp\/v2\/categories?post=325497"},{"taxonomy":"post_tag","embeddable":true,"href":"https:\/\/www.luxor.cz\/blog\/wp-json\/wp\/v2\/tags?post=325497"}],"curies":[{"name":"wp","href":"https:\/\/api.w.org\/{rel}","templated":true}]}}