{"id":325493,"date":"2022-01-06T09:34:34","date_gmt":"2022-01-06T08:34:34","guid":{"rendered":"https:\/\/www.luxor.cz\/blog\/nezarazene\/63393-prvni-krev-aneb-jak-to-vsechno-zacalo\/"},"modified":"2022-01-06T09:34:34","modified_gmt":"2022-01-06T08:34:34","slug":"63393-prvni-krev-aneb-jak-to-vsechno-zacalo","status":"publish","type":"post","link":"https:\/\/www.luxor.cz\/blog\/recenze\/63393-prvni-krev-aneb-jak-to-vsechno-zacalo\/","title":{"rendered":"Prvn\u00ed krev aneb Jak to v\u0161echno za\u010dalo"},"content":{"rendered":"<p>Je\u0161t\u011b kdy\u017e jsem knihu za\u010d\u00ednala \u010d\u00edst, slibovala jsem si od n\u00ed dal\u0161\u00ed pokra\u010dov\u00e1n\u00ed s\u00e9rie. U\u017e po p\u00e1r \u0159\u00e1dc\u00edch mi ale n\u011bco nesed\u011blo, chronologicky nezapadalo. Teprve pak jsem se dozv\u011bd\u011bla, \u017ee <strong>Prvn\u00ed krev je prequel<\/strong>, tedy kniha, je\u017e v\u00a0d\u011bjov\u00e9 chronologii p\u0159\u00edb\u011bhu p\u0159edch\u00e1z\u00ed v\u0161em d\u0159\u00edve vydan\u00fdm d\u00edl\u016fm t\u00e9hle s\u00e9rie. Vyprav\u00edme se tak zp\u00e1tky v \u010dase, na samotn\u00fd po\u010d\u00e1tek vzniku t\u00fdmu na\u0161\u00ed obl\u00edben\u00e9 \u0161\u00e9finspektorky Kim a jej\u00edch koleg\u016f.<\/p>\n<p><strong>Nov\u00fd t\u00fdm, prvn\u00ed mrtvola<\/strong><\/p>\n<p>Najednou se s\u00a0Kim ocit\u00e1me na \u00fapln\u00e9m po\u010d\u00e1tku, p\u0159ed halesowenskou policejn\u00ed stanic\u00ed, kam byla p\u0159id\u011blena. Za chv\u00edli se m\u00e1 setkat se sv\u00fdm ji\u017e druh\u00fdm \u0161\u00e9fem za posledn\u00edch 14 dn\u00ed. \u0160\u00e9finspektor Woodward j\u00ed n\u00e1sledn\u011b p\u0159edstav\u00ed \u010dleny jej\u00edho t\u00fdmu: Bryanta, Dawsona a Stacey. Ka\u017ed\u00fd z\u00a0nich je \u00fapln\u011b jin\u00fd, je siln\u00fd v\u00a0jin\u00e9 oblasti a vynik\u00e1 v\u00a0jin\u00fdch \u010dinnostech.<\/p>\n<p><strong><em>Bryant<\/em><\/strong>, klidn\u00fd a d\u016fstojn\u00fd star\u0161\u00ed detektiv, se hned stane pravou rukou a par\u0165\u00e1kem samotn\u00e9 Kim. Skv\u011ble dopl\u0148uje jej\u00ed odm\u011b\u0159enost a ne zrovna vyt\u0159\u00edbenou schopnost jednat s\u00a0lidmi. Kr\u00e1lovstv\u00ed <strong><em>Stacey<\/em><\/strong> je zase po\u010d\u00edta\u010d a v\u0161echny mo\u017en\u00e9 informace, kter\u00e9 se v\u00a0n\u011bm dok\u00e1\u017e\u00ed naj\u00edt. Jej\u00ed silnou str\u00e1nkou nen\u00ed p\u00e1tr\u00e1n\u00ed v\u00a0ter\u00e9nu, n\u00fdbr\u017e na s\u00edti. Moc toho nenamluv\u00ed, ale t\u00edm, jak je v\u017edy zap\u00e1len\u00e1 do toho, \u010demu se pr\u00e1v\u011b v\u011bnuje, n\u00e1m u\u017e od po\u010d\u00e1tku p\u0159ipom\u00edn\u00e1 samotnou Kim. A <strong><em>Dawson<\/em><\/strong>? Nenapraviteln\u00fd z\u00e1letn\u00edk, fraj\u00edrek s\u00a0ambicemi velet v\u0161emu a v\u0161em, bez pokory a soudnosti, jeho\u017e charakter se \u010dasem vyt\u0159\u00edb\u00ed, jak v\u011bd\u00ed v\u0161ichni, kte\u0159\u00ed tuhle s\u00e9rii alespo\u0148 z\u00a0\u010d\u00e1sti znaj\u00ed.<\/p>\n<p>\u00a0<strong><em>Kim<\/em><\/strong> si u\u017e od prvn\u00edch str\u00e1nek chr\u00e1n\u00ed svou tvrdou slupku. Pov\u011bst chladn\u00e9 a spole\u010densky neobratn\u00e9 \u017eeny bez emoc\u00ed napl\u0148uje p\u0159i ka\u017ed\u00e9 p\u0159\u00edle\u017eitosti. Na druhou stranu jsme schopni z\u00a0jej\u00ed povahy hned od po\u010d\u00e1tku vy\u010d\u00edst, \u017ee je nesm\u00edrn\u011b citliv\u00e1, spravedliv\u00e1 a f\u00e9rov\u00e1. Dokonal\u00fd nen\u00ed v\u016fbec nikdo, zato Kim m\u00e1 obrovskou vnit\u0159n\u00ed s\u00edlu, hou\u017eevnatost a p\u0159irozen\u00fd temperament. Mysl\u00edm, \u017ee nejde si ji nezamilovat, a\u0165 u\u017e tuhle s\u00e9rii \u010dtete od po\u010d\u00e1tku nebo od konce.<\/p>\n<p>Na sv\u016fj prvn\u00ed spole\u010dn\u00fd p\u0159\u00edpad tenhle t\u00fdm rozhodn\u011b ne\u010dek\u00e1 nijak dlouho. <strong>N\u00e1lez mrtvoly byl ohl\u00e1\u0161en hned v\u00a0prvn\u00ed den jejich spole\u010dn\u00e9ho p\u016fsoben\u00ed<\/strong>: na prvn\u00ed pohled mlad\u00fd a ni\u010d\u00edm nezaj\u00edmav\u00fd mu\u017e, jemu\u017e byly kon\u010detiny p\u0159ibity h\u0159eb\u00edkem k\u00a0zemi, hlava byla odd\u011blena od t\u011bla, a kter\u00e9mu byly nad to v\u0161echno nav\u00edc znetvo\u0159eny genit\u00e1lie. Pro v\u0161echny \u010dty\u0159i \u010dleny nov\u011b vznikl\u00e9ho t\u00fdmu to znamen\u00e1 vrhnout se do pr\u00e1ce. Netrv\u00e1 jim nijak dlouho odkr\u00fdt trpk\u00fd sv\u011bt zneu\u017e\u00edvan\u00fdch d\u011bt\u00ed a pedofil\u016f. A mrtv\u00fdch pomalu p\u0159ib\u00fdv\u00e1\u2026<\/p>\n<p><strong>Zp\u00e1tky na za\u010d\u00e1tek<\/strong><\/p>\n<p>Vy, kdo stejn\u011b jako j\u00e1 \u010dek\u00e1te dal\u0161\u00ed navazuj\u00edc\u00ed d\u00edl s\u00e9rie, neberte Prvn\u00ed krev a n\u00e1vrat na za\u010d\u00e1tek cel\u00e9ho p\u0159\u00edb\u011bhu jako prohru. <strong>Tahle kniha si jednak dr\u017e\u00ed la\u0165ku sv\u00fdch kvalit stejn\u011b tak vysoko, jako ostatn\u00ed d\u00edla Angely Marsonsov\u00e9<\/strong>, ale p\u0159edev\u0161\u00edm je tenhle n\u00e1hled do minulosti docela osv\u011b\u017euj\u00edc\u00ed. Nejenom, \u017ee m\u00e1te trumf v\u00a0ruk\u00e1vu v\u00a0podob\u011b pozn\u00e1n\u00ed toho, jak se v\u0161echno bude d\u00e1l vyv\u00edjet, \u010d\u00edm v\u0161\u00edm si tahle sympatick\u00e1 \u010dty\u0159ka bude muset proj\u00edt, ale nav\u00edc se p\u0159ed v\u00e1mi otev\u00edr\u00e1 p\u0159\u00edle\u017eitost poznat, jac\u00ed byli kdysi. Nostalgicky si zavzpom\u00edn\u00e1te a p\u0159ipomenete si v\u0161echno, co v\u00e1s na knih\u00e1ch Angely Marsonsov\u00e9 tolik bavilo.<\/p>\n<p>\u00a0<\/p>\n<p>Autorka recenze: Andrea Simoglu<\/p>\n<p>Autor:\u00a0Andrea Simoglu<\/p>\n","protected":false},"excerpt":{"rendered":"<p>Poj\u010fte se vypravit proti proudu \u010dasu a dozv\u011bd\u011bt se, jak vlastn\u011b za\u010dala jedna z\u00a0nej\u00fasp\u011b\u0161n\u011bj\u0161\u00edch s\u00e9ri\u00ed detektivek sou\u010dasn\u00e9 doby! Prvn\u00ed krev, prequel s\u00e9rie P\u0159\u00edpady Kim Stoneov\u00e9, v\u00e1s zavede na \u00fapln\u00fd za\u010d\u00e1tek.<\/p>\n","protected":false},"author":2,"featured_media":325494,"comment_status":"open","ping_status":"open","sticky":false,"template":"","format":"standard","meta":{"_acf_changed":false,"_monsterinsights_skip_tracking":false,"_monsterinsights_sitenote_active":false,"_monsterinsights_sitenote_note":"","_monsterinsights_sitenote_category":0,"_EventAllDay":false,"_EventTimezone":"","_EventStartDate":"","_EventEndDate":"","_EventStartDateUTC":"","_EventEndDateUTC":"","_EventShowMap":false,"_EventShowMapLink":false,"_EventURL":"","_EventCost":"","_EventCostDescription":"","_EventCurrencySymbol":"","_EventCurrencyCode":"","_EventCurrencyPosition":"","_EventDateTimeSeparator":"","_EventTimeRangeSeparator":"","_EventOrganizerID":[],"_EventVenueID":[],"_OrganizerEmail":"","_OrganizerPhone":"","_OrganizerWebsite":"","_VenueAddress":"","_VenueCity":"","_VenueCountry":"","_VenueProvince":"","_VenueState":"","_VenueZip":"","_VenuePhone":"","_VenueURL":"","_VenueStateProvince":"","_VenueLat":"","_VenueLng":"","_VenueShowMap":false,"_VenueShowMapLink":false,"twitterCardType":"","cardImageID":0,"cardImage":"","cardTitle":"","cardDesc":"","cardImageAlt":"","cardPlayer":"","cardPlayerWidth":0,"cardPlayerHeight":0,"cardPlayerStream":"","cardPlayerCodec":"","footnotes":""},"categories":[7],"tags":[21832],"class_list":["post-325493","post","type-post","status-publish","format-standard","has-post-thumbnail","hentry","category-recenze","tag-literarni-kavarna"],"acf":{"related_products":null},"_links":{"self":[{"href":"https:\/\/www.luxor.cz\/blog\/wp-json\/wp\/v2\/posts\/325493","targetHints":{"allow":["GET"]}}],"collection":[{"href":"https:\/\/www.luxor.cz\/blog\/wp-json\/wp\/v2\/posts"}],"about":[{"href":"https:\/\/www.luxor.cz\/blog\/wp-json\/wp\/v2\/types\/post"}],"author":[{"embeddable":true,"href":"https:\/\/www.luxor.cz\/blog\/wp-json\/wp\/v2\/users\/2"}],"replies":[{"embeddable":true,"href":"https:\/\/www.luxor.cz\/blog\/wp-json\/wp\/v2\/comments?post=325493"}],"version-history":[{"count":0,"href":"https:\/\/www.luxor.cz\/blog\/wp-json\/wp\/v2\/posts\/325493\/revisions"}],"wp:featuredmedia":[{"embeddable":true,"href":"https:\/\/www.luxor.cz\/blog\/wp-json\/wp\/v2\/media\/325494"}],"wp:attachment":[{"href":"https:\/\/www.luxor.cz\/blog\/wp-json\/wp\/v2\/media?parent=325493"}],"wp:term":[{"taxonomy":"category","embeddable":true,"href":"https:\/\/www.luxor.cz\/blog\/wp-json\/wp\/v2\/categories?post=325493"},{"taxonomy":"post_tag","embeddable":true,"href":"https:\/\/www.luxor.cz\/blog\/wp-json\/wp\/v2\/tags?post=325493"}],"curies":[{"name":"wp","href":"https:\/\/api.w.org\/{rel}","templated":true}]}}