{"id":325489,"date":"2022-01-10T09:41:36","date_gmt":"2022-01-10T08:41:36","guid":{"rendered":"https:\/\/www.luxor.cz\/blog\/nezarazene\/63395-lucie-aneb-stredovek-neskoncil-stredovek-trva\/"},"modified":"2022-01-10T09:41:36","modified_gmt":"2022-01-10T08:41:36","slug":"63395-lucie-aneb-stredovek-neskoncil-stredovek-trva","status":"publish","type":"post","link":"https:\/\/www.luxor.cz\/blog\/recenze\/63395-lucie-aneb-stredovek-neskoncil-stredovek-trva\/","title":{"rendered":"Lucie aneb St\u0159edov\u011bk neskon\u010dil, st\u0159edov\u011bk trv\u00e1"},"content":{"rendered":"<p>Pokud m\u00e1te r\u00e1di kapelu Lucie, tento kni\u017en\u00ed skvost u v\u00e1s nem\u016f\u017ee chyb\u011bt. Kniha je pln\u00e1 n\u00e1dhern\u00fdch fotografi\u00ed a popisk\u016f. Najdete tam i p\u00e1r koment\u00e1\u0159\u016f a vzpom\u00ednek jednotliv\u00fdch \u010dlen\u016f kapely. Krom\u011b toho kniha poskytne spoustu skv\u011bl\u00fdch a ne\u010dekan\u00fdch informac\u00ed. Sn\u00edmky, kter\u00e9 dote\u010f nebyly nikde zve\u0159ejn\u011bny.<\/p>\n<p>V knize jsou str\u00e1nky p\u0159id\u011bleny k ur\u010dit\u00fdm alb\u016fm a najdete tady i spoustu sn\u00edmku z nat\u00e1\u010den\u00ed vide\u00ed, p\u0159i\u010dem\u017e nahl\u00e9dnete i do z\u00e1kulis\u00ed. Kr\u00e1sn\u011b si d\u00edky rozd\u011blen\u00ed podle rok\u016f p\u0159ipomene, jak\u00e9 hity tehdy hr\u00e1ly v r\u00e1di\u00edch.<\/p>\n<p>Velmi kvalitn\u00ed zpracov\u00e1n\u00ed. Kniha je moc hezky graficky dolad\u011bna, ur\u010dit\u011b V\u00e1s nalad\u00ed si poslechnout jejich skladby a zavzpom\u00ednat se. J\u00e1 si vychutn\u00e1v\u00e1m ka\u017edou str\u00e1nku.<\/p>\n<p>P\u0159izn\u00e1m se, \u017ee kdy\u017e jsem si kn\u00ed\u017eku prohl\u00ed\u017eela poprv\u00e9, m\u011bla jsem obavy, \u017ee t\u011bch fotek je moc a textu je m\u00e1lo, \u017ee knihu p\u0159el\u00e9tnu o\u010dima a odlo\u017e\u00edm do knihovny, ale v\u016fbec ne. Fotek bylo dost a bylo to dob\u0159e! Textu bylo \u00fapln\u011b akor\u00e1t, vzpom\u00ednky \u010dlen\u016f m\u011b zavedly zp\u00e1tky v \u010dase a j\u00e1 si mohla p\u0159ipomenou ,, star\u00e9 dobr\u00e9 \u010dasy&#8220;. Knihu ur\u010dit\u011b doporu\u010duji fanou\u0161k\u016fm, kte\u0159\u00ed si d\u00edky t\u00e9to knize mohou zavzpom\u00ednat, co v t\u00e9 dob\u011b d\u011blali a jak se jim \u017eilo.<\/p>\n<p>N\u00e1dhern\u00e1 publikace pln\u00e1 fotek. Doporu\u010duji i jako d\u00e1rek (nejen) pro fanou\u0161ky kapely.<\/p>\n<p>Doporu\u010duji si tuhle kr\u00e1snou z\u00e1silku nechat poslat a\u017e do pohodl\u00ed domova, proto\u017ee kn\u00ed\u017eka v\u00e1\u017e\u00ed v\u00edce ne\u017e t\u0159i kila a obsahuje v\u00edce ne\u017e 500 str\u00e1nek pln\u00fdch \u017eivota t\u00e9hle skv\u011bl\u00e9 kapely. J\u00e1 si ur\u010dit\u011b p\u0159\u00ed\u0161t\u00ed rok zajdu na jejich koncert!<\/p>\n<p>\u00a0<\/p>\n<p>Alexandra Snitil\u00e1<\/p>\n<p>Autor:\u00a0Alexandra Snitil\u00e1<\/p>\n","protected":false},"excerpt":{"rendered":"<p>Kapela Lucie v\u00e1s znovu okouzl\u00ed tentokr\u00e1t v kni\u017en\u00ed podob\u011b.<\/p>\n","protected":false},"author":2,"featured_media":325490,"comment_status":"open","ping_status":"open","sticky":false,"template":"","format":"standard","meta":{"_acf_changed":false,"_monsterinsights_skip_tracking":false,"_monsterinsights_sitenote_active":false,"_monsterinsights_sitenote_note":"","_monsterinsights_sitenote_category":0,"_EventAllDay":false,"_EventTimezone":"","_EventStartDate":"","_EventEndDate":"","_EventStartDateUTC":"","_EventEndDateUTC":"","_EventShowMap":false,"_EventShowMapLink":false,"_EventURL":"","_EventCost":"","_EventCostDescription":"","_EventCurrencySymbol":"","_EventCurrencyCode":"","_EventCurrencyPosition":"","_EventDateTimeSeparator":"","_EventTimeRangeSeparator":"","_EventOrganizerID":[],"_EventVenueID":[],"_OrganizerEmail":"","_OrganizerPhone":"","_OrganizerWebsite":"","_VenueAddress":"","_VenueCity":"","_VenueCountry":"","_VenueProvince":"","_VenueState":"","_VenueZip":"","_VenuePhone":"","_VenueURL":"","_VenueStateProvince":"","_VenueLat":"","_VenueLng":"","_VenueShowMap":false,"_VenueShowMapLink":false,"twitterCardType":"","cardImageID":0,"cardImage":"","cardTitle":"","cardDesc":"","cardImageAlt":"","cardPlayer":"","cardPlayerWidth":0,"cardPlayerHeight":0,"cardPlayerStream":"","cardPlayerCodec":"","footnotes":""},"categories":[7],"tags":[21832],"class_list":["post-325489","post","type-post","status-publish","format-standard","has-post-thumbnail","hentry","category-recenze","tag-literarni-kavarna"],"acf":{"related_products":null},"_links":{"self":[{"href":"https:\/\/www.luxor.cz\/blog\/wp-json\/wp\/v2\/posts\/325489","targetHints":{"allow":["GET"]}}],"collection":[{"href":"https:\/\/www.luxor.cz\/blog\/wp-json\/wp\/v2\/posts"}],"about":[{"href":"https:\/\/www.luxor.cz\/blog\/wp-json\/wp\/v2\/types\/post"}],"author":[{"embeddable":true,"href":"https:\/\/www.luxor.cz\/blog\/wp-json\/wp\/v2\/users\/2"}],"replies":[{"embeddable":true,"href":"https:\/\/www.luxor.cz\/blog\/wp-json\/wp\/v2\/comments?post=325489"}],"version-history":[{"count":0,"href":"https:\/\/www.luxor.cz\/blog\/wp-json\/wp\/v2\/posts\/325489\/revisions"}],"wp:featuredmedia":[{"embeddable":true,"href":"https:\/\/www.luxor.cz\/blog\/wp-json\/wp\/v2\/media\/325490"}],"wp:attachment":[{"href":"https:\/\/www.luxor.cz\/blog\/wp-json\/wp\/v2\/media?parent=325489"}],"wp:term":[{"taxonomy":"category","embeddable":true,"href":"https:\/\/www.luxor.cz\/blog\/wp-json\/wp\/v2\/categories?post=325489"},{"taxonomy":"post_tag","embeddable":true,"href":"https:\/\/www.luxor.cz\/blog\/wp-json\/wp\/v2\/tags?post=325489"}],"curies":[{"name":"wp","href":"https:\/\/api.w.org\/{rel}","templated":true}]}}