{"id":325485,"date":"2022-01-14T10:00:42","date_gmt":"2022-01-14T09:00:42","guid":{"rendered":"https:\/\/www.luxor.cz\/blog\/nezarazene\/63397-pamatujete-si-jake-jste-meli-pocity-kdyz-vam-bylo-nact-a-co-kdyz-vasi-nadejnou-budoucnost-ohrozi-1-svetova-valka\/"},"modified":"2022-01-14T10:00:42","modified_gmt":"2022-01-14T09:00:42","slug":"63397-pamatujete-si-jake-jste-meli-pocity-kdyz-vam-bylo-nact-a-co-kdyz-vasi-nadejnou-budoucnost-ohrozi-1-svetova-valka","status":"publish","type":"post","link":"https:\/\/www.luxor.cz\/blog\/recenze\/63397-pamatujete-si-jake-jste-meli-pocity-kdyz-vam-bylo-nact-a-co-kdyz-vasi-nadejnou-budoucnost-ohrozi-1-svetova-valka\/","title":{"rendered":"Pamatujete si, jak\u00e9 jste m\u011bli pocity, kdy\u017e v\u00e1m bylo n\u00e1ct? A co kdy\u017e va\u0161i nad\u011bjnou budoucnost ohroz\u00ed 1.sv\u011btov\u00e1 v\u00e1lka&#8230;"},"content":{"rendered":"<p>Do rukou se mi dostal historick\u00fd rom\u00e1n St\u00edny sv\u011bta, z\u00a0pera \u0161pan\u011blsko-n\u011bmeck\u00e9ho autora jm\u00e9nem Andreas Izquierdo. Jedn\u00e1 se o knihu, kter\u00e1 se odehr\u00e1v\u00e1 na \u00fazem\u00ed prusk\u00e9 Torun\u011b p\u0159ed v\u00edce ne\u017e sto lety.<\/p>\n<p>Co je bezesporu prvn\u00ed v\u011bc, kter\u00e1 v\u00e1s zaujme, je obdob\u00ed, ve kter\u00e9m se p\u0159\u00edb\u011bh odehr\u00e1v\u00e1. Jedn\u00e1 se o dobu t\u011bsn\u011b p\u0159ed 1.sv\u011btovou v\u00e1lkou, kter\u00e1 je pro v\u0161echny z\u00a0n\u00e1s, kdo se p\u0159\u00edli\u0161 o historii nezaj\u00edmaj\u00ed, obdob\u00edm tajemn\u00fdm, nezn\u00e1m\u00fdm a prapodivn\u011b bl\u00edzk\u00fdm, a p\u0159itom tak vzd\u00e1len\u00fdm. J\u00e1 osobn\u011b nepat\u0159\u00edm mezi zvl\u00e1\u0161n\u00ed milovn\u00edky historick\u00fdch rom\u00e1n\u016f, a co se t\u00fd\u010de d\u011bjepisu, nikdy jsme nebyli ti nejlep\u0161\u00ed p\u0159\u00e1tel\u00e9. A i p\u0159es to, kniha je naps\u00e1na tak \u017eiv\u011b, \u010dtiv\u011b a re\u00e1ln\u011b, \u017ee m\u00e1te pocit, \u017ee poslouch\u00e1te vypr\u00e1v\u011bn\u00ed sv\u00fdch prarodi\u010d\u016f. Prost\u0159ed\u00ed je a\u017e t\u00e9m\u011b\u0159 nezn\u00e1m\u00e9, ale p\u0159itom lidsk\u00e9 vztahy se zase tak z\u00e1sadn\u011b nezm\u011bnily. Sv\u00edtilo se petrojov\u00fdmi lampami, ve\u0161erk\u00e1 elektronika byla dalekou budoucnost\u00ed, ale lid\u00e9 \u017eili, radovali se, milovali, nen\u00e1vid\u011bli, jedli a pili.<\/p>\n<p>V rom\u00e1nu St\u00edny sv\u011bta sledujeme \u017eivot t\u0159\u00ed mlad\u00fdch lid\u00ed, konkr\u00e9tn\u011b nesm\u011bl\u00e9ho \u017eidovsk\u00e9ho Carla, statn\u00e9ho Artura, jeho\u017e hlava je plna n\u00e1pad\u016f a kr\u00e1sn\u00e9 a drz\u00e9 Isy. Vyprav\u011b\u010dem je v\u00a0tomto p\u0159\u00edpad\u011b Carl, syn krej\u010d\u00edho. Carl \u017eije pouze s\u00a0ovdov\u011bl\u00fdm otcem a tajn\u011b sn\u00ed, \u017ee se stane v\u00fdborn\u00fdm fotografem.<\/p>\n<p>D\u011bj se za\u010d\u00edn\u00e1 odehr\u00e1vat v\u00a0roce 1910. Prvn\u00ed polovina knihy sleduje p\u0159ev\u00e1\u017en\u011b neplechy a ka\u017edodenn\u00ed radosti na\u0161ich hrdin\u016f, ale jejich prost\u0159ednictv\u00edm rovn\u011b\u017e i tehd\u011bj\u0161\u00ed spole\u010dnost, intriky, mocen\u00e1\u0161e, politickou situaci, spole\u010dnesk\u00e9 postaven\u00ed \u017een a po\u010d\u00ednaj\u00edc\u00ed nevra\u017eivost N\u011bmc\u016f v\u016f\u010di \u017did\u016fm. Autor velmi p\u016fsobiv\u011b a uv\u011b\u0159iteln\u011b p\u0159ibli\u017euje ka\u017edodenn\u00ed realitu oby\u010dejn\u00fdch lid\u00ed. M\u00edsty poci\u0165ujete nespravedlnost, m\u00edsty zlost, m\u00edsty pohor\u0161en\u00ed, \u010dasto se nad situac\u00ed pobav\u00edte, a tak\u00e9 nez\u0159\u00eddka politujete. D\u011bj m\u00e1 sp\u00e1d, hrdin\u016fm se kone\u010dn\u011b za\u010d\u00edn\u00e1 da\u0159it a najednou je v\u0161e jinak. Druh\u00e1 \u010d\u00e1st knihy postupuje do temn\u011bj\u0161\u00edho vypr\u00e1v\u011bn\u00ed v\u00a0obdob\u00ed prvn\u00ed sv\u011btov\u00e9 v\u00e1lky. Mlad\u00ed mu\u017ei mus\u00ed narukovat a mlad\u00e1 d\u00edvka z\u016fst\u00e1v\u00e1 \u201ebojovat\u201c na dom\u00e1c\u00ed p\u016fd\u011b&#8230;<\/p>\n<p>Po m\u00fdch p\u0159edchoz\u00edch zku\u0161enostech s\u00a0historick\u00fdmi rom\u00e1ny, jsem knihou velmi mile p\u0159ekvapen\u00e1. Ohledn\u011b druh\u00e9 sv\u011btov\u00e9 v\u00e1lky toho bylo naps\u00e1no dost. V\u011bt\u0161inou je n\u00e1m v\u0161em bl\u00ed\u017e, nejen kv\u016fli \u010dasu, ale i p\u0159\u00edpadn\u011b d\u00edky na\u0161im prarodi\u010d\u016fm a star\u0161\u00edm p\u0159\u00edbuzn\u00fdm, od kter\u00fdch jsme, pokud jsme m\u011bli \u0161t\u011bst\u00ed, pochytili p\u0159\u00edb\u011bhy a vlastn\u00ed zku\u0161enosti. Prvn\u00ed sv\u011btov\u00e1 v\u00e1lka se v\u0161ak zd\u00e1 b\u00fdt daleko a po\u010d\u00e1tek 20. stolet\u00ed p\u0159\u00edli\u0161 vzd\u00e1len, obzvl\u00e1\u0161\u0165 pro mlad\u0161\u00ed generaci.<\/p>\n<p>Pokud si tedy chcete tro\u0161ku osv\u011b\u017eit znalosti, nebo t\u0159eba jen pop\u0159em\u00fd\u0161let nad t\u00edm, \u017ee se vlastn\u011b m\u00e1me velmi dob\u0159e, nebo prost\u011b pat\u0159\u00edte mezi milovn\u00edky historick\u00fdch rom\u00e1n\u016f, kter\u00e9 nav\u00edc \u010dten\u00e1\u0159e nen\u00e1siln\u011b vt\u00e1hnou do d\u011bje, ani\u017e byste museli spoustu v\u011bc\u00ed dostudovat, knihu St\u00edny sv\u011bta velmi doporu\u010duji.<\/p>\n<p>\u00a0<\/p>\n<p>Kate\u0159ina M\u00e1lkov\u00e1<\/p>\n<p>Autor:\u00a0Kate\u0159ina M\u00e1lkov\u00e1<\/p>\n","protected":false},"excerpt":{"rendered":"<p>Dosp\u00edv\u00e1n\u00ed, to je n\u00e1ro\u010dn\u00e9 obdob\u00ed bezesporu v jak\u00e9koliv dob\u011b, ale co kdy\u017e se stane n\u011bco z\u00e1sadn\u00edho, co krom\u011b b\u011b\u017en\u00fdch starost\u00ed, napln\u00ed srdce va\u0161e, i va\u0161ich bli\u017en\u00edch, jin\u00fdmi pocity zoufalstv\u00ed, a z\u00e1rove\u0148 tak silnou chut\u00ed \u017e\u00edt, jakou jste si p\u0159ed t\u00edm ani nedok\u00e1zali p\u0159edstavit?<\/p>\n","protected":false},"author":2,"featured_media":325486,"comment_status":"open","ping_status":"open","sticky":false,"template":"","format":"standard","meta":{"_acf_changed":false,"_monsterinsights_skip_tracking":false,"_monsterinsights_sitenote_active":false,"_monsterinsights_sitenote_note":"","_monsterinsights_sitenote_category":0,"_EventAllDay":false,"_EventTimezone":"","_EventStartDate":"","_EventEndDate":"","_EventStartDateUTC":"","_EventEndDateUTC":"","_EventShowMap":false,"_EventShowMapLink":false,"_EventURL":"","_EventCost":"","_EventCostDescription":"","_EventCurrencySymbol":"","_EventCurrencyCode":"","_EventCurrencyPosition":"","_EventDateTimeSeparator":"","_EventTimeRangeSeparator":"","_EventOrganizerID":[],"_EventVenueID":[],"_OrganizerEmail":"","_OrganizerPhone":"","_OrganizerWebsite":"","_VenueAddress":"","_VenueCity":"","_VenueCountry":"","_VenueProvince":"","_VenueState":"","_VenueZip":"","_VenuePhone":"","_VenueURL":"","_VenueStateProvince":"","_VenueLat":"","_VenueLng":"","_VenueShowMap":false,"_VenueShowMapLink":false,"twitterCardType":"","cardImageID":0,"cardImage":"","cardTitle":"","cardDesc":"","cardImageAlt":"","cardPlayer":"","cardPlayerWidth":0,"cardPlayerHeight":0,"cardPlayerStream":"","cardPlayerCodec":"","footnotes":""},"categories":[7],"tags":[21832],"class_list":["post-325485","post","type-post","status-publish","format-standard","has-post-thumbnail","hentry","category-recenze","tag-literarni-kavarna"],"acf":{"related_products":null},"_links":{"self":[{"href":"https:\/\/www.luxor.cz\/blog\/wp-json\/wp\/v2\/posts\/325485","targetHints":{"allow":["GET"]}}],"collection":[{"href":"https:\/\/www.luxor.cz\/blog\/wp-json\/wp\/v2\/posts"}],"about":[{"href":"https:\/\/www.luxor.cz\/blog\/wp-json\/wp\/v2\/types\/post"}],"author":[{"embeddable":true,"href":"https:\/\/www.luxor.cz\/blog\/wp-json\/wp\/v2\/users\/2"}],"replies":[{"embeddable":true,"href":"https:\/\/www.luxor.cz\/blog\/wp-json\/wp\/v2\/comments?post=325485"}],"version-history":[{"count":0,"href":"https:\/\/www.luxor.cz\/blog\/wp-json\/wp\/v2\/posts\/325485\/revisions"}],"wp:featuredmedia":[{"embeddable":true,"href":"https:\/\/www.luxor.cz\/blog\/wp-json\/wp\/v2\/media\/325486"}],"wp:attachment":[{"href":"https:\/\/www.luxor.cz\/blog\/wp-json\/wp\/v2\/media?parent=325485"}],"wp:term":[{"taxonomy":"category","embeddable":true,"href":"https:\/\/www.luxor.cz\/blog\/wp-json\/wp\/v2\/categories?post=325485"},{"taxonomy":"post_tag","embeddable":true,"href":"https:\/\/www.luxor.cz\/blog\/wp-json\/wp\/v2\/tags?post=325485"}],"curies":[{"name":"wp","href":"https:\/\/api.w.org\/{rel}","templated":true}]}}