{"id":325483,"date":"2022-01-16T10:17:23","date_gmt":"2022-01-16T09:17:23","guid":{"rendered":"https:\/\/www.luxor.cz\/blog\/nezarazene\/63398-necista-hra-a-advokatka-s-ostrymi-lokty\/"},"modified":"2022-01-16T10:17:23","modified_gmt":"2022-01-16T09:17:23","slug":"63398-necista-hra-a-advokatka-s-ostrymi-lokty","status":"publish","type":"post","link":"https:\/\/www.luxor.cz\/blog\/recenze\/63398-necista-hra-a-advokatka-s-ostrymi-lokty\/","title":{"rendered":"Ne\u010dist\u00e1 hra a advok\u00e1tka s ostr\u00fdmi lokty"},"content":{"rendered":"<p>Danni Rollinsov\u00e1 je advok\u00e1tka, kter\u00e1 se s\u00a0ni\u010d\u00edm nema\u017ee a dok\u00e1\u017ee m\u00edt i v\u00a0soudn\u00ed s\u00edni p\u011bkn\u011b pro\u0159\u00edzlou pusu. Jednoho dne Danni o jej\u00ed slu\u017eby po\u017e\u00e1d\u00e1 rodina Thornov\u00fdch. Jejich sedmn\u00e1ctilet\u00fd ment\u00e1ln\u011b posti\u017een\u00fd syn Teddy je obvin\u011bn z\u00a0obchodov\u00e1n\u00ed s\u00a0drogami. Jen\u017ee kdy\u017e Danni s\u00a0Teddym za\u010dne mluvit, je si zcela jist\u00e1, \u017ee by ni\u010deho podobn\u00e9ho nebyl schopen. A rozhodne se tento p\u0159\u00edpad vz\u00edt a bojovat za spravedlnost.<\/p>\n<p>Ne\u010dist\u00e1 hra m\u00e1 sp\u00e1d u\u017e od prvn\u00edch stran. Autor na nic ne\u010dek\u00e1 a za\u010dne \u010dten\u00e1\u0159e pomalu zapl\u00e9tat do nejr\u016fzn\u011bj\u0161\u00edch klubek l\u017e\u00ed. Postavy jsou vyl\u00ed\u010deny barvit\u011b a m\u016f\u017eete si b\u00fdt jist\u00ed, \u017ee n\u011bkter\u00e9 budete opravdu nen\u00e1vid\u011bt. Danni bojuje za Teddyho, jak nejl\u00e9pe dovede, nen\u00ed to v\u017edy jednoduch\u00e9 a chv\u00edlemi pochybuje o sob\u011b sam\u00e9 a \u0159\u00edk\u00e1 si, jestli si nevzala p\u0159\u00edli\u0161 velk\u00e9 sousto. Nebojte se, \u017ee bude kniha pouze z prost\u0159ed\u00ed soudn\u00ed s\u00edn\u011b a budete \u010d\u00edst jen o nez\u00e1\u017eivn\u00e9m vysl\u00fdch\u00e1n\u00ed, to tady nehroz\u00ed. \u010cekaj\u00ed na V\u00e1s intriky, l\u017ei a rozuzlen\u00ed, ze kter\u00e9ho V\u00e1m nebude dob\u0159e na du\u0161i.<\/p>\n<p>Krom\u011b pr\u00e1vnick\u00e9 linky sledujeme i \u017eivotn\u00ed p\u0159\u00edb\u011bh samotn\u00e9 Danni. I kdy\u017e je odv\u00e1\u017en\u00e1 a siln\u00e1 \u017eena, v\u00a0l\u00e1sce se j\u00ed zrovna neda\u0159\u00ed a vid\u00edme, \u017ee i ona m\u00e1 svoje slabosti a bol\u00edstky. A p\u0159esn\u011b t\u00edmhle si Danni z\u00edsk\u00e1 \u010dten\u00e1\u0159ovu n\u00e1klonnost, i kdy\u017e v\u00a0pr\u00e1ci je drsn\u00e1 a ne\u00fastupn\u00e1, v\u00a0re\u00e1lu je oby\u010dejn\u00e1 \u017eena.<\/p>\n<p>Ne\u010dist\u00e1 hra je sice fiktivn\u00ed p\u0159\u00edb\u011bh, ale p\u016fsob\u00ed velice uv\u011b\u0159iteln\u011b a ukazuje r\u016fzn\u00e1 \u00faskal\u00ed pr\u00e1vn\u00edho syst\u00e9mu. Stejn\u011b tak \u010dten\u00e1\u0159i ukazuje, jak m\u016f\u017ee takov\u00e1 vypjat\u00e1 situace p\u016fsobit na ment\u00e1ln\u011b posti\u017een\u00e9ho chlapce a jak se s\u00a0t\u00edm vyrovn\u00e1v\u00e1. Nejedn\u00e1 se o drsn\u00fd p\u0159\u00edb\u011bh, ale stejn\u011b v\u00e1s vt\u00e1hne a budete Teddymu s\u00a0Danni fandit.<\/p>\n<p>\u00a0<\/p>\n<p>Petra Pil\u00e1tov\u00e1 (@knihomolskydenik)<\/p>\n<p>\u00a0<\/p>\n<p>Autor:\u00a0Petra Pil\u00e1tov\u00e1<\/p>\n","protected":false},"excerpt":{"rendered":"<p>Thriller je \u017e\u00e1nr, ve kter\u00e9m vych\u00e1z\u00ed opravdu mnoho knih. Pokud hled\u00e1te n\u011bco neot\u0159el\u00e9ho a m\u00e1te r\u00e1di pr\u00e1vnick\u00e9 prost\u0159ed\u00ed, Ne\u010distou hru si zamilujete. Victor Methos\u00a0 toti\u017e p\u0159ich\u00e1z\u00ed s\u00a0dal\u0161\u00edm pr\u00e1vnick\u00fdm thrillerem.<\/p>\n","protected":false},"author":2,"featured_media":325484,"comment_status":"open","ping_status":"open","sticky":false,"template":"","format":"standard","meta":{"_acf_changed":false,"_monsterinsights_skip_tracking":false,"_monsterinsights_sitenote_active":false,"_monsterinsights_sitenote_note":"","_monsterinsights_sitenote_category":0,"_EventAllDay":false,"_EventTimezone":"","_EventStartDate":"","_EventEndDate":"","_EventStartDateUTC":"","_EventEndDateUTC":"","_EventShowMap":false,"_EventShowMapLink":false,"_EventURL":"","_EventCost":"","_EventCostDescription":"","_EventCurrencySymbol":"","_EventCurrencyCode":"","_EventCurrencyPosition":"","_EventDateTimeSeparator":"","_EventTimeRangeSeparator":"","_EventOrganizerID":[],"_EventVenueID":[],"_OrganizerEmail":"","_OrganizerPhone":"","_OrganizerWebsite":"","_VenueAddress":"","_VenueCity":"","_VenueCountry":"","_VenueProvince":"","_VenueState":"","_VenueZip":"","_VenuePhone":"","_VenueURL":"","_VenueStateProvince":"","_VenueLat":"","_VenueLng":"","_VenueShowMap":false,"_VenueShowMapLink":false,"twitterCardType":"","cardImageID":0,"cardImage":"","cardTitle":"","cardDesc":"","cardImageAlt":"","cardPlayer":"","cardPlayerWidth":0,"cardPlayerHeight":0,"cardPlayerStream":"","cardPlayerCodec":"","footnotes":""},"categories":[7],"tags":[21832],"class_list":["post-325483","post","type-post","status-publish","format-standard","has-post-thumbnail","hentry","category-recenze","tag-literarni-kavarna"],"acf":{"related_products":null},"_links":{"self":[{"href":"https:\/\/www.luxor.cz\/blog\/wp-json\/wp\/v2\/posts\/325483","targetHints":{"allow":["GET"]}}],"collection":[{"href":"https:\/\/www.luxor.cz\/blog\/wp-json\/wp\/v2\/posts"}],"about":[{"href":"https:\/\/www.luxor.cz\/blog\/wp-json\/wp\/v2\/types\/post"}],"author":[{"embeddable":true,"href":"https:\/\/www.luxor.cz\/blog\/wp-json\/wp\/v2\/users\/2"}],"replies":[{"embeddable":true,"href":"https:\/\/www.luxor.cz\/blog\/wp-json\/wp\/v2\/comments?post=325483"}],"version-history":[{"count":0,"href":"https:\/\/www.luxor.cz\/blog\/wp-json\/wp\/v2\/posts\/325483\/revisions"}],"wp:featuredmedia":[{"embeddable":true,"href":"https:\/\/www.luxor.cz\/blog\/wp-json\/wp\/v2\/media\/325484"}],"wp:attachment":[{"href":"https:\/\/www.luxor.cz\/blog\/wp-json\/wp\/v2\/media?parent=325483"}],"wp:term":[{"taxonomy":"category","embeddable":true,"href":"https:\/\/www.luxor.cz\/blog\/wp-json\/wp\/v2\/categories?post=325483"},{"taxonomy":"post_tag","embeddable":true,"href":"https:\/\/www.luxor.cz\/blog\/wp-json\/wp\/v2\/tags?post=325483"}],"curies":[{"name":"wp","href":"https:\/\/api.w.org\/{rel}","templated":true}]}}