{"id":325467,"date":"2022-01-31T13:10:56","date_gmt":"2022-01-31T12:10:56","guid":{"rendered":"https:\/\/www.luxor.cz\/blog\/nezarazene\/63409-milan-macho-pohreb-bez-neboztika-bolavy-pohled-nazpet\/"},"modified":"2022-01-31T13:10:56","modified_gmt":"2022-01-31T12:10:56","slug":"63409-milan-macho-pohreb-bez-neboztika-bolavy-pohled-nazpet","status":"publish","type":"post","link":"https:\/\/www.luxor.cz\/blog\/recenze\/63409-milan-macho-pohreb-bez-neboztika-bolavy-pohled-nazpet\/","title":{"rendered":"Milan Macho, Poh\u0159eb bez nebo\u017et\u00edka. Bolav\u00fd pohled nazp\u011bt"},"content":{"rendered":"<p>V cizin\u011b \u017eij\u00edc\u00ed Michal p\u0159icestuje do Prahy na poh\u0159eb sv\u00e9ho bratra Erika. Smutn\u00e1 ud\u00e1lost se dramaticky zkomplikuje: bratrova rakev je pr\u00e1zdn\u00e1, postr\u00e1d\u00e1 se nebo\u017et\u00edk! Zd\u011b\u0161en je Michal, zd\u011b\u0161ena je bratrova man\u017eelka Eva i jej\u00ed dosp\u011bl\u00e9 d\u011bti. Za\u010d\u00edn\u00e1 p\u00e1tr\u00e1n\u00ed, do n\u011bho\u017e se vedle policie pou\u0161t\u00ed na vlastn\u00ed p\u011bst i Michal. Vtahuje ho do minulosti, do doby d\u011btstv\u00ed, prvn\u00edch milostn\u00fdch zku\u0161enost\u00ed a z\u00e1sadn\u00edho rozhodov\u00e1n\u00ed, co d\u00e1l s vlastn\u00edm \u017eivotem.<\/p>\n<p>Nejde v\u0161ak jen o bohat\u00e9 osobn\u00ed vzpom\u00ednky, do nich\u017e se prom\u00edtaj\u00ed slo\u017eit\u00e9 d\u011bjiny \u010ceskoslovenska v 20. stolet\u00ed.<\/p>\n<p>Michal teprve v dramatick\u00fdch t\u00fddnech sv\u00e9ho prodlou\u017een\u00e9ho pobytu v Praze odhaluje skr\u00fdvan\u00e1 tajemstv\u00ed v \u017eivotech sv\u00fdch nejbli\u017e\u0161\u00edch a mus\u00ed se s nov\u00fdm pozn\u00e1n\u00edm vyrovnat. Nav\u00edc na n\u011bj \u010dek\u00e1 slo\u017eit\u00e9 rozhodnut\u00ed, jak se zachovat v situaci, kdy s\u00e1m potkal u\u017e ne\u010dekanou novou l\u00e1sku.<\/p>\n<p>Budu m\u00edrn\u011b sobeck\u00fd. Fiktivn\u00ed linku a d\u011bj krimip\u0159\u00edpadu odsunu na vedlej\u0161\u00ed kolej.<\/p>\n<p>Kniha je nadpozemsky siln\u00e1 v ji\u017e zm\u00edn\u011bn\u00e9m druh\u00e9m sm\u011bru. Ve vzpom\u00ednk\u00e1ch \u010dlov\u011bka, kter\u00fd \u00fatlak a tlak re\u017eimu poznal. A co v\u00edc; kter\u00fd si ho pamatuje na \u0159ad\u011b konkr\u00e9tn\u00edch osud\u016f. Za v\u0161echny zm\u00edn\u00edm Z\u00e1topka nebo Bubn\u00edka. Toho, kter\u00fd pro\u0161el vy\u0161et\u0159ovac\u00ed vazbou v smutn\u011b proslul\u00e9m Dome\u010dku na Hrad\u010danech. Byl v\u011bzn\u011bn v Plzni na Borech, v j\u00e1chymovsk\u00fdch i p\u0159\u00edbramsk\u00fdch trestaneck\u00fdch pracovn\u00edch t\u00e1borech, na Pankr\u00e1ci i v Ruzyni. Nechyt\u00e1te pointu? Samoz\u0159ejm\u011b. Augustin Bubn\u00edk vyhr\u00e1l s man\u0161aftem Mistrovstv\u00ed sv\u011bta v ledn\u00edm hokeji 1949. Aby o rok pozd\u011bji&#8230;<\/p>\n<p>Takov\u00fdch a mnoho dal\u0161\u00edch pozn\u00e1mek, zd\u00e1nliv\u011b nen\u00e1padn\u00fdch, hozen\u00fdch do prostoru, nab\u00eddne Milan Macho bezpo\u010det. Je poznat, \u017ee je novin\u00e1\u0159, je poznat, \u017ee miluje fakta, je poznat, \u017ee hodn\u011b v\u00ed, a p\u0159edev\u0161\u00edm, \u017ee um\u00ed.<\/p>\n<p>Popis obvykle koliduje s faktografi\u00ed. Pakli\u017ee se sna\u017e\u00edte zd\u016fraznit jednotlivou ud\u00e1lost, c\u00edl\u00edte na detaily. Macho od nich p\u0159e\u0161el a zam\u011b\u0159il se na leti\u0161t\u011b. Na no\u010dn\u00ed Prahu. Na hospodu, plnou nad\u0161en\u00fdch lid\u00ed a dvou tajn\u00fdch.<\/p>\n<p>Zm\u011bna perspektivy vyprav\u011b\u010de byla fam\u00f3zn\u00ed.<\/p>\n<p>On tu svou knihu mo\u017en\u00e1 tou\u017eil v\u011bnovat rodin\u011b, okol\u00ed, ale ud\u011blal n\u011bco jin\u00e9ho. Napsal ji za v\u0161echny, kte\u0159\u00ed tam v danou chv\u00edli byli. A kter\u00e9 t\u0159eba i bili. Jenom\u017ee ti, kter\u00e9 bili, nedok\u00e1zali zlomit, aby b\u00fdt p\u0159estali.<\/p>\n<p>Foto: Se svolen\u00edm \u010cesk\u00e1 televize<\/p>\n<p>Hodnocen\u00ed: 83 %<\/p>\n<p>\u00a0<\/p>\n<p>Zdroj: <a href=\"https:\/\/www.krajskelisty.cz\/kultura\/26585-recenze-milan-macho-pohreb-bez-neboztika-bolavy-pohled-nazpet.htm\" target=\"_blank\" rel=\"noopener\">https:\/\/www.krajskelisty.cz\/kultura\/26585-recenze-milan-macho-pohreb-bez-neboztika-bolavy-pohled-nazpet.htm<\/a><\/p>\n<p>\u00a0<\/p>\n<p>Autor:\u00a0Vyb\u00edr\u00e1me z m\u00e9di\u00ed: Krajsk\u00e9 listy.cz<\/p>\n","protected":false},"excerpt":{"rendered":"<p>Autorovi kn\u00ed\u017eky se poda\u0159il husarsk\u00fd kousek. Z \u00fast\u0159edn\u00edho t\u00e9matu ud\u011blat t\u00e9ma vedlej\u0161\u00ed. A naopak. Ot\u00e1zkou z\u016fst\u00e1v\u00e1, jestli to byl z\u00e1m\u011br. Mysl\u00edm, \u017ee ano. Titul, rom\u00e1n, jsem m\u011bl ihned za\u0159azen\u00fd jako detektivku. Po pades\u00e1ti str\u00e1nk\u00e1ch m\u011b p\u0159estalo zaj\u00edmat, navzdory kr\u00e1sn\u00e9mu n\u00e1padu, o co v dan\u00e9 lince jde. Cht\u011bl jsem se najednou o\u010dima spisovatele a novin\u00e1\u0159e vr\u00e1tit o \u0161edes\u00e1t a v\u00edce let nazp\u011bt. Proj\u00edt si znovu dobu, kterou v\u011bt\u0161ina pamatuje, ale z n\u00ed\u017e vypadly jednotliv\u00e9 osudy.<\/p>\n","protected":false},"author":2,"featured_media":325468,"comment_status":"open","ping_status":"open","sticky":false,"template":"","format":"standard","meta":{"_acf_changed":false,"_monsterinsights_skip_tracking":false,"_monsterinsights_sitenote_active":false,"_monsterinsights_sitenote_note":"","_monsterinsights_sitenote_category":0,"_EventAllDay":false,"_EventTimezone":"","_EventStartDate":"","_EventEndDate":"","_EventStartDateUTC":"","_EventEndDateUTC":"","_EventShowMap":false,"_EventShowMapLink":false,"_EventURL":"","_EventCost":"","_EventCostDescription":"","_EventCurrencySymbol":"","_EventCurrencyCode":"","_EventCurrencyPosition":"","_EventDateTimeSeparator":"","_EventTimeRangeSeparator":"","_EventOrganizerID":[],"_EventVenueID":[],"_OrganizerEmail":"","_OrganizerPhone":"","_OrganizerWebsite":"","_VenueAddress":"","_VenueCity":"","_VenueCountry":"","_VenueProvince":"","_VenueState":"","_VenueZip":"","_VenuePhone":"","_VenueURL":"","_VenueStateProvince":"","_VenueLat":"","_VenueLng":"","_VenueShowMap":false,"_VenueShowMapLink":false,"twitterCardType":"","cardImageID":0,"cardImage":"","cardTitle":"","cardDesc":"","cardImageAlt":"","cardPlayer":"","cardPlayerWidth":0,"cardPlayerHeight":0,"cardPlayerStream":"","cardPlayerCodec":"","footnotes":""},"categories":[7],"tags":[21832],"class_list":["post-325467","post","type-post","status-publish","format-standard","has-post-thumbnail","hentry","category-recenze","tag-literarni-kavarna"],"acf":{"related_products":null},"_links":{"self":[{"href":"https:\/\/www.luxor.cz\/blog\/wp-json\/wp\/v2\/posts\/325467","targetHints":{"allow":["GET"]}}],"collection":[{"href":"https:\/\/www.luxor.cz\/blog\/wp-json\/wp\/v2\/posts"}],"about":[{"href":"https:\/\/www.luxor.cz\/blog\/wp-json\/wp\/v2\/types\/post"}],"author":[{"embeddable":true,"href":"https:\/\/www.luxor.cz\/blog\/wp-json\/wp\/v2\/users\/2"}],"replies":[{"embeddable":true,"href":"https:\/\/www.luxor.cz\/blog\/wp-json\/wp\/v2\/comments?post=325467"}],"version-history":[{"count":0,"href":"https:\/\/www.luxor.cz\/blog\/wp-json\/wp\/v2\/posts\/325467\/revisions"}],"wp:featuredmedia":[{"embeddable":true,"href":"https:\/\/www.luxor.cz\/blog\/wp-json\/wp\/v2\/media\/325468"}],"wp:attachment":[{"href":"https:\/\/www.luxor.cz\/blog\/wp-json\/wp\/v2\/media?parent=325467"}],"wp:term":[{"taxonomy":"category","embeddable":true,"href":"https:\/\/www.luxor.cz\/blog\/wp-json\/wp\/v2\/categories?post=325467"},{"taxonomy":"post_tag","embeddable":true,"href":"https:\/\/www.luxor.cz\/blog\/wp-json\/wp\/v2\/tags?post=325467"}],"curies":[{"name":"wp","href":"https:\/\/api.w.org\/{rel}","templated":true}]}}