{"id":325413,"date":"2022-04-01T11:09:53","date_gmt":"2022-04-01T09:09:53","guid":{"rendered":"https:\/\/www.luxor.cz\/blog\/nezarazene\/63444-devate-chapadlo-chobotnice-prichazi-ve-spravny-cas\/"},"modified":"2022-04-01T11:09:53","modified_gmt":"2022-04-01T09:09:53","slug":"63444-devate-chapadlo-chobotnice-prichazi-ve-spravny-cas","status":"publish","type":"post","link":"https:\/\/www.luxor.cz\/blog\/recenze\/63444-devate-chapadlo-chobotnice-prichazi-ve-spravny-cas\/","title":{"rendered":"Dev\u00e1t\u00e9 chapadlo chobotnice p\u0159ich\u00e1z\u00ed ve spr\u00e1vn\u00fd \u010das&#8230;"},"content":{"rendered":"<p>\u017dijeme moment\u00e1ln\u011b v\u00a0prapodivn\u00e9 negativistick\u00e9 dob\u011b, epidemii covidu st\u0159\u00edd\u00e1 v\u00e1lka na Ukrajin\u011b a kniha p\u0159ich\u00e1z\u00ed v\u00a0ten spr\u00e1vn\u00fd \u010das s\u00a0obrovskou my\u0161lenkou, kterou ka\u017ed\u00fd z\u00a0n\u00e1s n\u011bkde pod povrchem skr\u00fdv\u00e1, je to nyn\u00ed konec lidstva nebo minim\u00e1ln\u011b politick\u00e9 situace, tak jak ji zn\u00e1me?<\/p>\n<p>Od knihy jsem nem\u011bla valn\u00e9 o\u010dek\u00e1v\u00e1n\u00ed, nejedn\u00e1 se o \u00fapln\u011b typickou \u010detbu, po kter\u00e9 s\u00e1hnu. Jsem toti\u017e typick\u00fd konzument thriller\u016f a detektivek, ov\u0161em n\u011bkdy mi osud zavane do rukou knihu, kter\u00e1 je \u00fapln\u011b jin\u00e1 a zanech\u00e1 ve mne neskute\u010dn\u00fd dojem. Dev\u00e1t\u00e9 chapadlo chobotnice bezpochyby takovou knihou je, a to konkr\u00e9tn\u011b nap\u00ednav\u00e1, jednodu\u0161e psan\u00e1, p\u0159itom ne naivn\u00ed, nek\u00e1\u017ee a nepou\u010duje, a p\u0159esto ve \u010dten\u00e1\u0159i zanech\u00e1v\u00e1 dojem&#8230; \u201ea co kdyby se to nyn\u00ed takhle opravdu za\u010dalo odehr\u00e1vat?\u201c<\/p>\n<p>Po\u010d\u00e1tek d\u011bje je zasazen do nadch\u00e1zej\u00edc\u00edch m\u011bs\u00edc\u016f, tedy do poloviny roku 2022. Epidemie covidu pominula, lidsk\u00e9 my\u0161len\u00ed je poznamen\u00e1no touto neblahou zku\u0161enost\u00ed a Zem\u011b p\u0159ich\u00e1z\u00ed s\u00a0dal\u0161\u00ed peckou.<\/p>\n<p>Glob\u00e1ln\u00ed oteplov\u00e1n\u00ed vrchol\u00ed a za\u010d\u00edn\u00e1 zp\u016fsobovat probl\u00e9my ohro\u017euj\u00edc\u00ed ka\u017edodenn\u00ed realitu ka\u017ed\u00e9ho pozem\u0161\u0165ana.<\/p>\n<p>T\u0159i nejv\u011bt\u0161i velmoci Rusko, \u010c\u00edna a USA uzav\u0159ou podivnou a nepravd\u011bpodobnou alianci s\u00a0jedin\u00fdm c\u00edlem, a to odvr\u00e1tit z\u00e1nik lidstva a obrovskou klimatickou katastrofu nedoz\u00edrn\u00fdch rozm\u011br\u016f.<\/p>\n<p>Politika a preference velmoc\u00ed se m\u011bn\u00ed, c\u00edl je jasn\u00fd a diktatura nab\u00fdv\u00e1 na s\u00edle a vzbuzuje nevole jednotlivc\u016f, republik, separatist\u016f a obecn\u011b v\u011bt\u0161iny obyvatel. Zm\u011bny, kter\u00e9 aliance k\u00e1\u017ee, a kter\u00e9 se sna\u017e\u00ed prosazovat, se t\u00fdkaj\u00ed v\u011bt\u0161iny rozs\u00e1hl\u00fdch pr\u016fmysl\u016f, tedy logicky existuje velk\u00e9 mno\u017estv\u00ed vlivn\u00fdch lid\u00ed, kte\u0159\u00ed se sna\u017e\u00ed bou\u0159it, nep\u0159ij\u00edt o sv\u00e9 zdroje, finance a postaven\u00ed. Vznikaj\u00ed tajn\u00e9 skupiny, kter\u00e9 se sna\u017e\u00ed si zachovat sv\u016fj vliv, a tedy vytv\u00e1\u0159\u00ed chaos, kter\u00fd naru\u0161uje po\u010d\u00edn\u00e1n\u00ed velmoc\u00ed v\u00a0jejich sna\u017een\u00ed.<\/p>\n<p>Je klimatick\u00e1 aliance skute\u010dn\u011b posledn\u00ed z\u00e1chranou lidstva nebo se jedn\u00e1 o novou diktaturu pod z\u00e1minkou klimatick\u00fdch zm\u011bn?<\/p>\n<p>Kniha krom\u011b nap\u00ednav\u00e9ho d\u011bje, \u010dtivosti a trochu senza\u010dnosti, m\u00e1 sama o sob\u011b spoustu zaj\u00edmav\u00fdch my\u0161lenek. \u010c\u00e1st d\u011bje se odehr\u00e1v\u00e1 v\u00a0roce 2100, kde vid\u00edme n\u00e1sledky ud\u00e1lost\u00ed, kter\u00e9 p\u0159ed cca osmdes\u00e1ti lety prob\u011bhly a zm\u011bnily celou planetu i sm\u00fd\u0161len\u00ed jej\u00edch obyvatel. Autor m\u00e1 n\u011bkolik velmi dobr\u00fdch n\u00e1pad\u016f, kter\u00e9 jsou \u010d\u00e1ste\u010dn\u011b podlo\u017eeny sou\u010dasn\u00fdmi re\u00e1ln\u00fdmi studiemi, na kter\u00e9 se v\u0161ak neodkazuje. D\u011bj tedy plyne samoz\u0159ejm\u011b a \u010dten\u00e1\u0159 vn\u00edm\u00e1, jak neskute\u010dn\u011b re\u00e1ln\u00e1 by mohla popisovan\u00e1 situace b\u00fdt. Jak je patrn\u00e1 na\u0161e nejednostnost jako lidstva, jak se ka\u017ed\u00fd sna\u017e\u00ed hrabat na sv\u00e9m p\u00edse\u010dku a jak um\u00edme b\u00fdt sobe\u010dt\u00ed a taky zabedn\u011bn\u00ed.<\/p>\n<p>Dev\u00e1t\u00e9 chapadlo chobotnice je bezpochyby kniha, kter\u00e1 vzbud\u00ed rozd\u00edln\u00e9 n\u00e1zory, mus\u00edme se taky tro\u0161ku odprostit od toho, \u017ee sou\u010dasn\u00e1 v\u00e1lka na Ukrajin\u011b v\u00a0knize zm\u00edn\u011bn\u00e1 nen\u00ed, d\u011bj knihy s\u00a0n\u00ed v\u00a0dob\u011b vzniku nepo\u010d\u00edtal, tedy jedna z\u00a0postav, konrkt\u00e9n\u011b p. prezident Putin, nen\u00ed v\u00a0knize zobrazov\u00e1n tak jak bychom asi nyn\u00ed o\u010dek\u00e1vali. Autor si v\u0161ak zaslou\u017e\u00ed obrovsk\u00fd respekt. Pod jeho rukami vznikl jedine\u010dn\u00fd rom\u00e1n, koncept \u010d\u00e1ste\u010dn\u011b p\u0159ipom\u00ednaj\u00edc\u00ed Dana Browna, teoretick\u00fd a p\u0159itom tak d\u011bsiv\u011b re\u00e1ln\u00fd.<\/p>\n<p>\u00a0 \u00a0 \u00a0 \u00a0 \u00a0 \u00a0 \u00a0 \u00a0 \u00a0 \u00a0 \u00a0 \u00a0 \u00a0 \u00a0 \u00a0 \u00a0 \u00a0 \u00a0 \u00a0 \u00a0 \u00a0 \u00a0 \u00a0 \u00a0 \u00a0 \u00a0 \u00a0 \u00a0 \u00a0 \u00a0 \u00a0 \u00a0 \u00a0 \u00a0 \u00a0 \u00a0 \u00a0 \u00a0 \u00a0 \u00a0 \u00a0 \u00a0 \u00a0 \u00a0 \u00a0 \u00a0 \u00a0 \u00a0 \u00a0 \u00a0 \u00a0 \u00a0 \u00a0\u00a0<\/p>\n<p>Kate\u0159ina M\u00e1lkov\u00e1<\/p>\n<p>Autor:\u00a0Kate\u0159ina M\u00e1lkov\u00e1<\/p>\n","protected":false},"excerpt":{"rendered":"<p>Co se skr\u00fdv\u00e1 pod ob\u00e1lkou knihy s\u00a0trochu podivn\u00fdm n\u00e1zvem Dev\u00e1t\u00e9 chapadlo chobotnice od ne\u010dekan\u00e9ho autora, zakladatele ret\u011bzce drogerie Rossmann, Dirka Rossmanna? Dle m\u00e9ho n\u00e1zoru pravd\u011bpodobn\u011b budouc\u00ed bestseller.<\/p>\n","protected":false},"author":2,"featured_media":325414,"comment_status":"open","ping_status":"open","sticky":false,"template":"","format":"standard","meta":{"_acf_changed":false,"_monsterinsights_skip_tracking":false,"_monsterinsights_sitenote_active":false,"_monsterinsights_sitenote_note":"","_monsterinsights_sitenote_category":0,"_EventAllDay":false,"_EventTimezone":"","_EventStartDate":"","_EventEndDate":"","_EventStartDateUTC":"","_EventEndDateUTC":"","_EventShowMap":false,"_EventShowMapLink":false,"_EventURL":"","_EventCost":"","_EventCostDescription":"","_EventCurrencySymbol":"","_EventCurrencyCode":"","_EventCurrencyPosition":"","_EventDateTimeSeparator":"","_EventTimeRangeSeparator":"","_EventOrganizerID":[],"_EventVenueID":[],"_OrganizerEmail":"","_OrganizerPhone":"","_OrganizerWebsite":"","_VenueAddress":"","_VenueCity":"","_VenueCountry":"","_VenueProvince":"","_VenueState":"","_VenueZip":"","_VenuePhone":"","_VenueURL":"","_VenueStateProvince":"","_VenueLat":"","_VenueLng":"","_VenueShowMap":false,"_VenueShowMapLink":false,"twitterCardType":"","cardImageID":0,"cardImage":"","cardTitle":"","cardDesc":"","cardImageAlt":"","cardPlayer":"","cardPlayerWidth":0,"cardPlayerHeight":0,"cardPlayerStream":"","cardPlayerCodec":"","footnotes":""},"categories":[7],"tags":[21832],"class_list":["post-325413","post","type-post","status-publish","format-standard","has-post-thumbnail","hentry","category-recenze","tag-literarni-kavarna"],"acf":{"related_products":null},"_links":{"self":[{"href":"https:\/\/www.luxor.cz\/blog\/wp-json\/wp\/v2\/posts\/325413","targetHints":{"allow":["GET"]}}],"collection":[{"href":"https:\/\/www.luxor.cz\/blog\/wp-json\/wp\/v2\/posts"}],"about":[{"href":"https:\/\/www.luxor.cz\/blog\/wp-json\/wp\/v2\/types\/post"}],"author":[{"embeddable":true,"href":"https:\/\/www.luxor.cz\/blog\/wp-json\/wp\/v2\/users\/2"}],"replies":[{"embeddable":true,"href":"https:\/\/www.luxor.cz\/blog\/wp-json\/wp\/v2\/comments?post=325413"}],"version-history":[{"count":0,"href":"https:\/\/www.luxor.cz\/blog\/wp-json\/wp\/v2\/posts\/325413\/revisions"}],"wp:featuredmedia":[{"embeddable":true,"href":"https:\/\/www.luxor.cz\/blog\/wp-json\/wp\/v2\/media\/325414"}],"wp:attachment":[{"href":"https:\/\/www.luxor.cz\/blog\/wp-json\/wp\/v2\/media?parent=325413"}],"wp:term":[{"taxonomy":"category","embeddable":true,"href":"https:\/\/www.luxor.cz\/blog\/wp-json\/wp\/v2\/categories?post=325413"},{"taxonomy":"post_tag","embeddable":true,"href":"https:\/\/www.luxor.cz\/blog\/wp-json\/wp\/v2\/tags?post=325413"}],"curies":[{"name":"wp","href":"https:\/\/api.w.org\/{rel}","templated":true}]}}