{"id":325379,"date":"2022-05-04T10:35:14","date_gmt":"2022-05-04T08:35:14","guid":{"rendered":"https:\/\/www.luxor.cz\/blog\/nezarazene\/63472-nekdy-opravdu-staci-jen-verit\/"},"modified":"2022-05-04T10:35:14","modified_gmt":"2022-05-04T08:35:14","slug":"63472-nekdy-opravdu-staci-jen-verit","status":"publish","type":"post","link":"https:\/\/www.luxor.cz\/blog\/recenze\/63472-nekdy-opravdu-staci-jen-verit\/","title":{"rendered":"N\u011bkdy opravdu sta\u010d\u00ed jen v\u011b\u0159it"},"content":{"rendered":"<p>P\u0159edstavte si, \u017ee m\u00e1te domov. D\u011bti. P\u016fdu. Rodinu. A pr\u00e1ci. A pak, b\u011bhem chvilky, se v\u0161echno za\u010dne rozpadat pod nadvl\u00e1dou jedin\u00e9ho mu\u017ee. Stalina. Adeline a Emil Martelovi jsou roku 1944 nuceni opustit spolu se sv\u00fdmi dv\u011bma chlapci, Willem a Waltem, jejich rodi\u010di a bl\u00edzk\u00fdmi, Ukrajinu pod dohleden n\u011bmeck\u00fdch vojsk slou\u017e\u00edc\u00edch Hitlerovi. Nicm\u00e9n\u011b Martelovi netou\u017e\u00ed \u017e\u00edt pod vl\u00e1dou tohoto krutovl\u00e1dce o nic v\u00edc ne\u017e pod vl\u00e1dou rusk\u00e9ho tyrana. Nezb\u00fdv\u00e1 jim ne\u017e v\u0161ak putovat na z\u00e1pad a vyhl\u00ed\u017eet lep\u0161\u00ed z\u00edt\u0159ky, a s\u00a0nimi i lep\u0161\u00ed domov. Adeline se s\u00a0chlapci modl\u00ed k\u00a0Bohu, aby jim pr\u00e1v\u011b on pomohl naj\u00edt jejich m\u00edsto na sv\u011bt\u011b, m\u00edsto, kde budou svobodn\u00ed, kde budou \u0161\u0165astn\u00ed. Tou\u017e\u00ed po tom, aby je V\u0161emohouc\u00ed zavedl do jejich vysn\u011bn\u00e9ho Zelen\u00e9ho \u00fadol\u00ed. Ale Emil s nimi tuto v\u00edru nesd\u00edl\u00ed. Ne po tom, co v\u0161echno byl nucen ud\u011blat pro to, aby jeho rodina p\u0159e\u017eila. Aby on p\u0159e\u017eil. Jedin\u00e1 v\u011bc, ve kterou Emil je\u0161t\u011b v\u011b\u0159\u00ed, je v\u00edra v s\u00e1m\u00a0sebe.<\/p>\n<p>Ukrutn\u00e9 zimy, bombardov\u00e1n\u00ed, hladomor a nes\u010detn\u00e9 trag\u00e9die. Nic z\u00a0toho tuto rodinu nemine. Kde je to jejich Zelen\u00e9 \u00fadol\u00ed, m\u00edsto \u0161t\u011bst\u00ed a svobodn\u00e9ho \u017eivota? Kdy u\u017e ho najdou? Kdy u\u017e budou kone\u010dn\u011b v\u00a0bezpe\u010d\u00ed? Kdy\u017e \u010dlov\u011bk pohl\u00e9dne na putov\u00e1n\u00ed t\u00e9to rodiny, nedok\u00e1\u017ee si nic z toho v\u00a0mysli ani jasn\u011b p\u0159edstavit. V\u00a0t\u011bchto dob\u00e1ch lid\u00e9 vid\u011bli um\u00edrat a\u017e p\u0159\u00edli\u0161 mnoho nevinn\u00fdch, za\u017eili ukrutn\u00e9 v\u011bci, kter\u00e9 si nezaslou\u017eil pro\u017e\u00edvat nikdo z\u00a0nich. Byli nuceni hladov\u011bt, mezit\u00edm co se druz\u00ed v\u00a0j\u00eddle topili. Pracovali v\u00a0ukrutn\u00fdch zim\u00e1ch v\u00a0zajateck\u00fdch t\u00e1borech, zat\u00edmco spousta jin\u00fdch byla v teple domova u vyh\u0159\u00e1t\u00e9ho krbu a pop\u00edjela. Kde je ta spravedlnost? Kde je B\u016fh? Pro\u010d nen\u00ed spravedliv\u00fd a nepom\u016f\u017ee jim?<\/p>\n<p>Druh\u00e1 sv\u011btov\u00e1 v\u00e1lka byla pln\u00e1 ztr\u00e1t a lou\u010den\u00ed, a nic z\u00a0toho neminulo ani onu rodinu Martelov\u00fdch, kdy\u017e byl jedn\u00e9 zimy Emil odveden p\u0159ed o\u010dima sv\u00e9 rodiny do zajateck\u00e9ho t\u00e1bora zp\u011bt na v\u00fdchod, odkud se svou rodinou prchal. Pro\u010d? Copak netrp\u011bl on i jeho rodina u\u017e dost? Emil byl p\u0159esv\u011bd\u010den, \u017ee u\u017e nikdy svou milovanou rodinu znovu nespat\u0159\u00ed, \u017ee nikdy neuvid\u00ed sv\u00e9 syny vyr\u016fstat, nepol\u00edb\u00ed svou man\u017eelku. \u017de se ji\u017e nebude znovu sm\u00e1t a ani \u017e\u00edt, jen p\u0159e\u017e\u00edvat a \u010dekat na smrt, kter\u00e1 by se pro n\u011bj stala jist\u00fdm vykoupen\u00edm. Ale pr\u00e1v\u011b v\u00a0onom zajateck\u00e9m t\u00e1bo\u0159e potk\u00e1 zn\u00e1mou tv\u00e1\u0159, kter\u00e1 mu pom\u016f\u017ee op\u011bt naj\u00edt v\u00edru k\u00a0V\u0161emohouc\u00edmu, o kter\u00e9 si Emil myslel, \u017ee ji ji\u017e d\u00e1vno ztratil. Vid\u011bl v\u011bci jinak, nev\u011b\u0159il v\u00a0nic a nikoho, a proto si tenkr\u00e1t ani nepov\u0161imnul, \u017ee ruka bo\u017e\u00ed ho zachr\u00e1nila. Emil se d\u00edky Bohu nestal zabij\u00e1kem nevinn\u00fdch, ale stal se uprchl\u00edkem, prchaj\u00edc\u00edm za sluncem.<\/p>\n<p>Nejsme v\u0161ichni v\u011b\u0159\u00edc\u00ed, a ani zdaleka ne v\u0161ichni v\u011b\u0159\u00edme v\u00a0Boha. Ale ruku na srdce, v\u0161ichni toti\u017e ur\u010dit\u011b v\u011b\u0159\u00edme v\u00a0ono \u201en\u011bco.\u201c Stejn\u011b jako pak v\u011b\u0159il i Emil, mu\u017e, kter\u00fd se bez ohledu na sv\u00e1 rozhodnut\u00ed v\u00a0minulosti rozhodl zm\u011bnit sv\u016fj osud a postavit se mu \u010delem. Na\u0161el v\u00edru, kter\u00e1 mu pomohla p\u0159e\u017e\u00edt nep\u0159e\u017eiteln\u00e9, a navr\u00e1tit se zp\u00e1tky ke sv\u00e9 rodin\u011b.<\/p>\n<p>Nemus\u00edte v\u0161ak b\u00fdt v\u011b\u0159\u00edc\u00ed v Boha, aby V\u00e1s pohltil smysl t\u00e9to knihy. Mark Sullivan v\u00a0knize nevypr\u00e1v\u00ed pouze p\u0159\u00edb\u011bh uprchlick\u00e9 rodiny, kter\u00e1 tou\u017eila po sv\u00e9m Zelen\u00e9m \u00fadol\u00ed. Ne. P\u0159\u00edb\u011bh poukazuje p\u0159edev\u0161\u00edm na d\u016fle\u017eitost v\u00edry, nad kterou bychom se m\u011bli v\u0161ichni pozastavit. Ne ka\u017ed\u00e1 kniha m\u00e1 v\u00a0sob\u011b posl\u00e1n\u00ed, ale tento p\u0159\u00edb\u011bh ho v\u00a0sob\u011b ukr\u00fdv\u00e1 a nez\u016fst\u00e1v\u00e1 bez pov\u0161imnut\u00ed.<\/p>\n<p>I dnes, v\u00edce ne\u017e 75 let po t\u00e9to ukrutn\u00e9 v\u00e1lce, kter\u00e1 vzala tolik nevinn\u00fdch \u017eivot\u016f, je d\u016fle\u017eit\u00e9 pro n\u00e1s v\u0161echny naj\u00edt v\u00edru. P\u0159esn\u011b tak, jak n\u00e1m to sd\u011bluje Mark Sullivan v\u00a0tomto neuv\u011b\u0159iteln\u00e9m p\u0159\u00edb\u011bhu, pln\u00e9m utrpen\u00ed. Je t\u0159eba hledat kr\u00e1su a \u0161t\u011bst\u00ed v\u00a0ka\u017ed\u00e9m dni na\u0161eho \u017eivota, a pokud se p\u0159ece jen ocitneme v\u00a0temn\u00e9m kout\u011b, c\u00edt\u00edme se sami a m\u00e1me pocit, \u017ee u\u017e nem\u016f\u017eeme j\u00edt d\u00e1l, tak si, mil\u00ed \u010dten\u00e1\u0159i pamatujte, \u017ee prav\u00e1 v\u00edra hory p\u0159en\u00e1\u0161\u00ed, a d\u00edky n\u00ed je i nemo\u017en\u00e9 mo\u017en\u00e9. Ve zkratce: v\u011b\u0159te, b\u011b\u017ete a dok\u00e1\u017eete! Bu\u010fte jako Emil a jeho miluj\u00edc\u00ed rodina, nevzd\u00e1vejte se a bojujte. Nep\u0159e\u017e\u00edvejte, ale \u017eijte!<\/p>\n<p>\u00a0<\/p>\n<p>Jana Vym\u011btal\u00edkov\u00e1<\/p>\n<p>Autor:\u00a0Jana Vym\u011btal\u00edkov\u00e1<\/p>\n","protected":false},"excerpt":{"rendered":"<p>Druh\u00e1 sv\u011btov\u00e1 v\u00e1lka se zapsala do na\u0161ich d\u011bjin, to v\u00edme v\u0161ichni, P\u0159inesla spoustu nevinn\u00fdch ob\u011bt\u00ed, spoustu ztr\u00e1t, utrpen\u00ed a lou\u010den\u00ed. Mark Sullivan n\u00e1s ve sv\u00e9m d\u00edle pos\u00edl\u00e1 za oponu \u017eivota rodiny Martelov\u00fdch, kte\u0159\u00ed si b\u011bhem v\u00e1lky pro\u0161li peklem. Co jim ale zb\u00fdvalo, kdy\u017e ani B\u016fh na jejich modlitby neodpov\u00eddal? Nebo to bylo jinak?<\/p>\n","protected":false},"author":2,"featured_media":325380,"comment_status":"open","ping_status":"open","sticky":false,"template":"","format":"standard","meta":{"_acf_changed":false,"_monsterinsights_skip_tracking":false,"_monsterinsights_sitenote_active":false,"_monsterinsights_sitenote_note":"","_monsterinsights_sitenote_category":0,"_EventAllDay":false,"_EventTimezone":"","_EventStartDate":"","_EventEndDate":"","_EventStartDateUTC":"","_EventEndDateUTC":"","_EventShowMap":false,"_EventShowMapLink":false,"_EventURL":"","_EventCost":"","_EventCostDescription":"","_EventCurrencySymbol":"","_EventCurrencyCode":"","_EventCurrencyPosition":"","_EventDateTimeSeparator":"","_EventTimeRangeSeparator":"","_EventOrganizerID":[],"_EventVenueID":[],"_OrganizerEmail":"","_OrganizerPhone":"","_OrganizerWebsite":"","_VenueAddress":"","_VenueCity":"","_VenueCountry":"","_VenueProvince":"","_VenueState":"","_VenueZip":"","_VenuePhone":"","_VenueURL":"","_VenueStateProvince":"","_VenueLat":"","_VenueLng":"","_VenueShowMap":false,"_VenueShowMapLink":false,"twitterCardType":"","cardImageID":0,"cardImage":"","cardTitle":"","cardDesc":"","cardImageAlt":"","cardPlayer":"","cardPlayerWidth":0,"cardPlayerHeight":0,"cardPlayerStream":"","cardPlayerCodec":"","footnotes":""},"categories":[7],"tags":[21832],"class_list":["post-325379","post","type-post","status-publish","format-standard","has-post-thumbnail","hentry","category-recenze","tag-literarni-kavarna"],"acf":{"related_products":null},"_links":{"self":[{"href":"https:\/\/www.luxor.cz\/blog\/wp-json\/wp\/v2\/posts\/325379","targetHints":{"allow":["GET"]}}],"collection":[{"href":"https:\/\/www.luxor.cz\/blog\/wp-json\/wp\/v2\/posts"}],"about":[{"href":"https:\/\/www.luxor.cz\/blog\/wp-json\/wp\/v2\/types\/post"}],"author":[{"embeddable":true,"href":"https:\/\/www.luxor.cz\/blog\/wp-json\/wp\/v2\/users\/2"}],"replies":[{"embeddable":true,"href":"https:\/\/www.luxor.cz\/blog\/wp-json\/wp\/v2\/comments?post=325379"}],"version-history":[{"count":0,"href":"https:\/\/www.luxor.cz\/blog\/wp-json\/wp\/v2\/posts\/325379\/revisions"}],"wp:featuredmedia":[{"embeddable":true,"href":"https:\/\/www.luxor.cz\/blog\/wp-json\/wp\/v2\/media\/325380"}],"wp:attachment":[{"href":"https:\/\/www.luxor.cz\/blog\/wp-json\/wp\/v2\/media?parent=325379"}],"wp:term":[{"taxonomy":"category","embeddable":true,"href":"https:\/\/www.luxor.cz\/blog\/wp-json\/wp\/v2\/categories?post=325379"},{"taxonomy":"post_tag","embeddable":true,"href":"https:\/\/www.luxor.cz\/blog\/wp-json\/wp\/v2\/tags?post=325379"}],"curies":[{"name":"wp","href":"https:\/\/api.w.org\/{rel}","templated":true}]}}