{"id":325365,"date":"2022-05-20T12:25:37","date_gmt":"2022-05-20T10:25:37","guid":{"rendered":"https:\/\/www.luxor.cz\/blog\/nezarazene\/63482-byt-optimistkou-v-kazdem-veku-tim-by-se-mela-ridit-kazda-zena\/"},"modified":"2022-05-20T12:25:37","modified_gmt":"2022-05-20T10:25:37","slug":"63482-byt-optimistkou-v-kazdem-veku-tim-by-se-mela-ridit-kazda-zena","status":"publish","type":"post","link":"https:\/\/www.luxor.cz\/blog\/recenze\/63482-byt-optimistkou-v-kazdem-veku-tim-by-se-mela-ridit-kazda-zena\/","title":{"rendered":"B\u00fdt optimistkou v ka\u017ed\u00e9m v\u011bku, t\u00edm by se m\u011bla \u0159\u00eddit ka\u017ed\u00e1 \u017eena"},"content":{"rendered":"<p>Spisovatelku Marcelu Mlyn\u00e1\u0159ovou v na\u0161\u00ed rodin\u011b i m\u00e9m bl\u00edzk\u00e9m okol\u00ed \u010dtou \u017eeny\u00a0 v\u011bt\u0161inou po pades\u00e1tce. Pro by mohlo mnoh\u00e9 p\u0159ekvapit, \u017ee letos oslav\u00edm t\u0159ic\u00edtku a po p\u0159e\u010dten\u00ed si rozhodn\u011b nemysl\u00edm, \u017ee je kniha ur\u010dena jen ur\u010dit\u00e9 v\u011bkov\u00e9 kategorii. Na autorce hlavn\u011b oce\u0148uji jej\u00ed vztah k cestov\u00e1n\u00ed, p\u0159\u00edrod\u011b a zv\u00ed\u0159at\u016fm. Moje krevn\u00ed skupina. A co obdivuji, jsou jej\u00ed orienta\u010dn\u00ed smysly, To, \u017ee cestuje sama a v\u017edy se dostane z bodu A do bodu B, je pro m\u011b osobn\u011b opravdu velmi obdivuhodn\u00e9. J\u00e1 bych se ztratila t\u00e9m\u011b\u0159 v\u0161ude. Tak\u017ee na rozd\u00edl od autorky, v m\u00e9m \u017eivot\u011b je velmi d\u016fle\u017eit\u00e9 mu\u017esk\u00e9 zastoupen\u00ed a samoz\u0159ejm\u011b nejen proto, aby mi d\u011blal pr\u016fvodce a navig\u00e1tora.<\/p>\n<p>Celkov\u011b na m\u011b p\u016fsob\u00ed jako p\u0159\u00e1telsk\u00e1, v\u017edy otev\u0159en\u00e1 a velmi optimistick\u00e1 \u017eena, zkr\u00e1tka \u017eena s velk\u00fdm \u017d.<\/p>\n<p>Autor\u010dino putov\u00e1n\u00ed \u010ceskou republikou l\u00e1k\u00e1 k n\u00e1v\u0161t\u011bv\u011b t\u011bchto p\u016fvabn\u00fdch m\u00edst (i kdy\u017e mo\u017en\u00e1 n\u011bkdy\u00a0 budete muset p\u0159el\u00e9zt plot nebo p\u0159ehl\u00e9dnout z\u00e1kaz vstupu, to jen tedy pro ty odv\u00e1\u017en\u00e9). V\u0161echny sv\u00e9 cesty vyl\u00ed\u010dila tak barvit\u011b, a\u017e jsem m\u011bla pocit, \u017ee ta m\u00edsta zn\u00e1m. Jako bych tam v ten okam\u017eik st\u00e1la a d\u00edvala se na v\u0161echny ty skvosty na\u0161ich kraj\u016f. Miluji cestov\u00e1n\u00ed, stejn\u011b jako Marcela Mlyn\u00e1\u0159ov\u00e1. Nav\u0161t\u011bvuji r\u016fzn\u00e9 pam\u00e1tky, hrady, z\u00e1mky, z\u0159\u00edceniny, kostely, kl\u00e1\u0161tery a dal\u0161\u00ed kouzeln\u00e1 m\u00edsta \u010cech. S t\u00edm rozd\u00edlem, \u017ee nikdy necestuji sama. Je\u0161t\u011b jsem ani nedosp\u011bla do v\u011bku, kdy bych nutn\u011b pot\u0159ebovala b\u00fdt sama, miluji spole\u010dnost lid\u00ed a tak\u00e9, jak u\u017e jsem zm\u00ednila, m\u00e9 orienta\u010dn\u00ed smysly jsou na bodu mrazu. D\u00edky t\u00e9to knize m\u00e1m te\u010f ve sv\u00e9m cestovatelsk\u00e9m den\u00edku sepsan\u00e1 m\u00edsta, kter\u00e1 mus\u00edm nav\u0161t\u00edvit. Od Franti\u0161kov\u00fdch l\u00e1zn\u00ed, Mariansk\u00fdch l\u00e1zn\u00ed a\u017e po hrad Pecka nebo t\u0159eba hrad Ky\u0161perk. M\u00e1m velik\u00e9 mezery.<\/p>\n<p>V\u011b\u0159\u00edm, \u017ee kdybych autorku znala osobn\u011b, ur\u010dit\u011b bychom si rozum\u011bly, i p\u0159es rozd\u00edlnost v\u011bku. Ob\u011b milujeme klid, p\u0159\u00edrodu a m\u00e1me zvl\u00e1\u0161tn\u00ed, pro n\u011bkoho mo\u017en\u00e1 nepochopiteln\u00fd smysl pro humor. A d\u00edky tomuto humoru, kter\u00fd je mi velmi bl\u00edzk\u00fd se mi \u010detla kniha t\u00e9m\u011b\u0159 sama. Karkulku s \u010certem jsem \u010dasto vn\u00edmala jako autor\u010diny \u010dleny rodiny, jako \u017eiv\u00e9 bytosti, by\u0165 \u0161lo o pouh\u00e9 dopravn\u00ed prost\u0159edky. V celku i ch\u00e1pu, \u017ee si se sv\u00fdmi \u010dty\u0159kolov\u00fdmi par\u0165\u00e1ky pov\u00edd\u00e1. A pro\u010d taky ne, kdy\u017e ji d\u011blaj\u00ed spole\u010dnost na cest\u00e1ch a v\u017edy ji dostali na m\u00edsto ur\u010den\u00ed.<\/p>\n<p>Samoz\u0159ejm\u011b, jako my v\u0161ichni, i autorka vn\u00edm\u00e1, co se d\u011bje kolem n\u00e1s, nelze to p\u0159ehl\u00ed\u017eet,tak\u017ee v t\u00e9to knize i \u010dasto zmi\u0148uje sou\u010dasnou situaci. A\u0165 u\u017e jde o pandemii, politickou sc\u00e9nu, zdra\u017eov\u00e1n\u00ed nemovitost\u00ed, benz\u00ednu, j\u00eddla i v\u0161echny mo\u017en\u00e9 z\u00e1kazy a p\u0159\u00edkazy. P\u0159esto i v t\u011bchto nevesel\u00fdch \u010dasech neztratila sv\u016fj optimismus a smysl pro humor. A hlavn\u011b si um\u00ed sv\u016fj \u017eivot zp\u0159\u00edjemnit. Jednodu\u0161e vypne zpr\u00e1vy, nasedne do Karkulky (te\u010f u\u017e \u010certa) a \u017eije \u017eivot na plno. Jej\u00edm \u00fato\u010di\u0161t\u011bm je hlavn\u011b p\u0159\u00edroda. M\u00e1m to stejn\u00e9. R\u00e1da chod\u00edm na proch\u00e1zky se sv\u00fdm psem, nejrad\u011bji do lesa, r\u00e1di jezd\u00edme s rodinou na \u0160umavu a \u010dasto nav\u0161t\u011bvujeme na\u0161e nejbli\u017e\u0161\u00ed. Na zpr\u00e1vy u\u017e tak\u00e9 kouk\u00e1m z\u0159\u00eddkakdy a rad\u011bji se za\u010dtu do hezk\u00e9 knihy (jako je pr\u00e1v\u011b tato) nebo si pust\u00edm hezk\u00fd komedi\u00e1ln\u00ed film. Pro autorku je jej\u00edm dal\u0161\u00edm \u00fato\u010di\u0161t\u011bm i jej\u00ed chalupa uprost\u0159ed samoty, kde tr\u00e1v\u00ed hodn\u011b \u010dasu, je to jej\u00ed \u00fatek z velkom\u011bsta. Te\u010f lituji, \u017ee jsem si takov\u00e9 \u00fato\u010di\u0161t\u011b tak\u00e9 nepo\u0159\u00eddila p\u0159ed zdra\u017eov\u00e1n\u00edm nemovitost\u00ed.<\/p>\n<p>Hodn\u011b jsem se p\u0159i \u010dten\u00ed knihy nasm\u00e1la. Humor Marcely Mlyn\u00e1\u0159ov\u00e9 je mi opravdu hodn\u011b bl\u00edzk\u00fd. A po n\u00e1ro\u010dn\u00e9m pracovn\u00edm dni r\u00e1da padnu do k\u0159esla s knihou a sklenkou \u010derven\u00e9ho v\u00edna. Vypnu sv\u00e9 my\u0161lenkov\u00e9 pochody a jednodu\u0161e relaxuji. To tato kniha splnila na maximum. Mohu ji jedin\u011b doporu\u010dit. V\u011b\u0159\u00edm, \u017ee si autorka najde je\u0161t\u011b spoustu sv\u00fdch fanou\u0161k\u016f, i z \u0159ad mlad\u0161\u00edch \u010dten\u00e1\u0159\u016f, p\u00ed\u0161e v\u00fdborn\u011b, mladistv\u011b, \u010dtiv\u011b. Tak\u00e9 jsem r\u00e1da, \u017ee jsem si obohatila sv\u00e9 neznalosti o kr\u00e1s\u00e1ch \u010cech. L\u00edbila se mi od za\u010d\u00e1tku do posledn\u00ed str\u00e1nky. Ide\u00e1ln\u00ed \u010dten\u00ed na odpo\u010dinkov\u00fd v\u00edkend nebo na n\u011bjakou p\u011bknou klidnou dovolenou.<\/p>\n<p>Pokud m\u00e1te autorku Marcelu Mlyn\u00e1\u0159ovou r\u00e1di, rozhodn\u011b by nem\u011bla kniha chyb\u011bt ve Va\u0161\u00ed knihovn\u011b. Budu se k n\u00ed r\u00e1da vracet. A nezapome\u0148te b\u00fdt alespo\u0148 ob\u010das Zodpov\u011bdn\u011b lehkomysln\u00ed.<\/p>\n<p>\u00a0<\/p>\n<p>Andrea \u0160m\u00eddov\u00e1<\/p>\n<p>Autor:\u00a0Andrea \u0160m\u00eddov\u00e1<\/p>\n","protected":false},"excerpt":{"rendered":"<p>Obl\u00edben\u00e1 autorka Marcela Mlyn\u00e1\u0159ov\u00e1 vyd\u00e1v\u00e1 novou knihu. Na prvn\u00ed pohled se skv\u011bl\u00fdm a origin\u00e1ln\u00edm n\u00e1zvem: Zodpov\u011bdn\u011b lehkomysln\u00e1. A d\u00edky n\u00e1zvu knihy, kter\u00fd m\u011b velmi upoutal, jsem si ji musela nutn\u011b p\u0159e\u010d\u00edst.<\/p>\n","protected":false},"author":2,"featured_media":325366,"comment_status":"open","ping_status":"open","sticky":false,"template":"","format":"standard","meta":{"_acf_changed":false,"_monsterinsights_skip_tracking":false,"_monsterinsights_sitenote_active":false,"_monsterinsights_sitenote_note":"","_monsterinsights_sitenote_category":0,"_EventAllDay":false,"_EventTimezone":"","_EventStartDate":"","_EventEndDate":"","_EventStartDateUTC":"","_EventEndDateUTC":"","_EventShowMap":false,"_EventShowMapLink":false,"_EventURL":"","_EventCost":"","_EventCostDescription":"","_EventCurrencySymbol":"","_EventCurrencyCode":"","_EventCurrencyPosition":"","_EventDateTimeSeparator":"","_EventTimeRangeSeparator":"","_EventOrganizerID":[],"_EventVenueID":[],"_OrganizerEmail":"","_OrganizerPhone":"","_OrganizerWebsite":"","_VenueAddress":"","_VenueCity":"","_VenueCountry":"","_VenueProvince":"","_VenueState":"","_VenueZip":"","_VenuePhone":"","_VenueURL":"","_VenueStateProvince":"","_VenueLat":"","_VenueLng":"","_VenueShowMap":false,"_VenueShowMapLink":false,"twitterCardType":"","cardImageID":0,"cardImage":"","cardTitle":"","cardDesc":"","cardImageAlt":"","cardPlayer":"","cardPlayerWidth":0,"cardPlayerHeight":0,"cardPlayerStream":"","cardPlayerCodec":"","footnotes":""},"categories":[7],"tags":[21832],"class_list":["post-325365","post","type-post","status-publish","format-standard","has-post-thumbnail","hentry","category-recenze","tag-literarni-kavarna"],"acf":{"related_products":null},"_links":{"self":[{"href":"https:\/\/www.luxor.cz\/blog\/wp-json\/wp\/v2\/posts\/325365","targetHints":{"allow":["GET"]}}],"collection":[{"href":"https:\/\/www.luxor.cz\/blog\/wp-json\/wp\/v2\/posts"}],"about":[{"href":"https:\/\/www.luxor.cz\/blog\/wp-json\/wp\/v2\/types\/post"}],"author":[{"embeddable":true,"href":"https:\/\/www.luxor.cz\/blog\/wp-json\/wp\/v2\/users\/2"}],"replies":[{"embeddable":true,"href":"https:\/\/www.luxor.cz\/blog\/wp-json\/wp\/v2\/comments?post=325365"}],"version-history":[{"count":0,"href":"https:\/\/www.luxor.cz\/blog\/wp-json\/wp\/v2\/posts\/325365\/revisions"}],"wp:featuredmedia":[{"embeddable":true,"href":"https:\/\/www.luxor.cz\/blog\/wp-json\/wp\/v2\/media\/325366"}],"wp:attachment":[{"href":"https:\/\/www.luxor.cz\/blog\/wp-json\/wp\/v2\/media?parent=325365"}],"wp:term":[{"taxonomy":"category","embeddable":true,"href":"https:\/\/www.luxor.cz\/blog\/wp-json\/wp\/v2\/categories?post=325365"},{"taxonomy":"post_tag","embeddable":true,"href":"https:\/\/www.luxor.cz\/blog\/wp-json\/wp\/v2\/tags?post=325365"}],"curies":[{"name":"wp","href":"https:\/\/api.w.org\/{rel}","templated":true}]}}