{"id":325363,"date":"2022-05-22T12:38:33","date_gmt":"2022-05-22T10:38:33","guid":{"rendered":"https:\/\/www.luxor.cz\/blog\/nezarazene\/63483-po-stopach-minulosti\/"},"modified":"2022-05-22T12:38:33","modified_gmt":"2022-05-22T10:38:33","slug":"63483-po-stopach-minulosti","status":"publish","type":"post","link":"https:\/\/www.luxor.cz\/blog\/recenze\/63483-po-stopach-minulosti\/","title":{"rendered":"Po stop\u00e1ch minulosti"},"content":{"rendered":"<p>P\u0159ed p\u00e1r lety do\u0161lo k\u00a0t\u0159em \u00fanos\u016fm, kter\u00e9 se nikdy nevy\u0159e\u0161ily. Detektivov\u00e9 znovu otev\u00edraj\u00ed ji\u017e odlo\u017een\u00e9 p\u0159\u00edpady a vy se na tu cestu m\u016f\u017eete p\u0159idat k\u00a0nim! Nejen\u017ee se dozv\u00edte, \u010d\u00ed t\u011blo se na\u0161lo, ale tak\u00e9 p\u016fjdete po stop\u00e1ch a pomali\u010dku budete nahl\u00ed\u017eet do cel\u00e9ho d\u011bn\u00ed.<\/p>\n<p>Kniha m\u011bla v\u0161e, co by dobr\u00e1 krimin\u00e1lka m\u011bla m\u00edt. Nap\u011bt\u00ed, plynul\u00fd a dynamick\u00fd d\u011bj, kter\u00fd V\u00e1s hned na za\u010d\u00e1tku pohlt\u00ed a m\u00e1te pot\u0159ebu \u010d\u00edst d\u00e1l a d\u00e1l.<\/p>\n<p>U\u017e v\u00a0p\u0159edchoz\u00edm d\u00edle Stv\u016fra se m\u016f\u017eete setkat s\u00a0hlavn\u00ed hrdinkou Laurou Linhartovou, kter\u00e1 ze za\u010d\u00e1tku m\u011bla probl\u00e9m zapadnout mezi ostatn\u00ed policisty.<\/p>\n<p>V\u00a0tomto d\u00edle se nejprve sezn\u00e1m\u00edme s\u00a0m\u00edstem nalezen\u00ed ostatk\u016f a postupn\u011b se dozv\u00edd\u00e1me v\u00edce informac\u00ed o p\u0159\u00edpadu. Sou\u010dasn\u011b pozn\u00e1v\u00e1me hlavn\u00ed hrdinku Lauru a jej\u00edho par\u0165\u00e1ka Adama. D\u00edky barvit\u00e9mu popisu, zji\u0161\u0165ujeme, jak to u nich v\u00a0pr\u00e1ci chod\u00ed i jak\u00fd maj\u00ed vztah.<\/p>\n<p>Kniha v\u00e1s pohlt\u00ed natolik, \u017ee ztrat\u00edte pojem o \u010dase. Nevn\u00edm\u00e1te po\u010det stran a po\u0159\u00e1d m\u00e1te pot\u0159ebu se dozv\u011bd\u011bt v\u00edce. \u010c\u00ed je to t\u011blo? A co se tehdy vlastn\u011b stalo?<\/p>\n<p>Nejv\u011bt\u0161\u00ed vzru\u0161en\u00ed za\u010d\u00edn\u00e1 po rozuzlen\u00ed ot\u00e1zky, kdo byla ta nalezen\u00e1 ob\u011b\u0165.<\/p>\n<p>,,Kde bys ty na jeho m\u00edst\u011b poh\u0159bila kluka, po kter\u00e9m p\u00e1tr\u00e1 skoro celej kraj..?\u201c<\/p>\n<p>,,V noci bych ho odvezla na nejbli\u017e\u0161\u00ed odlehl\u00fd m\u00edsto.\u201c\u2026 A to je pr\u00e1v\u011b ono. Nejbli\u017e\u0161\u00ed. Je mo\u017en\u00e9, \u017ee t\u011blo ztracen\u00e9ho chlapce bylo poh\u0159ben\u00e9 ve vesnici, ze kter\u00e9 bylo \u00fadajn\u011b uneseno. Ale co kdy\u017e tu celou dobu bylo n\u011bkde uv\u011bzn\u011bn\u00e9? Jen si to p\u0159edstavte, vesnice tak mal\u00e1, \u017ee se tady v\u0161ichni znaj\u00ed, d\u016fv\u011brn\u011b se zdrav\u00ed a usm\u00edvaj\u00ed se na sebe. Je mo\u017en\u00e9, \u017ee n\u011bkdo z\u00a0nich by sp\u00e1chal tak hrozn\u00fd \u010din? A pot\u00e9 pokra\u010doval v\u00a0\u017eivot\u011b, jako by se nic nestalo?<\/p>\n<p>Co kdy\u017e tam celou dobu pachatel byl? I p\u0159i prohled\u00e1v\u00e1n\u00ed se z\u00fa\u010dastnil a jen se pousm\u00edval nad svou chytrost\u00ed. Kdo by byl n\u011b\u010deho takov\u00e9ho schopn\u00fd? Kdo? Tato ot\u00e1zka netr\u00e1p\u00ed jen V\u00e1s, ale i vy\u0161et\u0159ovatele. Je podle v\u00e1s tato mo\u017enost re\u00e1ln\u00e1? Obyvatel\u00e9 vesnice Lipov\u00e1 jsou p\u0159esv\u011bd\u010deni, \u017ee nen\u00ed mo\u017en\u00e9, aby to byl n\u011bkdo m\u00edstn\u00ed. Nezb\u00fdv\u00e1 nic jin\u00e9ho, ne\u017e se za\u010d\u00edst d\u00e1l a dozv\u011bd\u011bt se v\u00edce.<\/p>\n<p>I kdy\u017e se ze za\u010d\u00e1tku v\u0161echny rozuzlen\u00ed zd\u00e1ly b\u00fdt nemo\u017en\u00e9, p\u0159ece jen se vyd\u00e1v\u00e1me po stop\u00e1ch podez\u0159el\u00e9mu. Pokud se chcete dozv\u011bd\u011bt, jak to cel\u00e9 dopadne, ur\u010dit\u011b nev\u00e1hejte a tento krimi p\u0159\u00edb\u011bh se strhuj\u00edc\u00edm d\u011bjem p\u0159idejte do ko\u0161\u00edku!<\/p>\n<p>Tato kniha v\u00e1s hned na za\u010d\u00e1tku vt\u00e1hne do d\u011bje, kdy\u017e spole\u010dn\u011b s\u00a0Larou a Adamem p\u00e1tr\u00e1te, kdo je vin\u00edk.<\/p>\n<p>Velmi dob\u0159e promy\u0161len\u00e1 z\u00e1pletka, detailn\u011b vykreslen\u00e9 prost\u0159ed\u00ed a skv\u011bl\u00fd popis postav v\u00e1m na\u017eene hus\u00ed k\u016f\u017ei. V\u011b\u0159\u00edm, \u017ee nad\u0161enci krimi \u017e\u00e1nru si p\u0159ijdou na sv\u00e9.<\/p>\n<p>\u00a0<\/p>\n<p>Alexandra Snitil\u00e1<\/p>\n<p>Autor:\u00a0Alexandra Snitil\u00e1<\/p>\n","protected":false},"excerpt":{"rendered":"<p>Vesnice Lipov\u00e1 se zd\u00e1 b\u00fdt klidn\u00fdm m\u00edste\u010dkem na zemi. Lid\u00e9 se tady k\u00a0sob\u011b chovaj\u00ed hezky a spole\u010dn\u011b vytv\u00e1\u0159\u00ed bezpe\u010dn\u00e9 a klidn\u00e9 m\u00edsto pro \u017eivot. Ale kdyby to tak opravdu bylo, nena\u0161lo by se n\u011b\u010d\u00ed rozlo\u017een\u00e9 t\u011blo ve zdej\u0161\u00edch pol\u00edch.<\/p>\n","protected":false},"author":2,"featured_media":325364,"comment_status":"open","ping_status":"open","sticky":false,"template":"","format":"standard","meta":{"_acf_changed":false,"_monsterinsights_skip_tracking":false,"_monsterinsights_sitenote_active":false,"_monsterinsights_sitenote_note":"","_monsterinsights_sitenote_category":0,"_EventAllDay":false,"_EventTimezone":"","_EventStartDate":"","_EventEndDate":"","_EventStartDateUTC":"","_EventEndDateUTC":"","_EventShowMap":false,"_EventShowMapLink":false,"_EventURL":"","_EventCost":"","_EventCostDescription":"","_EventCurrencySymbol":"","_EventCurrencyCode":"","_EventCurrencyPosition":"","_EventDateTimeSeparator":"","_EventTimeRangeSeparator":"","_EventOrganizerID":[],"_EventVenueID":[],"_OrganizerEmail":"","_OrganizerPhone":"","_OrganizerWebsite":"","_VenueAddress":"","_VenueCity":"","_VenueCountry":"","_VenueProvince":"","_VenueState":"","_VenueZip":"","_VenuePhone":"","_VenueURL":"","_VenueStateProvince":"","_VenueLat":"","_VenueLng":"","_VenueShowMap":false,"_VenueShowMapLink":false,"twitterCardType":"","cardImageID":0,"cardImage":"","cardTitle":"","cardDesc":"","cardImageAlt":"","cardPlayer":"","cardPlayerWidth":0,"cardPlayerHeight":0,"cardPlayerStream":"","cardPlayerCodec":"","footnotes":""},"categories":[7],"tags":[21832],"class_list":["post-325363","post","type-post","status-publish","format-standard","has-post-thumbnail","hentry","category-recenze","tag-literarni-kavarna"],"acf":{"related_products":null},"_links":{"self":[{"href":"https:\/\/www.luxor.cz\/blog\/wp-json\/wp\/v2\/posts\/325363","targetHints":{"allow":["GET"]}}],"collection":[{"href":"https:\/\/www.luxor.cz\/blog\/wp-json\/wp\/v2\/posts"}],"about":[{"href":"https:\/\/www.luxor.cz\/blog\/wp-json\/wp\/v2\/types\/post"}],"author":[{"embeddable":true,"href":"https:\/\/www.luxor.cz\/blog\/wp-json\/wp\/v2\/users\/2"}],"replies":[{"embeddable":true,"href":"https:\/\/www.luxor.cz\/blog\/wp-json\/wp\/v2\/comments?post=325363"}],"version-history":[{"count":0,"href":"https:\/\/www.luxor.cz\/blog\/wp-json\/wp\/v2\/posts\/325363\/revisions"}],"wp:featuredmedia":[{"embeddable":true,"href":"https:\/\/www.luxor.cz\/blog\/wp-json\/wp\/v2\/media\/325364"}],"wp:attachment":[{"href":"https:\/\/www.luxor.cz\/blog\/wp-json\/wp\/v2\/media?parent=325363"}],"wp:term":[{"taxonomy":"category","embeddable":true,"href":"https:\/\/www.luxor.cz\/blog\/wp-json\/wp\/v2\/categories?post=325363"},{"taxonomy":"post_tag","embeddable":true,"href":"https:\/\/www.luxor.cz\/blog\/wp-json\/wp\/v2\/tags?post=325363"}],"curies":[{"name":"wp","href":"https:\/\/api.w.org\/{rel}","templated":true}]}}