{"id":325335,"date":"2022-06-17T12:28:27","date_gmt":"2022-06-17T10:28:27","guid":{"rendered":"https:\/\/www.luxor.cz\/blog\/nezarazene\/63502-rise-trav-kniha-ze-serie-ktera-inspirovala-george-r-r-martina\/"},"modified":"2022-06-17T12:28:27","modified_gmt":"2022-06-17T10:28:27","slug":"63502-rise-trav-kniha-ze-serie-ktera-inspirovala-george-r-r-martina","status":"publish","type":"post","link":"https:\/\/www.luxor.cz\/blog\/recenze\/63502-rise-trav-kniha-ze-serie-ktera-inspirovala-george-r-r-martina\/","title":{"rendered":"\u0158\u00ed\u0161e trav, kniha ze s\u00e9rie, kter\u00e1 inspirovala George R. R. Martina"},"content":{"rendered":"<p><strong>\u0158\u00ed\u0161e trav<\/strong>\u00a0(svazek 1) je pokra\u010dov\u00e1n\u00ed rom\u00e1nu\u00a0<strong>Koruna z \u010darod\u0159eva<\/strong>, proto samoz\u0159ejm\u011b doporu\u010duji za\u010d\u00edt \u010d\u00edst nejprve prvn\u00ed d\u00edl. J\u00e1 jsem za\u010dala \u010d\u00edst a\u017e tuto knihu a tak\u00e9 jsem se zorientovala, a\u010dkoli kdybych si p\u0159e\u010detla prvn\u00ed d\u00edl (Koruna z \u010darod\u0159eva), pak bych jist\u011b pochopila v\u00edc v\u011bc\u00ed a hlavn\u011b l\u00e9pe a do hloubky.<\/p>\n<h2>Koho \u0158\u00ed\u0161e trav zaujme<\/h2>\n<p>Tato kniha je prim\u00e1rn\u011b ur\u010dena t\u011bm, kter\u00fdm se l\u00edbila nap\u0159\u00edklad s\u00e9rie\u00a0<strong>P\u00e1n Prsten\u016f<\/strong>\u00a0nebo\u00a0<strong>Hra o tr\u016fny<\/strong>. George R. R. Martin se netaj\u00ed t\u00edm, \u017ee s\u00e9rie Tada Williamse inspirovala jeho Hru o tr\u016fny, co\u017e je velk\u00e1 v\u011bc, kdy\u017e si vezmeme, jak slavnou se s\u00e9rie Hra o tr\u016fny stala. Mysl\u00edm i ve sv\u00e9 origin\u00e1ln\u00ed, p\u016fvodn\u00ed kni\u017en\u00ed podob\u011b. A proto\u017ee je to velk\u00e1 v\u011bc, tak vyd\u00e1n\u00ed \u010desk\u00e9 \u0158\u00ed\u0161e trav, kni\u017en\u00ed novinka, nese tuto informaci na sv\u00e9m p\u0159ebalu. Kn\u00ed\u017eku si vychutn\u00e1 ka\u017ed\u00fd, kdo m\u00e1 r\u00e1d kv\u011btnatou \u010de\u0161tinu, zaj\u00edmav\u00e1 p\u0159irovn\u00e1n\u00ed, politika\u0159en\u00ed a detailn\u00ed p\u0159\u00edb\u011bh pln\u00fd r\u016fzn\u00fdch postav, rod\u016f a jejich osud\u016f. Je skv\u011bl\u00e1 pro ty, kter\u00e9 bav\u00ed seznamovat se s nov\u00fdm fantasy sv\u011btem a jeho uspo\u0159\u00e1d\u00e1n\u00edm. M\u011b se l\u00edbila, ale v\u00edm, \u017ee m\u016fj man\u017eel si ji ur\u010dit\u011b p\u0159\u00edmo zamiluje!<\/p>\n<h2>Jak se mi kniha l\u00edbila<\/h2>\n<p>I p\u0159es to, \u017ee jsem ne\u010detla prvn\u00ed d\u00edl, do p\u0159\u00edb\u011bhu jsem se dostala. P\u0159\u00edb\u011bhov\u011b je kniha rozd\u011blena tak, \u017ee chv\u00edli se spisovatel v\u011bnuje ur\u010dit\u00fdm postav\u00e1m a jejich p\u0159\u00edb\u011bhu, jejich sou\u010dasnosti a ob\u010das skokem i minulosti. Pak se v dal\u0161\u00ed kapitole ocitneme jinde, na jin\u00e9m m\u00edst\u011b a u n\u011bkoho jin\u00e9ho. A o p\u00e1r kapitol d\u00e1l se vrac\u00edme k prvn\u00ed postav\u011b \u010di postav\u00e1m a k tomu, jak se jejich p\u0159\u00edb\u011bh vyv\u00edj\u00ed. P\u0159esto, \u017ee to nezn\u00ed moc p\u0159ehledn\u011b, tak se d\u00e1 d\u011bj docela dob\u0159e sledovat a postav d\u00edky bohu nen\u00ed tolik, aby si je oby\u010dejn\u00fd smrteln\u00edk jako j\u00e1 nedok\u00e1zal zapamatovat. Ale je jich i tak dost. Jednotliv\u00e9 p\u0159\u00edb\u011bhy jsou zaj\u00edmav\u00e9 a rozv\u00edj\u00ed se s ka\u017edou dal\u0161\u00ed str\u00e1nkou. Postavy maj\u00ed sv\u00e9 v\u00edce \u010di m\u00e9n\u011b jasn\u00e9 \u00famysly a sv\u00fdm jedn\u00e1n\u00edm pozoruj\u00ed vlastn\u00ed c\u00edle.<\/p>\n<p>Nap\u0159\u00edklad pozorujeme uprchl\u00e9ho prince Morgana, kter\u00fd se v lese Starosrdce sna\u017e\u00ed zachr\u00e1nit si sv\u016fj \u017eivot. Les je ale hlubok\u00fd a princ bloud\u00ed, m\u00e1 hlad a strach, chyb\u00ed mu dobr\u00e9 pit\u00ed, kter\u00fdm by otupil smysly. B\u011bhem sv\u00e9 cesty potk\u00e1 v lese podivn\u00e9 tvory, se kter\u00fdmi se sbl\u00ed\u017e\u00ed. Jin\u00fd p\u0159\u00edb\u011bh vypr\u00e1v\u00ed cestu z hory, kdy se skupinka lid\u00ed a zvl\u00e1\u0161tn\u00edch tvor\u016f (tak\u00e9 draka a obra!) sna\u017e\u00ed dos\u00e1hnout sv\u00e9ho c\u00edle. Nen\u00ed to ale snadn\u00e9, proto\u017ee spoutan\u00fd drak je t\u011b\u017ek\u00fd a skupina sebou t\u00e1hne polomrtv\u00e9ho mu\u017ee Makha.<\/p>\n<p>Moj\u00ed obl\u00edbenou postavou je kr\u00e1lovna Miriamele, kter\u00e1 je chytr\u00e1 (a\u017e bych \u0159ekla moudr\u00e1), miluj\u00edc\u00ed a p\u016fsob\u00ed na m\u011b jako skv\u011bl\u00e1 a d\u016fvtipn\u00e1 \u017eena. I jej\u00ed man\u017eel, kr\u00e1l Simon, svoji \u017eenu velice miluje a p\u016fsob\u00ed, nejen d\u00edky tomu, p\u0159\u00edjemn\u011b lidsky. V knize tak\u00e9 figuruje \u0159ada jin\u00fdch ne\u017e lidsk\u00fdch bytost\u00ed, co\u017e je n\u011bco, co m\u011b bav\u00ed. M\u00e1m v knih\u00e1ch r\u00e1da fantasy postavy, draky a jinou hav\u011b\u0165.<\/p>\n<p>\u00a0<\/p>\n<p>Barbora Cirklov\u00e1<\/p>\n<p>Autor:\u00a0Barbora Cirklov\u00e1<\/p>\n","protected":false},"excerpt":{"rendered":"<p>\u010ctu, po\u0159\u00e1d \u010dtu. \u010ctu r\u00e1da a \u010dtu hodn\u011b. A proto\u017ee m\u00e1m pom\u011brn\u011b \u0161irok\u00fd z\u00e1b\u011br a \u010dtu t\u00e9m\u011b\u0159 v\u0161e, co se mi dostane pod ruku, pak mi nemohla uniknout ani kniha s n\u00e1zvem\u00a0<strong>\u0158\u00ed\u0161e trav<\/strong>.<\/p>\n","protected":false},"author":2,"featured_media":325336,"comment_status":"open","ping_status":"open","sticky":false,"template":"","format":"standard","meta":{"_acf_changed":false,"_monsterinsights_skip_tracking":false,"_monsterinsights_sitenote_active":false,"_monsterinsights_sitenote_note":"","_monsterinsights_sitenote_category":0,"_EventAllDay":false,"_EventTimezone":"","_EventStartDate":"","_EventEndDate":"","_EventStartDateUTC":"","_EventEndDateUTC":"","_EventShowMap":false,"_EventShowMapLink":false,"_EventURL":"","_EventCost":"","_EventCostDescription":"","_EventCurrencySymbol":"","_EventCurrencyCode":"","_EventCurrencyPosition":"","_EventDateTimeSeparator":"","_EventTimeRangeSeparator":"","_EventOrganizerID":[],"_EventVenueID":[],"_OrganizerEmail":"","_OrganizerPhone":"","_OrganizerWebsite":"","_VenueAddress":"","_VenueCity":"","_VenueCountry":"","_VenueProvince":"","_VenueState":"","_VenueZip":"","_VenuePhone":"","_VenueURL":"","_VenueStateProvince":"","_VenueLat":"","_VenueLng":"","_VenueShowMap":false,"_VenueShowMapLink":false,"twitterCardType":"","cardImageID":0,"cardImage":"","cardTitle":"","cardDesc":"","cardImageAlt":"","cardPlayer":"","cardPlayerWidth":0,"cardPlayerHeight":0,"cardPlayerStream":"","cardPlayerCodec":"","footnotes":""},"categories":[7],"tags":[21832],"class_list":["post-325335","post","type-post","status-publish","format-standard","has-post-thumbnail","hentry","category-recenze","tag-literarni-kavarna"],"acf":{"related_products":null},"_links":{"self":[{"href":"https:\/\/www.luxor.cz\/blog\/wp-json\/wp\/v2\/posts\/325335","targetHints":{"allow":["GET"]}}],"collection":[{"href":"https:\/\/www.luxor.cz\/blog\/wp-json\/wp\/v2\/posts"}],"about":[{"href":"https:\/\/www.luxor.cz\/blog\/wp-json\/wp\/v2\/types\/post"}],"author":[{"embeddable":true,"href":"https:\/\/www.luxor.cz\/blog\/wp-json\/wp\/v2\/users\/2"}],"replies":[{"embeddable":true,"href":"https:\/\/www.luxor.cz\/blog\/wp-json\/wp\/v2\/comments?post=325335"}],"version-history":[{"count":0,"href":"https:\/\/www.luxor.cz\/blog\/wp-json\/wp\/v2\/posts\/325335\/revisions"}],"wp:featuredmedia":[{"embeddable":true,"href":"https:\/\/www.luxor.cz\/blog\/wp-json\/wp\/v2\/media\/325336"}],"wp:attachment":[{"href":"https:\/\/www.luxor.cz\/blog\/wp-json\/wp\/v2\/media?parent=325335"}],"wp:term":[{"taxonomy":"category","embeddable":true,"href":"https:\/\/www.luxor.cz\/blog\/wp-json\/wp\/v2\/categories?post=325335"},{"taxonomy":"post_tag","embeddable":true,"href":"https:\/\/www.luxor.cz\/blog\/wp-json\/wp\/v2\/tags?post=325335"}],"curies":[{"name":"wp","href":"https:\/\/api.w.org\/{rel}","templated":true}]}}