{"id":325321,"date":"2022-07-01T09:59:23","date_gmt":"2022-07-01T07:59:23","guid":{"rendered":"https:\/\/www.luxor.cz\/blog\/nezarazene\/63512-murakami-pro-zacatecniky-i-pokrocile\/"},"modified":"2022-07-01T09:59:23","modified_gmt":"2022-07-01T07:59:23","slug":"63512-murakami-pro-zacatecniky-i-pokrocile","status":"publish","type":"post","link":"https:\/\/www.luxor.cz\/blog\/recenze\/63512-murakami-pro-zacatecniky-i-pokrocile\/","title":{"rendered":"Murakami pro za\u010d\u00e1te\u010dn\u00edky i pokro\u010dil\u00e9"},"content":{"rendered":"<p>N\u00e1zev knihy \u2013 Prvn\u00ed osoba jednotn\u00e9ho \u010d\u00edsla \u2013 n\u00e1m d\u00e1v\u00e1 tu\u0161it, \u017ee se autor vr\u00e1til ke sv\u00fdm za\u010d\u00e1tk\u016fm, kdy pro n\u011bj bylo typick\u00e9, \u017ee psal v\u00a0prvn\u00ed osob\u011b. Osm pov\u00eddek n\u00e1s zavede do Japonska, do\u010dteme se v\u00a0nich o \u017eivot\u011b, l\u00e1sce, \u017een\u00e1ch, ale i o smrti, hudb\u011b, sportu. V\u00a0pov\u00eddk\u00e1ch se prol\u00edn\u00e1 realita, fantazie, fikce, ale v\u017edy tak, \u017ee to p\u016fsob\u00ed p\u0159irozen\u011b a uv\u011b\u0159iteln\u011b a p\u0159i \u010dten\u00ed si budete \u0159\u00edkat: \u201eOpravdu se m\u016f\u017ee opice nau\u010dit mluvit?\u201c.<\/p>\n<p>D\u00edky tomu, \u017ee autor pou\u017e\u00edv\u00e1 vypr\u00e1v\u011bn\u00ed v\u00a0prvn\u00ed osob\u011b, p\u016fsob\u00ed text neskute\u010dn\u011b re\u00e1ln\u011b, jako kdy\u017e n\u00e1m vypr\u00e1v\u00ed svoje z\u00e1\u017eitky a my vlastn\u011b nev\u00edme, co je pravda a co ne. Ka\u017ed\u00e1 pov\u00eddka m\u011b pohltila a j\u00e1 si chv\u00edlemi p\u0159ipadala, \u017ee \u010dtu cel\u00fd rom\u00e1n, nikoliv jen kr\u00e1tk\u00fd text, proto\u017ee tam bylo v\u0161e. Popisy, kter\u00e9 zaujmou va\u0161i p\u0159edstavivost, ale i emoce. Postavy, ke kter\u00fdm si dok\u00e1\u017eete okam\u017eit\u011b vybudovat vztah a pro\u017e\u00edvat jejich p\u0159\u00edb\u011bh spole\u010dn\u011b s\u00a0nimi. Murakami p\u00ed\u0161e s\u00a0lehkost\u00ed, v\u011bty kr\u00e1sn\u011b a p\u0159irozen\u011b plynou.<\/p>\n<p>Od autora jsem zat\u00edm \u010detla pouze dv\u011b kn\u00ed\u017eky. Moje prvn\u00ed setk\u00e1n\u00ed s\u00a0n\u00edm byla kr\u00e1tk\u00e1 novelka Sp\u00e1nek, kter\u00e1 si m\u011b z\u00edskala natolik, \u017ee jsem ihned v\u011bd\u011bla, \u017ee od n\u011bj budu pot\u0159ebovat dal\u0161\u00ed kn\u00ed\u017eky. Tou byla Bezbarv\u00fd Cukuru Tazaki a jeho l\u00e9ta putov\u00e1n\u00ed. Sou\u010dasn\u00e1 novinka m\u011b op\u011bt navnadila, abych se pod\u00edvala po dal\u0161\u00edch Murakamiho kn\u00ed\u017ek\u00e1ch a roz\u0161\u00ed\u0159ila si tak sv\u016fj \u010dtec\u00ed obzor.<\/p>\n<p>Pokud jste od autora je\u0161t\u011b nic ne\u010detli, je tato pov\u00eddkov\u00e1 sb\u00edrka ide\u00e1ln\u00ed volbou to napravit. A pokud m\u00e1te jeho kn\u00ed\u017eky p\u0159e\u010dten\u00e9 a na\u010dten\u00e9, tak rozhodn\u011b V\u00e1s tato pot\u011b\u0161\u00ed a r\u00e1di si ji za\u0159ad\u00edte do knihovni\u010dky mezi ostatn\u00ed.<\/p>\n<p>\u00a0<\/p>\n<p>Eva Francov\u00e1<\/p>\n<p>Autor:\u00a0Eva Francov\u00e1<\/p>\n","protected":false},"excerpt":{"rendered":"<p>Jm\u00e9no, kter\u00e9 snad ka\u017ed\u00fd alespo\u0148 n\u011bkdy sly\u0161el \u2013 Haruki Murakami. Jm\u00e9no, kter\u00e9 mn\u011b p\u0159ipad\u00e1, \u017ee je p\u0159edur\u010deno pro um\u011blce. Mo\u017en\u00e1 jeho kn\u00ed\u017eky milujete, mo\u017en\u00e1 se jich trochu boj\u00edte. A\u0165 tak \u010di tak, tuto knihu pov\u00eddek si rozhodn\u011b p\u0159e\u010dt\u011bte.<\/p>\n","protected":false},"author":2,"featured_media":325322,"comment_status":"open","ping_status":"open","sticky":false,"template":"","format":"standard","meta":{"_acf_changed":false,"_monsterinsights_skip_tracking":false,"_monsterinsights_sitenote_active":false,"_monsterinsights_sitenote_note":"","_monsterinsights_sitenote_category":0,"_EventAllDay":false,"_EventTimezone":"","_EventStartDate":"","_EventEndDate":"","_EventStartDateUTC":"","_EventEndDateUTC":"","_EventShowMap":false,"_EventShowMapLink":false,"_EventURL":"","_EventCost":"","_EventCostDescription":"","_EventCurrencySymbol":"","_EventCurrencyCode":"","_EventCurrencyPosition":"","_EventDateTimeSeparator":"","_EventTimeRangeSeparator":"","_EventOrganizerID":[],"_EventVenueID":[],"_OrganizerEmail":"","_OrganizerPhone":"","_OrganizerWebsite":"","_VenueAddress":"","_VenueCity":"","_VenueCountry":"","_VenueProvince":"","_VenueState":"","_VenueZip":"","_VenuePhone":"","_VenueURL":"","_VenueStateProvince":"","_VenueLat":"","_VenueLng":"","_VenueShowMap":false,"_VenueShowMapLink":false,"twitterCardType":"","cardImageID":0,"cardImage":"","cardTitle":"","cardDesc":"","cardImageAlt":"","cardPlayer":"","cardPlayerWidth":0,"cardPlayerHeight":0,"cardPlayerStream":"","cardPlayerCodec":"","footnotes":""},"categories":[7],"tags":[21832],"class_list":["post-325321","post","type-post","status-publish","format-standard","has-post-thumbnail","hentry","category-recenze","tag-literarni-kavarna"],"acf":{"related_products":null},"_links":{"self":[{"href":"https:\/\/www.luxor.cz\/blog\/wp-json\/wp\/v2\/posts\/325321","targetHints":{"allow":["GET"]}}],"collection":[{"href":"https:\/\/www.luxor.cz\/blog\/wp-json\/wp\/v2\/posts"}],"about":[{"href":"https:\/\/www.luxor.cz\/blog\/wp-json\/wp\/v2\/types\/post"}],"author":[{"embeddable":true,"href":"https:\/\/www.luxor.cz\/blog\/wp-json\/wp\/v2\/users\/2"}],"replies":[{"embeddable":true,"href":"https:\/\/www.luxor.cz\/blog\/wp-json\/wp\/v2\/comments?post=325321"}],"version-history":[{"count":0,"href":"https:\/\/www.luxor.cz\/blog\/wp-json\/wp\/v2\/posts\/325321\/revisions"}],"wp:featuredmedia":[{"embeddable":true,"href":"https:\/\/www.luxor.cz\/blog\/wp-json\/wp\/v2\/media\/325322"}],"wp:attachment":[{"href":"https:\/\/www.luxor.cz\/blog\/wp-json\/wp\/v2\/media?parent=325321"}],"wp:term":[{"taxonomy":"category","embeddable":true,"href":"https:\/\/www.luxor.cz\/blog\/wp-json\/wp\/v2\/categories?post=325321"},{"taxonomy":"post_tag","embeddable":true,"href":"https:\/\/www.luxor.cz\/blog\/wp-json\/wp\/v2\/tags?post=325321"}],"curies":[{"name":"wp","href":"https:\/\/api.w.org\/{rel}","templated":true}]}}