{"id":325319,"date":"2022-07-03T09:00:47","date_gmt":"2022-07-03T07:00:47","guid":{"rendered":"https:\/\/www.luxor.cz\/blog\/nezarazene\/63513-dechberouci-pribeh-plny-tajemstvi-o-jedinem-rozhodnuti-to-si-nenechte-ujit\/"},"modified":"2022-07-03T09:00:47","modified_gmt":"2022-07-03T07:00:47","slug":"63513-dechberouci-pribeh-plny-tajemstvi-o-jedinem-rozhodnuti-to-si-nenechte-ujit","status":"publish","type":"post","link":"https:\/\/www.luxor.cz\/blog\/recenze\/63513-dechberouci-pribeh-plny-tajemstvi-o-jedinem-rozhodnuti-to-si-nenechte-ujit\/","title":{"rendered":"Dechberouc\u00ed p\u0159\u00edb\u011bh pln\u00fd tajemstv\u00ed o jedin\u00e9m rozhodnut\u00ed \u2013 to si nenechte uj\u00edt!"},"content":{"rendered":"<p>Nadia Turnerov\u00e1 a Luke Sheppard \u2013 oba mlad\u00ed a kv\u016fli jednomu odreagov\u00e1n\u00ed mus\u00ed \u010delit d\u016fle\u017eit\u00e9mu rozhodnut\u00ed. Nadia ot\u011bhotn\u00ed. Jen\u017ee tato ud\u00e1lost ovlivn\u00ed jejich \u017eivoty a\u017e do dosp\u011blosti a do doby, kdy jsou ka\u017ed\u00fd n\u011bkde jinde. Sv\u00e9 nejv\u011bt\u0161\u00ed tajemstv\u00ed Nadia nepov\u00ed ani sv\u00e9 nejlep\u0161\u00ed kamar\u00e1dce Aubrey. Jedno vede k\u00a0druh\u00e9mu a tajemstv\u00ed se jen mno\u017e\u00ed. Kam to v\u0161echno povede?<\/p>\n<p>Krom\u011b t\u011bchto postav \u2013 Nadii, Luka a Aubrey se v\u00a0knize vyskytuj\u00ed i Matky. Jsou to star\u0161\u00ed d\u00e1my, kter\u00e9 nav\u0161t\u011bvuj\u00ed kostel, okolo kter\u00e9ho se d\u011bj odehr\u00e1v\u00e1. Ze sv\u00e9ho pohledu hrav\u011b komentuj\u00ed sou\u010dasn\u00fd d\u011bj a dozv\u00edd\u00e1me se i p\u00e1r st\u0159\u00edpk\u016f z\u00a0jejich \u017eivot\u016f.<\/p>\n<p>Kniha se \u010detla naprosto skv\u011ble a str\u00e1nky ut\u00edkaly. Nen\u00ed to ten typ knihy, kdy se za\u010dtete a za dobu, kter\u00e1 p\u0159ijde jako pouh\u00e1 chvilka, jste o sto pades\u00e1t stran d\u00e1le. \u010cte se pomalu, loud\u00e1 se, ale nen\u00ed to utahan\u00e9. Je to p\u0159\u00edjemn\u00e9 \u010dten\u00ed, kter\u00e9 v\u00e1s donut\u00ed se zamyslet nad spoustou v\u011bc\u00ed. Co by se stalo, kdybyste neud\u011blali toto rozhodnut\u00ed v\u00a0minulosti? Nad touto ot\u00e1zkou se zab\u00fdvaj\u00ed i postavy, jejich\u017e osudy sledujeme v\u00a0knize.<\/p>\n<p>Moc se mi l\u00edb\u00ed jazyk, kter\u00fdm je kniha napsan\u00e1. \u00dapln\u011b jej nedok\u00e1\u017eu popsat, ale je hrav\u00fd a lehk\u00fd. Jako by se v\u00e1m d\u011bj odehr\u00e1val p\u0159ed o\u010dima m\u00edsto toho, abyste \u010detli n\u011bjak\u00e1 p\u00edsmenka na str\u00e1nce. Je to velmi \u017eiv\u00fd text pln\u00fd emoc\u00ed a podn\u011btu na zamy\u0161len\u00ed.<\/p>\n<p>Kniha nen\u00ed z\u00a0\u017e\u00e1nru, kter\u00fd pravideln\u011b \u010dtu. Velmi m\u011b bavila a ur\u010dit\u011b po n\u00ed s\u00e1hn\u011bte. M\u00e1m rozhodn\u011b o \u010dem p\u0159em\u00fd\u0161let!<\/p>\n<p>\u00a0<\/p>\n<p>Kl\u00e1ra Parmov\u00e1<\/p>\n<p><img fetchpriority=\"high\" decoding=\"async\" style=\"display: block; margin-left: auto; margin-right: auto;\" src=\"https:\/\/images.knizniklub.cz\/kavarna\/20220619200130.jpg\" alt=\"\" width=\"479\" height=\"269\" title=\"\"><\/p>\n<p>Autor:\u00a0Kl\u00e1ra Parmov\u00e1<\/p>\n","protected":false},"excerpt":{"rendered":"<p>Kniha Matky nen\u00ed tak \u00fapln\u011b klasickou knihou o dvou st\u0159edo\u0161kol\u00e1c\u00edch. Rozhodn\u011b v\u00e1s ale chyt\u00ed stejn\u011b za srdce a mo\u017en\u00e1 i za du\u0161i.<\/p>\n","protected":false},"author":2,"featured_media":325320,"comment_status":"open","ping_status":"open","sticky":false,"template":"","format":"standard","meta":{"_acf_changed":false,"_monsterinsights_skip_tracking":false,"_monsterinsights_sitenote_active":false,"_monsterinsights_sitenote_note":"","_monsterinsights_sitenote_category":0,"_EventAllDay":false,"_EventTimezone":"","_EventStartDate":"","_EventEndDate":"","_EventStartDateUTC":"","_EventEndDateUTC":"","_EventShowMap":false,"_EventShowMapLink":false,"_EventURL":"","_EventCost":"","_EventCostDescription":"","_EventCurrencySymbol":"","_EventCurrencyCode":"","_EventCurrencyPosition":"","_EventDateTimeSeparator":"","_EventTimeRangeSeparator":"","_EventOrganizerID":[],"_EventVenueID":[],"_OrganizerEmail":"","_OrganizerPhone":"","_OrganizerWebsite":"","_VenueAddress":"","_VenueCity":"","_VenueCountry":"","_VenueProvince":"","_VenueState":"","_VenueZip":"","_VenuePhone":"","_VenueURL":"","_VenueStateProvince":"","_VenueLat":"","_VenueLng":"","_VenueShowMap":false,"_VenueShowMapLink":false,"twitterCardType":"","cardImageID":0,"cardImage":"","cardTitle":"","cardDesc":"","cardImageAlt":"","cardPlayer":"","cardPlayerWidth":0,"cardPlayerHeight":0,"cardPlayerStream":"","cardPlayerCodec":"","footnotes":""},"categories":[7],"tags":[21832],"class_list":["post-325319","post","type-post","status-publish","format-standard","has-post-thumbnail","hentry","category-recenze","tag-literarni-kavarna"],"acf":{"related_products":null},"_links":{"self":[{"href":"https:\/\/www.luxor.cz\/blog\/wp-json\/wp\/v2\/posts\/325319","targetHints":{"allow":["GET"]}}],"collection":[{"href":"https:\/\/www.luxor.cz\/blog\/wp-json\/wp\/v2\/posts"}],"about":[{"href":"https:\/\/www.luxor.cz\/blog\/wp-json\/wp\/v2\/types\/post"}],"author":[{"embeddable":true,"href":"https:\/\/www.luxor.cz\/blog\/wp-json\/wp\/v2\/users\/2"}],"replies":[{"embeddable":true,"href":"https:\/\/www.luxor.cz\/blog\/wp-json\/wp\/v2\/comments?post=325319"}],"version-history":[{"count":0,"href":"https:\/\/www.luxor.cz\/blog\/wp-json\/wp\/v2\/posts\/325319\/revisions"}],"wp:featuredmedia":[{"embeddable":true,"href":"https:\/\/www.luxor.cz\/blog\/wp-json\/wp\/v2\/media\/325320"}],"wp:attachment":[{"href":"https:\/\/www.luxor.cz\/blog\/wp-json\/wp\/v2\/media?parent=325319"}],"wp:term":[{"taxonomy":"category","embeddable":true,"href":"https:\/\/www.luxor.cz\/blog\/wp-json\/wp\/v2\/categories?post=325319"},{"taxonomy":"post_tag","embeddable":true,"href":"https:\/\/www.luxor.cz\/blog\/wp-json\/wp\/v2\/tags?post=325319"}],"curies":[{"name":"wp","href":"https:\/\/api.w.org\/{rel}","templated":true}]}}