{"id":325311,"date":"2022-07-11T09:14:45","date_gmt":"2022-07-11T07:14:45","guid":{"rendered":"https:\/\/www.luxor.cz\/blog\/nezarazene\/63517-na-kole-po-37-alpskych-trasach\/"},"modified":"2022-07-11T09:14:45","modified_gmt":"2022-07-11T07:14:45","slug":"63517-na-kole-po-37-alpskych-trasach","status":"publish","type":"post","link":"https:\/\/www.luxor.cz\/blog\/recenze\/63517-na-kole-po-37-alpskych-trasach\/","title":{"rendered":"Na kole po 37 alpsk\u00fdch tras\u00e1ch"},"content":{"rendered":"<p>Jm\u00e9no autorky t\u00e9hle knihy pro v\u00e1s ur\u010dit\u011b nebude ciz\u00ed. <strong>Alena Z\u00e1rybnick\u00e1<\/strong> je zn\u00e1mou televizn\u00ed \u201erosni\u010dkou\u201c, pracuj\u00edc\u00ed od roku 1997 v\u00a0redakci po\u010das\u00ed \u010cesk\u00e9 televize.\u00a0 Z\u00a0\u010cesk\u00e9ho rozhlasu m\u016f\u017eete jej\u00ed hlas zn\u00e1t z\u00a0po\u0159adu <em>Z\u00e1lety<\/em> a na televizn\u00ed obrazovce ji m\u016f\u017eete spat\u0159it v\u00a0seri\u00e1lu <em>Na skialpech p\u0159es hory<\/em>. Ji\u017e vyd\u00e1n\u00edm prvn\u00edho d\u00edlu <strong>Alpami na kole<\/strong> spoustu z\u00a0n\u00e1s Alena Z\u00e1rybnick\u00e1 p\u0159ekvapila t\u00edm, \u017ee jej\u00ed v\u00e1\u0161e\u0148 pro cyklistiku je natolik siln\u00e1, \u017ee je schopn\u00e1 ze sv\u00fdch cest sepsat tak hodnotnou knihu. O t\u00e9hle z\u00e1lib\u011b Aleny Z\u00e1rybnick\u00e9 nejsp\u00ed\u0161 v\u011bd\u011bl jen m\u00e1lokdo.<\/p>\n<p><strong>Cesta p\u011bti alpsk\u00fdmi st\u00e1ty<\/strong><\/p>\n<p>Stejn\u011b jako v\u00a0prvn\u00edm d\u00edle najdeme i zde podrobn\u00fd popis, tentokr\u00e1t <strong>celkem 37 tras Alpami<\/strong>, kter\u00e9 lze projet na kole. V\u00a0tomto d\u00edle nav\u0161t\u00edv\u00edme <strong>It\u00e1lii<\/strong>, <strong>Rakousko<\/strong>, <strong>\u0160v\u00fdcarsko<\/strong>, <strong>Francii<\/strong> a <strong>N\u011bmecko<\/strong>, resp. \u010d\u00e1sti t\u011bchto zem\u00ed, do nich\u017e vrcholky Alp \u00fazemn\u011b zasahuj\u00ed.<\/p>\n<p><strong>\u201eJ\u00edzda mi d\u00e1v\u00e1 balanc.<\/strong><\/p>\n<p><strong>A zastaven\u00ed?<\/strong><\/p>\n<p><strong>V\u00edc ne\u017e jen nov\u00fd c\u00edl!\u201c<\/strong><\/p>\n<p>Skv\u011blou p\u0159edstavu o m\u00edstech, kter\u00fdmi n\u00e1s kniha provede, z\u00edsk\u00e1me hned na jej\u00edm za\u010d\u00e1tku. Mapa Evropy <strong>pomoc\u00ed \u010derven\u00fdch o\u010d\u00edslovan\u00fdch bod\u016f vymezuje nav\u0161t\u00edven\u00e9 oblasti s\u00a0konkr\u00e9tn\u00edmi trasami<\/strong>.<\/p>\n<p>Celkem <strong>15 p\u0159ehledn\u00fdch kapitol<\/strong> dokonale nal\u00e1k\u00e1 u\u017e jen sv\u00fdmi n\u00e1zvy (<em>Od Huga k\u00a0Picassovi<\/em>, <em>Mal\u00fd Tibet aneb r\u00e1j nejen da\u0148ov\u00fd<\/em>, <em>Val di Fiemme tam, kde \u201erostou\u201c stradiv\u00e1rky<\/em> a dal\u0161\u00ed). Ka\u017ed\u00e1 z\u00a0t\u011bchto v\u011bt\u0161\u00edch kapitol zahrnuje pak podrobn\u011bj\u0161\u00ed kapitolky a trasy. V\u00a0\u00favodu ka\u017ed\u00e9 z\u00a0nich v\u017edy najdete <strong>QR k\u00f3d, pomoc\u00ed n\u011bj\u017e si trasu nahrajete do chytr\u00e9ho telefonu nebo navigace<\/strong>.<\/p>\n<p><strong>N\u011bkter\u00e9 z\u00a0tras projela Alena Z\u00e1rybnick\u00e1 obytn\u00fdm vozem<\/strong>. Tenhle zp\u016fsob cestov\u00e1n\u00ed n\u00e1m d\u00e1v\u00e1 mo\u017enost dostat se i do t\u011bch nejm\u00e9n\u011b zn\u00e1m\u00fdch m\u00edst a zdr\u017eet se tady jak dlouho chceme.<\/p>\n<p>Jako jeden z\u00a0nejv\u011bt\u0161\u00edch p\u0159\u00ednos\u016f t\u00e9hle publikace vid\u00edm to, \u017ee <strong>Alena Z\u00e1rybnick\u00e1 svoje cesty nap\u0159\u00ed\u010d Alpami nepojala jako such\u00fd popis ur\u010dit\u00e9 trasy z\u00a0bodu A do bodu B<\/strong>, n\u00fdbr\u017e \u017ee samotn\u00fdm fakt\u016fm dodala \u0161\u0165\u00e1vu a n\u00e1boj sv\u00fdmi osobn\u00edmi pro\u017eitky, d\u00edky nim\u017e se kr\u00e1sami tohoto koutu sv\u011bta m\u016f\u017eeme kochat spolu s\u00a0n\u00ed. A to je pro m\u011b, zvl\u00e1\u0161\u0165 u cestopis\u016f, v\u017edy ta nejv\u011bt\u0161\u00ed p\u0159idan\u00e1 hodnota. <strong>Alena Z\u00e1rybnick\u00e1 dok\u00e1\u017ee navodit p\u0159edstavu, \u017ee str\u00e1nky knihy jsou cesty a my je proj\u00ed\u017ed\u00edme spole\u010dn\u011b s\u00a0n\u00ed, jako \u201ecyklo par\u0165\u00e1ci\u201c. <\/strong><\/p>\n<p>Pokud se t\u0159eba vy sami rozhodnete inspirovat se touhle knihou a napl\u00e1novat si trasu podle jedn\u00e9 z\u00a0nich, v\u011b\u0159te, \u017ee v\u00e1m budou poskytnuty v\u0161echny d\u016fle\u017eit\u00e9 informace. Krom\u011b celkov\u00e9 d\u00e9lky trasy z\u00edsk\u00e1te p\u0159edstavu o p\u0159ev\u00fd\u0161en\u00ed, kter\u00e9 budete muset p\u0159ekonat, budete v\u011bd\u011bt, s\u00a0jak n\u00e1ro\u010dn\u00fdm povrchem se budete pot\u00fdkat a jak moc to pro v\u00e1s bude obt\u00ed\u017en\u00e9. Zaj\u00edmavosti z\u00a0okol\u00ed, kter\u00e9 m\u016f\u017eete nav\u0161t\u00edvit, praktick\u00e9 informace na cesty, nap\u0159\u00edklad to, kde se ubytovat nebo jak\u00fdm zp\u016fsobem se n\u011bkam ide\u00e1ln\u011b dopravit, v\u00e1m poskytnou mozaiku ze st\u0159\u00edpk\u016f va\u0161\u00ed cesty, v\u00a0n\u00ed\u017e nebude chyb\u011bt ani jeden d\u00edlek.<\/p>\n<p>Perli\u010dkou pro m\u011b byl tzv. <strong>\u201emeteo koutek\u201c<\/strong>, tedy odstavec v\u011bnovan\u00fd meteorologick\u00e9 situaci v\u00a0dan\u00fdch oblastech, na n\u011bj\u017e autorka nezapomn\u011bla v\u00a0ani jedn\u00e9 z\u00a0kapitol.<\/p>\n<p>P\u0159esto\u017ee pozn\u00e1v\u00e1n\u00ed ciz\u00edch krajin prost\u0159ednictv\u00edm <strong>gurm\u00e1nsk\u00fdch specialit<\/strong> tolik neholduji, v\u00a0knize Alpami na kole II. jsem se na <strong>\u010d\u00e1st vymezenou m\u00edstn\u00edm dobrot\u00e1m <\/strong>v\u017edycky moc t\u011b\u0161ila. I tahle str\u00e1nka toti\u017e cestovateli roz\u0161i\u0159uje obzory a d\u00e1v\u00e1 mu mo\u017enost l\u00e9pe poznat kraj, do kter\u00e9ho zam\u00ed\u0159il.<\/p>\n<p>Obrovsk\u00fd d\u00edk autorce pat\u0159\u00ed v\u00a0neposledn\u00ed \u0159ad\u011b tak\u00e9 za <strong>\u00fa\u017easn\u00e9 fotografie<\/strong>, kter\u00fdmi je tahle kniha protk\u00e1na. Tak <strong>inspiruj\u00edc\u00ed, informuj\u00edc\u00ed, vzbuzuj\u00edc\u00ed touhu vyrazit tam<\/strong>!<\/p>\n<p><strong>\u017den \u2013 cyklistek, kter\u00e9 by byly schopn\u00e9 sv\u00e9 dojmy a poznatky ze sv\u00fdch cyklo toulek sv\u011btem p\u0159edat tak kvalitn\u00edm zp\u016fsobem, jako to dok\u00e1zala Alena Z\u00e1rybnick\u00e1 ve sv\u00fdch knih\u00e1ch Alpami na kole a Alpami na kole II., nen\u00ed v\u016fbec mnoho. A o to v\u00edc je jej\u00ed d\u00edlo cenn\u011bj\u0161\u00ed.<\/strong><\/p>\n<p>\u00a0<\/p>\n<p>Autorka recenze: Andrea Simoglu<\/p>\n<p>Autor:\u00a0Andrea Simoglu<\/p>\n","protected":false},"excerpt":{"rendered":"<p>Zapome\u0148te na chvilku na shon v\u0161edn\u00edho \u017eivota a nechte se okouzlit \u0161t\u00edty Alp. Proje\u010fte je d\u00edky Alen\u011b Z\u00e1rybnick\u00e9 na kole, a\u0165 u\u017e na\u017eivo, anebo jen p\u0159i listov\u00e1n\u00ed touhle \u00fa\u017easnou knihou!<\/p>\n","protected":false},"author":2,"featured_media":325312,"comment_status":"open","ping_status":"open","sticky":false,"template":"","format":"standard","meta":{"_acf_changed":false,"_monsterinsights_skip_tracking":false,"_monsterinsights_sitenote_active":false,"_monsterinsights_sitenote_note":"","_monsterinsights_sitenote_category":0,"_EventAllDay":false,"_EventTimezone":"","_EventStartDate":"","_EventEndDate":"","_EventStartDateUTC":"","_EventEndDateUTC":"","_EventShowMap":false,"_EventShowMapLink":false,"_EventURL":"","_EventCost":"","_EventCostDescription":"","_EventCurrencySymbol":"","_EventCurrencyCode":"","_EventCurrencyPosition":"","_EventDateTimeSeparator":"","_EventTimeRangeSeparator":"","_EventOrganizerID":[],"_EventVenueID":[],"_OrganizerEmail":"","_OrganizerPhone":"","_OrganizerWebsite":"","_VenueAddress":"","_VenueCity":"","_VenueCountry":"","_VenueProvince":"","_VenueState":"","_VenueZip":"","_VenuePhone":"","_VenueURL":"","_VenueStateProvince":"","_VenueLat":"","_VenueLng":"","_VenueShowMap":false,"_VenueShowMapLink":false,"twitterCardType":"","cardImageID":0,"cardImage":"","cardTitle":"","cardDesc":"","cardImageAlt":"","cardPlayer":"","cardPlayerWidth":0,"cardPlayerHeight":0,"cardPlayerStream":"","cardPlayerCodec":"","footnotes":""},"categories":[7],"tags":[21832],"class_list":["post-325311","post","type-post","status-publish","format-standard","has-post-thumbnail","hentry","category-recenze","tag-literarni-kavarna"],"acf":{"related_products":null},"_links":{"self":[{"href":"https:\/\/www.luxor.cz\/blog\/wp-json\/wp\/v2\/posts\/325311","targetHints":{"allow":["GET"]}}],"collection":[{"href":"https:\/\/www.luxor.cz\/blog\/wp-json\/wp\/v2\/posts"}],"about":[{"href":"https:\/\/www.luxor.cz\/blog\/wp-json\/wp\/v2\/types\/post"}],"author":[{"embeddable":true,"href":"https:\/\/www.luxor.cz\/blog\/wp-json\/wp\/v2\/users\/2"}],"replies":[{"embeddable":true,"href":"https:\/\/www.luxor.cz\/blog\/wp-json\/wp\/v2\/comments?post=325311"}],"version-history":[{"count":0,"href":"https:\/\/www.luxor.cz\/blog\/wp-json\/wp\/v2\/posts\/325311\/revisions"}],"wp:featuredmedia":[{"embeddable":true,"href":"https:\/\/www.luxor.cz\/blog\/wp-json\/wp\/v2\/media\/325312"}],"wp:attachment":[{"href":"https:\/\/www.luxor.cz\/blog\/wp-json\/wp\/v2\/media?parent=325311"}],"wp:term":[{"taxonomy":"category","embeddable":true,"href":"https:\/\/www.luxor.cz\/blog\/wp-json\/wp\/v2\/categories?post=325311"},{"taxonomy":"post_tag","embeddable":true,"href":"https:\/\/www.luxor.cz\/blog\/wp-json\/wp\/v2\/tags?post=325311"}],"curies":[{"name":"wp","href":"https:\/\/api.w.org\/{rel}","templated":true}]}}