{"id":325295,"date":"2022-07-28T10:22:51","date_gmt":"2022-07-28T08:22:51","guid":{"rendered":"https:\/\/www.luxor.cz\/blog\/nezarazene\/63528-zivot-si-s-nami-zahrava\/"},"modified":"2022-07-28T10:22:51","modified_gmt":"2022-07-28T08:22:51","slug":"63528-zivot-si-s-nami-zahrava","status":"publish","type":"post","link":"https:\/\/www.luxor.cz\/blog\/recenze\/63528-zivot-si-s-nami-zahrava\/","title":{"rendered":"\u017divot si s n\u00e1mi zahr\u00e1v\u00e1"},"content":{"rendered":"<p>Augusta m\u00e1 sestru dvoj\u010de a p\u0159eci jsou ka\u017ed\u00e1 jin\u00e1. Augusta miluje knihy a slova, sn\u00ed o exotick\u00fdch zem\u00ed, v\u00ed, \u017ee se jednou odst\u011bhuje hodn\u011b daleko a chce si \u017e\u00edt \u017eivot po sv\u00e9m. Julia se chce p\u0159edev\u0161\u00edm vd\u00e1t, zalo\u017eit rodinu a \u017e\u00edt spokojen\u00fd \u017eivot.<\/p>\n<p>Krom\u011b dvoj\u010dat tu m\u00e1me chlapce jm\u00e9nem Parfait, kter\u00fd \u017eije v\u00a0zemi, kde je ob\u010dansk\u00e1 v\u00e1lka. I on sn\u00ed. Sn\u00ed o tom, \u017ee zajist\u00ed pro svou rodinu lep\u0161\u00ed \u017eivot na lep\u0161\u00edm m\u00edst\u011b.<\/p>\n<p>A\u010d se zd\u00e1, \u017ee n\u00e1s \u010dek\u00e1 v\u00a0knize ban\u00e1ln\u00ed p\u0159\u00edb\u011bh, opak je pravdou. Dostala jsem n\u00e1dhern\u00fd p\u0159\u00edb\u011bh pln\u00fd emoc\u00ed a nedok\u00e1\u017ei slovy ani vyj\u00e1d\u0159it, jak moc se mi l\u00edbil. Autorka p\u00ed\u0161e tak nen\u00e1siln\u011b jakoby nic, ale p\u0159itom je toho v\u00a0textu tolik. J\u00e1 chci v\u00edc, chci z\u016fstat s\u00a0Augustou. U\u017e te\u010f v\u00edm, \u017ee se ke knize brzy vr\u00e1t\u00edm.<\/p>\n<p>Od prvn\u00edch \u0159\u00e1dk\u016f je kniha neskute\u010dn\u011b \u010dtiv\u00e1, kr\u00e1sn\u011b napsan\u00e1 a Augustu jsem si zamilovala t\u00e9m\u011b\u0159 okam\u017eit\u011b. Na jednu stranu ne\u010dekejte \u017e\u00e1dnou velkou akci, ale hlavn\u011b my\u0161lenky a pocity. Na druhou stranu, \u010d\u00edm d\u00e1le se v\u00a0knize dostanete, t\u00edm v\u00edce je to nap\u00ednav\u00e9 a vy chcete \u010d\u00edst a \u010d\u00edst a chcete, aby v\u0161e dob\u0159e dopadlo.<\/p>\n<p>V\u00a0p\u0159\u00edb\u011bhu je spousta pravdy i \u017eivotn\u00edch mouder, donut\u00ed V\u00e1s zamyslet se nad sv\u00fdm \u017eivotem. Je to p\u0159\u00edb\u011bh smutn\u00fd i vtipn\u00fd, ale hlavn\u011b dojemn\u00fd a n\u00e1dhern\u00fd. Autorka pou\u017e\u00edv\u00e1 kr\u00e1sn\u00e9 v\u011bty, kr\u00e1sn\u00e1 p\u0159irovn\u00e1n\u00ed. Text plyne hladce, lehce, jako kdy\u017e v\u00e1\u017eka prolet\u00ed\u2026.<\/p>\n<p>Cht\u011bla bych V\u00e1m \u0159\u00edct v\u00edc, proto\u017ee v\u00a0knize je toho tolik, ale nem\u016f\u017eu, kniha by pro V\u00e1s ztratila sv\u00e9 kouzlo. Tak\u017ee jen pros\u00edm, p\u0159e\u010dt\u011bte si ji, je n\u00e1dhern\u00e1.<\/p>\n<p>\u00a0<\/p>\n<p>Eva Francov\u00e1<\/p>\n<p>Autor:\u00a0Eva Francov\u00e1<\/p>\n","protected":false},"excerpt":{"rendered":"<p>N\u011bkdy vyb\u00edr\u00e1m knihy, kter\u00e9 budu \u010d\u00edst, jen pocitem. Bylo to i tentokr\u00e1t. Tato kniha si vybrala v\u00a0podstat\u011b m\u011b a j\u00e1 jsem neskute\u010dn\u011b r\u00e1da, nebo\u0165 si m\u011b z\u00edskala takov\u00fdm zp\u016fsobem, \u017ee ji ze sv\u00e9ho srdce jen tak nedostanu.<\/p>\n","protected":false},"author":2,"featured_media":325296,"comment_status":"open","ping_status":"open","sticky":false,"template":"","format":"standard","meta":{"_acf_changed":false,"_monsterinsights_skip_tracking":false,"_monsterinsights_sitenote_active":false,"_monsterinsights_sitenote_note":"","_monsterinsights_sitenote_category":0,"_EventAllDay":false,"_EventTimezone":"","_EventStartDate":"","_EventEndDate":"","_EventStartDateUTC":"","_EventEndDateUTC":"","_EventShowMap":false,"_EventShowMapLink":false,"_EventURL":"","_EventCost":"","_EventCostDescription":"","_EventCurrencySymbol":"","_EventCurrencyCode":"","_EventCurrencyPosition":"","_EventDateTimeSeparator":"","_EventTimeRangeSeparator":"","_EventOrganizerID":[],"_EventVenueID":[],"_OrganizerEmail":"","_OrganizerPhone":"","_OrganizerWebsite":"","_VenueAddress":"","_VenueCity":"","_VenueCountry":"","_VenueProvince":"","_VenueState":"","_VenueZip":"","_VenuePhone":"","_VenueURL":"","_VenueStateProvince":"","_VenueLat":"","_VenueLng":"","_VenueShowMap":false,"_VenueShowMapLink":false,"twitterCardType":"","cardImageID":0,"cardImage":"","cardTitle":"","cardDesc":"","cardImageAlt":"","cardPlayer":"","cardPlayerWidth":0,"cardPlayerHeight":0,"cardPlayerStream":"","cardPlayerCodec":"","footnotes":""},"categories":[7],"tags":[21832],"class_list":["post-325295","post","type-post","status-publish","format-standard","has-post-thumbnail","hentry","category-recenze","tag-literarni-kavarna"],"acf":{"related_products":null},"_links":{"self":[{"href":"https:\/\/www.luxor.cz\/blog\/wp-json\/wp\/v2\/posts\/325295","targetHints":{"allow":["GET"]}}],"collection":[{"href":"https:\/\/www.luxor.cz\/blog\/wp-json\/wp\/v2\/posts"}],"about":[{"href":"https:\/\/www.luxor.cz\/blog\/wp-json\/wp\/v2\/types\/post"}],"author":[{"embeddable":true,"href":"https:\/\/www.luxor.cz\/blog\/wp-json\/wp\/v2\/users\/2"}],"replies":[{"embeddable":true,"href":"https:\/\/www.luxor.cz\/blog\/wp-json\/wp\/v2\/comments?post=325295"}],"version-history":[{"count":0,"href":"https:\/\/www.luxor.cz\/blog\/wp-json\/wp\/v2\/posts\/325295\/revisions"}],"wp:featuredmedia":[{"embeddable":true,"href":"https:\/\/www.luxor.cz\/blog\/wp-json\/wp\/v2\/media\/325296"}],"wp:attachment":[{"href":"https:\/\/www.luxor.cz\/blog\/wp-json\/wp\/v2\/media?parent=325295"}],"wp:term":[{"taxonomy":"category","embeddable":true,"href":"https:\/\/www.luxor.cz\/blog\/wp-json\/wp\/v2\/categories?post=325295"},{"taxonomy":"post_tag","embeddable":true,"href":"https:\/\/www.luxor.cz\/blog\/wp-json\/wp\/v2\/tags?post=325295"}],"curies":[{"name":"wp","href":"https:\/\/api.w.org\/{rel}","templated":true}]}}