{"id":325277,"date":"2022-08-13T10:51:35","date_gmt":"2022-08-13T08:51:35","guid":{"rendered":"https:\/\/www.luxor.cz\/blog\/nezarazene\/63537-stravit-den-v-parizi-ano-a-co-se-zahadnym-cizincem\/"},"modified":"2022-08-13T10:51:35","modified_gmt":"2022-08-13T08:51:35","slug":"63537-stravit-den-v-parizi-ano-a-co-se-zahadnym-cizincem","status":"publish","type":"post","link":"https:\/\/www.luxor.cz\/blog\/recenze\/63537-stravit-den-v-parizi-ano-a-co-se-zahadnym-cizincem\/","title":{"rendered":"Str\u00e1vit den v Pa\u0159\u00ed\u017ei? Ano! A co se z\u00e1hadn\u00fdm cizincem?"},"content":{"rendered":"<p>Hannah se sv\u00fdm p\u0159\u00edtelem Simonem (zkr\u00e1cen\u011b Si) jsou na sv\u00e9 prvn\u00ed dovolen\u00e9 a odj\u00ed\u017ed\u011bj\u00ed z\u00a0Ben\u00e1tek do Amsterdamu. Ani jeden z\u00a0nich nev\u00ed, \u017ee \u010d\u00e1st vlaku jede do Pa\u0159\u00ed\u017ee. A zde n\u00e1\u0161 p\u0159\u00edb\u011bh za\u010d\u00edn\u00e1. D\u011bj i postavy jsou skv\u011ble napsan\u00e9 i vykreslen\u00e9. Od za\u010d\u00e1tku m\u00e1 \u010dlov\u011bk pocit, \u017ee by cht\u011bl jen \u010d\u00edst a \u010d\u00edst do skon\u00e1n\u00ed sv\u011bta.<\/p>\n<p>Hlavn\u00ed hrdinka Hannah se ned\u00e1 pova\u017eovat za nemehlo a ani za n\u011bkoho, kdo se o sebe nedok\u00e1\u017ee postarat (i kdy\u017e si to o sob\u011b asi mysl\u00ed). Kdy\u017e se potk\u00e1 se z\u00e1hadn\u00fdm Francouzem L\u00e9em, oba jsou na sebe tak trochu na\u0161tvan\u00ed, \u017ee ani jeden nestihl vlak do Amsterdamu. Nakonec ale spolu str\u00e1v\u00ed den v\u00a0kr\u00e1sn\u00e9 Pa\u0159\u00ed\u017ei, m\u011bsta sv\u011btel a romantiky. Je to p\u0159\u00edb\u011bh nadchnut\u00fd romantikou, p\u0159\u00e1telstv\u00edm a tak\u00e9 trochu tajemnem a nap\u011bt\u00edm.<\/p>\n<p>Jak to dopadne? Budou na sebe st\u00e1le na\u0161tvan\u00ed? A co jej\u00ed p\u0159\u00edtel? To se v\u0161e dozv\u00edte v\u00a0knize a opravdu stoj\u00ed za to si ji p\u0159e\u010d\u00edst. Je to n\u00e1dhern\u00e1 kn\u00ed\u017eka pln\u00e1 emoc\u00ed, zvrat\u016f i kr\u00e1sn\u00fdch moment\u016f. V\u0161e dopl\u0148uje n\u00e1dhern\u00e1 Pa\u0159\u00ed\u017e, kterou si podle toho popisu m\u016f\u017ee \u010dlov\u011bk n\u00e1dhern\u011b vybavit (i m\u00edstn\u00ed Francouze).<\/p>\n<p>Skv\u011bl\u00fd d\u011bj i postavy dopl\u0148uje n\u00e1dhern\u00e1 a p\u0159esto jednoduch\u00e1 ob\u00e1lka. Rozhodn\u011b se jedn\u00e1 o skv\u011blou feel good romanci tak akor\u00e1t vhodnou jako pr\u00e1zdninov\u00e9 \u010dten\u00ed. A pokud jedete do Pa\u0159\u00ed\u017ee, je to trefa do \u010dern\u00e9ho!<\/p>\n<p>Tak\u017ee kupujte a \u010dt\u011bte! Sama jsem zv\u011bdav\u00e1, jestli bude m\u00edt autorka dal\u0161\u00ed takto skv\u011bl\u00e9 kn\u00ed\u017eky!<\/p>\n<p>\u00a0<\/p>\n<p>Kl\u00e1ra Parmov\u00e1<\/p>\n<p>Autor:\u00a0Kl\u00e1ra Parmov\u00e1<\/p>\n","protected":false},"excerpt":{"rendered":"<p>Novinka od britsk\u00e9 autorky Lorraine Brown s\u00a0n\u00e1zvem Vlak do Pa\u0159\u00ed\u017ee u\u017e tak trochu vypov\u00edd\u00e1 o tom, co se bude d\u00edt. Jen to ale jen zlomek p\u0159\u00edb\u011bhu, kter\u00fd se tam bude odehr\u00e1vat.<\/p>\n","protected":false},"author":2,"featured_media":325278,"comment_status":"open","ping_status":"open","sticky":false,"template":"","format":"standard","meta":{"_acf_changed":false,"_monsterinsights_skip_tracking":false,"_monsterinsights_sitenote_active":false,"_monsterinsights_sitenote_note":"","_monsterinsights_sitenote_category":0,"_EventAllDay":false,"_EventTimezone":"","_EventStartDate":"","_EventEndDate":"","_EventStartDateUTC":"","_EventEndDateUTC":"","_EventShowMap":false,"_EventShowMapLink":false,"_EventURL":"","_EventCost":"","_EventCostDescription":"","_EventCurrencySymbol":"","_EventCurrencyCode":"","_EventCurrencyPosition":"","_EventDateTimeSeparator":"","_EventTimeRangeSeparator":"","_EventOrganizerID":[],"_EventVenueID":[],"_OrganizerEmail":"","_OrganizerPhone":"","_OrganizerWebsite":"","_VenueAddress":"","_VenueCity":"","_VenueCountry":"","_VenueProvince":"","_VenueState":"","_VenueZip":"","_VenuePhone":"","_VenueURL":"","_VenueStateProvince":"","_VenueLat":"","_VenueLng":"","_VenueShowMap":false,"_VenueShowMapLink":false,"twitterCardType":"","cardImageID":0,"cardImage":"","cardTitle":"","cardDesc":"","cardImageAlt":"","cardPlayer":"","cardPlayerWidth":0,"cardPlayerHeight":0,"cardPlayerStream":"","cardPlayerCodec":"","footnotes":""},"categories":[7],"tags":[21832],"class_list":["post-325277","post","type-post","status-publish","format-standard","has-post-thumbnail","hentry","category-recenze","tag-literarni-kavarna"],"acf":{"related_products":null},"_links":{"self":[{"href":"https:\/\/www.luxor.cz\/blog\/wp-json\/wp\/v2\/posts\/325277","targetHints":{"allow":["GET"]}}],"collection":[{"href":"https:\/\/www.luxor.cz\/blog\/wp-json\/wp\/v2\/posts"}],"about":[{"href":"https:\/\/www.luxor.cz\/blog\/wp-json\/wp\/v2\/types\/post"}],"author":[{"embeddable":true,"href":"https:\/\/www.luxor.cz\/blog\/wp-json\/wp\/v2\/users\/2"}],"replies":[{"embeddable":true,"href":"https:\/\/www.luxor.cz\/blog\/wp-json\/wp\/v2\/comments?post=325277"}],"version-history":[{"count":0,"href":"https:\/\/www.luxor.cz\/blog\/wp-json\/wp\/v2\/posts\/325277\/revisions"}],"wp:featuredmedia":[{"embeddable":true,"href":"https:\/\/www.luxor.cz\/blog\/wp-json\/wp\/v2\/media\/325278"}],"wp:attachment":[{"href":"https:\/\/www.luxor.cz\/blog\/wp-json\/wp\/v2\/media?parent=325277"}],"wp:term":[{"taxonomy":"category","embeddable":true,"href":"https:\/\/www.luxor.cz\/blog\/wp-json\/wp\/v2\/categories?post=325277"},{"taxonomy":"post_tag","embeddable":true,"href":"https:\/\/www.luxor.cz\/blog\/wp-json\/wp\/v2\/tags?post=325277"}],"curies":[{"name":"wp","href":"https:\/\/api.w.org\/{rel}","templated":true}]}}