{"id":325233,"date":"2022-10-09T15:16:45","date_gmt":"2022-10-09T13:16:45","guid":{"rendered":"https:\/\/www.luxor.cz\/blog\/nezarazene\/63575-chodbami-casu-do-dob-vlady-karla-iv\/"},"modified":"2022-10-09T15:16:45","modified_gmt":"2022-10-09T13:16:45","slug":"63575-chodbami-casu-do-dob-vlady-karla-iv","status":"publish","type":"post","link":"https:\/\/www.luxor.cz\/blog\/recenze\/63575-chodbami-casu-do-dob-vlady-karla-iv\/","title":{"rendered":"Chodbami \u010dasu do dob vl\u00e1dy Karla IV."},"content":{"rendered":"<p>V\u00a0podzimn\u00edm \u010dase roku 1350 se Karel IV. se\u0161el v\u00a0\u010cesk\u00fdch Bud\u011bjovic\u00edch s\u00a0v\u00e9vodou Albrechtem Habsbursk\u00fdm. Setrval zde pouh\u00e9 t\u0159i dny, ne\u017e se odebral sm\u011brem k\u00a0hradu Zv\u00edkov. V\u00a0m\u00edstn\u00edch les\u00edch kolem zv\u00edkovsk\u00e9ho hradu se kr\u00e1l z\u00fa\u010dastnil honu. Je\u0161t\u011b nebylo poledne, kdy\u017e odtroubili jeho konec. V\u0161ichni lovci, kte\u0159\u00ed se honu z\u00fa\u010dastnili, se za\u010dali sj\u00ed\u017ed\u011bt na p\u0159edem dohodnut\u00e9 m\u00edsto a n\u00e1hon\u010d\u00ed ze vsi za\u010dali skl\u00e1dat na v\u016fz ulovenou zv\u011b\u0159.<\/p>\n<p><strong><em>\u201eKde je kr\u00e1l?\u201c p\u0159eru\u0161il je vzru\u0161en\u00fd hlas Karla Rozoumka.<\/em><\/strong><\/p>\n<p>Lovci, kte\u0159\u00ed se po lovu se\u0161li na ur\u010den\u00e9m m\u00edst\u011b, zjistili, \u017ee kr\u00e1l mezi nimi chyb\u00ed. Karla IV. mu\u017ei na\u0161li v\u00a0bezv\u011bdom\u00ed, se zakrv\u00e1cen\u00fdm obli\u010dejem, tak\u017ee na prvn\u00ed pohled nebylo poznat, jak\u00e9 m\u00e1 zran\u011bn\u00ed. Pozd\u011bji v\u0161ak zjist\u00ed, \u017ee m\u00e1 poran\u011bnou kr\u010dn\u00ed p\u00e1te\u0159 a p\u0159era\u017eenou \u010delist, zran\u011bn\u00ed tak v\u00e1\u017en\u00e1, \u017ee maj\u00ed o \u017eivot panovn\u00edka pr\u00e1vem obavy. V\u0161em vyvst\u00e1v\u00e1 v\u00a0mysli ot\u00e1zka, zda bylo kr\u00e1lovo poran\u011bn\u00ed jen ne\u0161\u0165astnou n\u00e1hodou, anebo ne\u010dist\u00fdm \u00famyslem n\u011bjak\u00e9ho \u010dlov\u011bka.<\/p>\n<p>Zanedlouho je v\u00a0bl\u00edzkosti nalezena mrtvola vesni\u010dana, u n\u011bho\u017e je objevena pe\u010de\u0165 Albrechta Habsbursk\u00e9ho. D\u00edky t\u00e9hle okolnosti se do mysli ostatn\u00edch vkr\u00e1d\u00e1 my\u0161lenka, \u017ee v\u00a0p\u0159\u00edpad\u011b zran\u011bn\u00ed Karla IV. \u0161lo skute\u010dn\u011b o pokus o jeho vra\u017edu. Karel Rozoumek je o tom p\u0159esv\u011bd\u010den\u00fd, a proto se spole\u010dn\u011b se sv\u00fdmi p\u0159\u00e1teli vyd\u00e1v\u00e1 p\u00e1trat po tom, kdo tento hr\u016fzn\u00fd \u010din sp\u00e1chal. Coby velitel kr\u00e1lovy ochrann\u00e9 dru\u017einy si to, co se stalo b\u011bhem honu na Zv\u00edkov\u011b, klade za vinu.<\/p>\n<p><strong>Mezit\u00edm v\u00a0komnat\u00e1ch st\u0159edov\u011bk\u00e9ho hradu Zv\u00edkova le\u017e\u00ed smrteln\u011b ran\u011bn\u00fd kr\u00e1l Karel IV. a bojuje o \u017eivot\u2026 <\/strong><\/p>\n<p>S\u00a0nap\u011bt\u00edm sledujeme Rozoumkovu snahu o nalezen\u00ed pachatele a vin\u00edka i \u00fasil\u00ed kr\u00e1lova l\u00e9ka\u0159e o z\u00e1chranu \u017eivota Karla IV., \u010desk\u00e9ho kr\u00e1le a \u0159\u00edmsk\u00e9ho c\u00edsa\u0159e.<\/p>\n<p>Karel IV. St\u00edny minulosti je vynikaj\u00edc\u00ed historick\u00fd rom\u00e1n od autora, kter\u00fd pro m\u011b byl doposud nezn\u00e1m\u00fd, a\u010dkoli ji\u017e v\u00a0s\u00e9rii Lucembursk\u00e1 s\u00e1ga vy\u0161la kniha Karel IV. a koruna \u0159\u00edmsk\u00fdch kr\u00e1l\u016f. Jedn\u00e1 se o historick\u00fd rom\u00e1n, do jeho\u017e d\u011bje se v\u017eijete od prvn\u00edch \u0159\u00e1dk\u016f.<\/p>\n<p>Atmosf\u00e9ra m\u00edsta st\u0159edov\u011bk\u00e9ho Zv\u00edkova a m\u00edstn\u00edch hlubok\u00fdch hvozd\u016f, stejn\u011b tak jako prokreslen\u00ed charakter\u016f jednotliv\u00fdch postav, dod\u00e1v\u00e1 d\u011bji ten prav\u00fd punc re\u00e1lnosti. Chv\u00edlemi toti\u017e opravdu m\u00e1me pocit, jako bychom se v\u00a0\u010dase p\u0159enesli pr\u00e1v\u011b tam, do dob vl\u00e1dy Karla IV., do dob, kdy \u010desk\u00e9 zem\u011b vzkv\u00e9taly a v\u0161e m\u011blo svoje kouzlo. Ov\u0161em z\u00e1rove\u0148 tak\u00e9 do doby, kdy ne v\u017edy v\u0161echno bylo tak, jak m\u00e1.<\/p>\n<p>Mo\u017en\u00e1 v\u00e1s, stejn\u011b jako m\u011b, bude zaj\u00edmat, zda je p\u0159\u00edb\u011bh vystav\u011bn na skute\u010dn\u00fdch z\u00e1kladech. O zran\u011bn\u00ed Karla IV. v\u00a0roce 1350, kter\u00e1 ho m\u011bla p\u0159\u00edmo ohro\u017eovat na \u017eivot\u011b, nen\u00ed dochovan\u00fdch mnoho zpr\u00e1v. \u00dadajn\u011b snad m\u011blo j\u00edt o poran\u011bn\u00ed p\u0159i turnaji nebo p\u00e1du z\u00a0kon\u011b, n\u011bkter\u00e9 prameny hovo\u0159\u00ed o otrav\u011b jedem. O operaci zlomen\u00e9 doln\u00ed \u010delisti se jist\u00e9 prameny tak\u00e9 zmi\u0148uj\u00ed. Jarom\u00edr Jindra n\u00e1m zkr\u00e1tka podal p\u0159\u00edb\u011bh, kter\u00fd se nemusel, av\u0161ak mohl st\u00e1t, a kter\u00fd do \u010dasov\u00e9 osy \u017eivota Karla IV. velice dob\u0159e zapad\u00e1.<\/p>\n<p>\u00a0<\/p>\n<p>Autorka recenze: Andrea Simoglu<\/p>\n<p style=\"text-align: center;\"><img fetchpriority=\"high\" decoding=\"async\" src=\"https:\/\/images.knizniklub.cz\/kavarna\/20220930151705.jpg\" alt=\"\" width=\"449\" height=\"337\" title=\"\"><\/p>\n<p>Autor:\u00a0Andrea Simoglu<\/p>\n","protected":false},"excerpt":{"rendered":"<p>Otev\u0159ete se str\u00e1nkami t\u00e9hle knihy br\u00e1ny do minulosti a p\u0159eneste se do dob vl\u00e1dy Karla IV. Vyd\u00e1te se spletit\u00fdmi chodbami \u010dasu a za\u017eijete nap\u011bt\u00ed z\u00a0vypr\u00e1v\u011bn\u00ed o boji o kr\u00e1l\u016fv \u017eivot.<\/p>\n","protected":false},"author":2,"featured_media":325234,"comment_status":"open","ping_status":"open","sticky":false,"template":"","format":"standard","meta":{"_acf_changed":false,"_monsterinsights_skip_tracking":false,"_monsterinsights_sitenote_active":false,"_monsterinsights_sitenote_note":"","_monsterinsights_sitenote_category":0,"_EventAllDay":false,"_EventTimezone":"","_EventStartDate":"","_EventEndDate":"","_EventStartDateUTC":"","_EventEndDateUTC":"","_EventShowMap":false,"_EventShowMapLink":false,"_EventURL":"","_EventCost":"","_EventCostDescription":"","_EventCurrencySymbol":"","_EventCurrencyCode":"","_EventCurrencyPosition":"","_EventDateTimeSeparator":"","_EventTimeRangeSeparator":"","_EventOrganizerID":[],"_EventVenueID":[],"_OrganizerEmail":"","_OrganizerPhone":"","_OrganizerWebsite":"","_VenueAddress":"","_VenueCity":"","_VenueCountry":"","_VenueProvince":"","_VenueState":"","_VenueZip":"","_VenuePhone":"","_VenueURL":"","_VenueStateProvince":"","_VenueLat":"","_VenueLng":"","_VenueShowMap":false,"_VenueShowMapLink":false,"twitterCardType":"","cardImageID":0,"cardImage":"","cardTitle":"","cardDesc":"","cardImageAlt":"","cardPlayer":"","cardPlayerWidth":0,"cardPlayerHeight":0,"cardPlayerStream":"","cardPlayerCodec":"","footnotes":""},"categories":[7],"tags":[21832],"class_list":["post-325233","post","type-post","status-publish","format-standard","has-post-thumbnail","hentry","category-recenze","tag-literarni-kavarna"],"acf":{"related_products":null},"_links":{"self":[{"href":"https:\/\/www.luxor.cz\/blog\/wp-json\/wp\/v2\/posts\/325233","targetHints":{"allow":["GET"]}}],"collection":[{"href":"https:\/\/www.luxor.cz\/blog\/wp-json\/wp\/v2\/posts"}],"about":[{"href":"https:\/\/www.luxor.cz\/blog\/wp-json\/wp\/v2\/types\/post"}],"author":[{"embeddable":true,"href":"https:\/\/www.luxor.cz\/blog\/wp-json\/wp\/v2\/users\/2"}],"replies":[{"embeddable":true,"href":"https:\/\/www.luxor.cz\/blog\/wp-json\/wp\/v2\/comments?post=325233"}],"version-history":[{"count":0,"href":"https:\/\/www.luxor.cz\/blog\/wp-json\/wp\/v2\/posts\/325233\/revisions"}],"wp:featuredmedia":[{"embeddable":true,"href":"https:\/\/www.luxor.cz\/blog\/wp-json\/wp\/v2\/media\/325234"}],"wp:attachment":[{"href":"https:\/\/www.luxor.cz\/blog\/wp-json\/wp\/v2\/media?parent=325233"}],"wp:term":[{"taxonomy":"category","embeddable":true,"href":"https:\/\/www.luxor.cz\/blog\/wp-json\/wp\/v2\/categories?post=325233"},{"taxonomy":"post_tag","embeddable":true,"href":"https:\/\/www.luxor.cz\/blog\/wp-json\/wp\/v2\/tags?post=325233"}],"curies":[{"name":"wp","href":"https:\/\/api.w.org\/{rel}","templated":true}]}}