{"id":325229,"date":"2022-10-14T09:27:03","date_gmt":"2022-10-14T07:27:03","guid":{"rendered":"https:\/\/www.luxor.cz\/blog\/nezarazene\/63578-michal-viewegh-zase-jednou-vyrostl-skoro-k-haskovi\/"},"modified":"2022-10-14T09:27:03","modified_gmt":"2022-10-14T07:27:03","slug":"63578-michal-viewegh-zase-jednou-vyrostl-skoro-k-haskovi","status":"publish","type":"post","link":"https:\/\/www.luxor.cz\/blog\/recenze\/63578-michal-viewegh-zase-jednou-vyrostl-skoro-k-haskovi\/","title":{"rendered":"Michal Viewegh zase jednou vyrostl. Skoro k Ha\u0161kovi"},"content":{"rendered":"<p>Zat\u00edmco memo\u00e1r pat\u0159il ke slab\u0161\u00edm kus\u016fm ve st\u00e1du jeho kni\u017en\u00edch publikac\u00ed, jeho pov\u00eddkov\u00e1 novinka m\u00e1 n\u011bco do sebe \u2013 a\u017e si \u010dten\u00e1\u0159 nad n\u011bkter\u00fdmi z t\u011bch t\u0159in\u00e1cti za\u0159azen\u00fdch text\u016f \u0159\u00edk\u00e1, co si \u0159\u00edkal za posledn\u00ed dek\u00e1du v\u00fdjime\u010dn\u011b.<\/p>\n<p>\u017de tohle je zas ten star\u00fd zn\u00e1m\u00fd Viewegh, mistr v pln\u00e9 s\u00edle, a \u017ee krom\u011b t\u00e9 skoro povinn\u00e9 \u0159emesln\u00e9 zru\u010dnosti v textov\u00e9 v\u00fdstavb\u011b, svi\u017en\u00e9m profilov\u00e1n\u00ed figur, dialogick\u00fdch p\u0159est\u0159elk\u00e1ch anebo komick\u00e9m pointov\u00e1n\u00ed, nav\u00edc pon\u011bkud dosp\u011bl. \u017de se vyvinul z j\u00edzliv\u00e9ho ironika a sarkasty, z ubl\u00ed\u017een\u00e9ho chv\u00e1stala, co machruje s v\u00ednem, \u017eenami a zp\u011bvem, v p\u0159ekvapiv\u011b siln\u00e9ho humoristu, kter\u00fd m\u00e1 za c\u00edl v prvn\u00ed \u0159ad\u011b sebe \u2013 svou bilanci, sv\u00e9 odch\u00e1zen\u00ed.<\/p>\n<p>Novinka se jmenuje Pr\u016fm\u011brn\u011b zamilovan\u00fd mu\u017e. Pr\u016fm\u011brn\u00fd n\u00e1zev, ale u pov\u00eddkov\u00fdch sb\u00edrek to takhle bylo s Vieweghem v\u017edycky: Pov\u00eddky o l\u00e1sce (2009), Pov\u00eddky o man\u017eelstv\u00ed a sexu (1999), Pov\u00eddky o nel\u00e1sce (2019). Nic moc. Jen\u017ee hned otv\u00edr\u00e1k nastav\u00ed la\u0165ku proklat\u011b vysoko: hrdinovi je dvacet, mak\u00e1 v Chemapolu jako no\u010dn\u00ed vr\u00e1tn\u00fd \u2013 a ne\u0161\u0165astn\u011b se zakouk\u00e1 do cynick\u00e9 mrchy, kter\u00e1 reprezentuje pozdn\u00ed normalizaci v kostce.<\/p>\n<h3 id=\"--muz-podvadeny-i-zklamany\" class=\"tit\">Mu\u017e podv\u00e1d\u011bn\u00fd i zklaman\u00fd<\/h3>\n<p>Je to vulg\u00e1rn\u00ed spekulantka, kterou zaj\u00edmaj\u00ed jenom prachy a moc, a je za n\u011b ochotna poskytnout ze sv\u00e9 monument\u00e1ln\u00ed t\u011blesn\u00e9 v\u00fdbavy cokoli. A Viewegh\u016fv (jist\u011b trochu autobiografick\u00fd) hrdina j\u00ed \u0161ikovn\u011b nastav\u00ed zrcadlo. A pak jsou tu dal\u0161\u00ed kusy, \u010dasov\u011b u\u017e z doby porevolu\u010dn\u00ed, vlastn\u011b rovnou sou\u010dasn\u00e9, kde hlavn\u00ed postava hraje p\u0159ekvapiv\u011b reflektovanou roli: mu\u017ee pora\u017een\u00e9ho a pon\u00ed\u017een\u00e9ho. Mu\u017ee u konce s dechem. Mu\u017ee podv\u00e1d\u011bn\u00e9ho, opou\u0161t\u011bn\u00e9ho, zklaman\u00e9ho v l\u00e1sce. Na star\u00e1 kolena samot\u00e1\u0159e, co \u0161ilh\u00e1 po gymnazistk\u00e1ch \u2013 a kter\u00fd toho za sv\u016fj \u017eivot sice hodn\u011b napsal, ale m\u00e1lo pro\u017eil. Kter\u00fd je smutn\u00fd a vyhasl\u00fd; m\u00edsty trapn\u00fd a m\u00edsty k sm\u00edchu. Prost\u011b figura vnit\u0159n\u011b tragick\u00e1, navenek komick\u00e1.<\/p>\n<div id=\"art-text\" class=\"text\">\n<div class=\"bbtext\">\n<p>Ne v\u0161ecky pov\u00eddky maj\u00ed s\u00edlu t\u00e9 vstupn\u00ed, hlavn\u011b v druh\u00e9 polovin\u011b knihy je pov\u00eddka nahrazena jin\u00fdmi, o pozn\u00e1n\u00ed leh\u010d\u00edmi \u017e\u00e1nry, jako pseudo-report\u00e1\u017e (z p\u0159ed\u00e1v\u00e1n\u00ed jist\u00e9 liter\u00e1rn\u00ed ceny) anebo anekdota (v hlavn\u00ed roli s d\u011bravou pam\u011bt\u00ed a pilulemi na erekci). V t\u011bch nejpoveden\u011bj\u0161\u00edch momentech m\u00e1 ale \u010dten\u00e1\u0159 dojem, \u017ee tady je Viewegh m\u00e1lem na \u00farovni pov\u00eddkov\u00e9ho Jaroslava Ha\u0161ka, natolik je jeho sranda n\u011bkdy jisk\u0159iv\u00e1 a bezohledn\u00e1.<\/p>\n<p>Sp\u00ed\u0161 ne\u017e Milana Kundery, k n\u011bmu\u017e autor odkazuje v citaci \u00favodem jedn\u00e9 pov\u00eddky; ta citace je na t\u00e9ma k\u00fd\u010d a hovno. A motiv v\u00fdkalu, v\u010detn\u011b pr\u016fjmu, se objevuje v Pr\u016fm\u011brn\u011b zamilovan\u00e9m mu\u017ei pom\u011brn\u011b \u010dasto. Zl\u00ed jazykov\u00e9 by z toho jist\u011b vyvodili obratem leccos, nejeden zl\u00fd bonmot anebo p\u0159\u00edm\u011br, ale opak je pravdou: Novinka\u00a0<a class=\"text-link\" href=\"https:\/\/www.idnes.cz\/wiki\/kultura\/michal-viewegh.K457056\" target=\"_blank\" rel=\"noopener\">Michala Viewegha<\/a>\u00a0pat\u0159\u00ed mezi jeho kn\u00ed\u017ekami z posledn\u00ed dek\u00e1dy mezi ty nejlep\u0161\u00ed.<\/p>\n<div class=\"fc0\">\u00a0<\/div>\n<\/div>\n<\/div>\n<div id=\"social-fix-stop\" class=\"fc0\">\u00a0<\/div>\n<div class=\"authors\">Autor:\u00a0<span class=\"name\">Radim Kop\u00e1\u010d<\/span><\/div>\n<p>Hodnocen\u00ed:\u00a080\u00a0%<\/p>\n<p>Autor:\u00a0iDNES.cz<\/p>\n","protected":false},"excerpt":{"rendered":"<p>Letos na ja\u0159e vydal Michal Viewegh k sv\u00fdm \u0161edes\u00e1tin\u00e1m D\u011brav\u00e9 pam\u011bti, te\u010f p\u0159idal novou sb\u00edrku pov\u00eddek.<\/p>\n","protected":false},"author":2,"featured_media":325230,"comment_status":"open","ping_status":"open","sticky":false,"template":"","format":"standard","meta":{"_acf_changed":false,"_monsterinsights_skip_tracking":false,"_monsterinsights_sitenote_active":false,"_monsterinsights_sitenote_note":"","_monsterinsights_sitenote_category":0,"_EventAllDay":false,"_EventTimezone":"","_EventStartDate":"","_EventEndDate":"","_EventStartDateUTC":"","_EventEndDateUTC":"","_EventShowMap":false,"_EventShowMapLink":false,"_EventURL":"","_EventCost":"","_EventCostDescription":"","_EventCurrencySymbol":"","_EventCurrencyCode":"","_EventCurrencyPosition":"","_EventDateTimeSeparator":"","_EventTimeRangeSeparator":"","_EventOrganizerID":[],"_EventVenueID":[],"_OrganizerEmail":"","_OrganizerPhone":"","_OrganizerWebsite":"","_VenueAddress":"","_VenueCity":"","_VenueCountry":"","_VenueProvince":"","_VenueState":"","_VenueZip":"","_VenuePhone":"","_VenueURL":"","_VenueStateProvince":"","_VenueLat":"","_VenueLng":"","_VenueShowMap":false,"_VenueShowMapLink":false,"twitterCardType":"","cardImageID":0,"cardImage":"","cardTitle":"","cardDesc":"","cardImageAlt":"","cardPlayer":"","cardPlayerWidth":0,"cardPlayerHeight":0,"cardPlayerStream":"","cardPlayerCodec":"","footnotes":""},"categories":[7],"tags":[21832],"class_list":["post-325229","post","type-post","status-publish","format-standard","has-post-thumbnail","hentry","category-recenze","tag-literarni-kavarna"],"acf":{"related_products":null},"_links":{"self":[{"href":"https:\/\/www.luxor.cz\/blog\/wp-json\/wp\/v2\/posts\/325229","targetHints":{"allow":["GET"]}}],"collection":[{"href":"https:\/\/www.luxor.cz\/blog\/wp-json\/wp\/v2\/posts"}],"about":[{"href":"https:\/\/www.luxor.cz\/blog\/wp-json\/wp\/v2\/types\/post"}],"author":[{"embeddable":true,"href":"https:\/\/www.luxor.cz\/blog\/wp-json\/wp\/v2\/users\/2"}],"replies":[{"embeddable":true,"href":"https:\/\/www.luxor.cz\/blog\/wp-json\/wp\/v2\/comments?post=325229"}],"version-history":[{"count":0,"href":"https:\/\/www.luxor.cz\/blog\/wp-json\/wp\/v2\/posts\/325229\/revisions"}],"wp:featuredmedia":[{"embeddable":true,"href":"https:\/\/www.luxor.cz\/blog\/wp-json\/wp\/v2\/media\/325230"}],"wp:attachment":[{"href":"https:\/\/www.luxor.cz\/blog\/wp-json\/wp\/v2\/media?parent=325229"}],"wp:term":[{"taxonomy":"category","embeddable":true,"href":"https:\/\/www.luxor.cz\/blog\/wp-json\/wp\/v2\/categories?post=325229"},{"taxonomy":"post_tag","embeddable":true,"href":"https:\/\/www.luxor.cz\/blog\/wp-json\/wp\/v2\/tags?post=325229"}],"curies":[{"name":"wp","href":"https:\/\/api.w.org\/{rel}","templated":true}]}}