{"id":325175,"date":"2022-12-07T10:00:25","date_gmt":"2022-12-07T09:00:25","guid":{"rendered":"https:\/\/www.luxor.cz\/blog\/nezarazene\/63630-zachrani-psi-vanoce-nova-kniha-od-w-bruce-camerona\/"},"modified":"2022-12-07T10:00:25","modified_gmt":"2022-12-07T09:00:25","slug":"63630-zachrani-psi-vanoce-nova-kniha-od-w-bruce-camerona","status":"publish","type":"post","link":"https:\/\/www.luxor.cz\/blog\/recenze\/63630-zachrani-psi-vanoce-nova-kniha-od-w-bruce-camerona\/","title":{"rendered":"Zachr\u00e1n\u00ed psi V\u00e1noce? Nov\u00e1 kniha od W. Bruce Camerona!"},"content":{"rendered":"<p style=\"font-weight: 400;\">P\u0159\u00edb\u011bh sleduje rodinu Gossov\u00fdch, kter\u00e1 (jako ka\u017ed\u00e1 jin\u00e1) m\u00e1 sv\u00e9 vlastn\u00ed probl\u00e9my. Juliana, matka t\u0159\u00ed d\u011bt\u00ed, pe\u010duje o celou dom\u00e1cnost. Jen\u017ee jednoho dne v\u00e1\u017en\u011b onemocn\u00ed. Z kolob\u011bhu smutku a letargie v\u0161echny (v\u010detn\u011b star\u0161\u00edho n\u011bmeck\u00e9ho ov\u010d\u00e1ka Winsteada) osvobod\u00ed mal\u00e9 \u0161t\u011bn\u011b Ruby, kter\u00e1 si k nim najde cestu.<\/p>\n<p style=\"font-weight: 400;\">Od p\u0159e\u010dten\u00ed t\u00e9to knihy dostanete p\u0159esn\u011b to, co slibuje. Laskav\u00fd a mil\u00fd p\u0159\u00edb\u011bh se psy. Je to prvn\u00ed kn\u00ed\u017eka, kterou Cameron nepsal pouze ze ps\u00edho pohledu a j\u00e1 si mysl\u00edm, \u017ee ud\u011blal skv\u011blou pr\u00e1ci. Moc se mi l\u00edbil v\u00fdvoj postav, speci\u00e1ln\u011b d\u011bde\u010dka Sandera a otce rodiny Huntera. Ani ostatn\u00ed postavy nebyly pozadu, jen si mysl\u00edm, \u017ee Sander s Hunterem ud\u011blali nejv\u011bt\u0161\u00ed kus pr\u00e1ce.<\/p>\n<p style=\"font-weight: 400;\">Kn\u00ed\u017eka se \u010detla skoro sama a mus\u00edm \u0159\u00edct, \u017ee jej\u00ed \u010dten\u00ed by u\u017e vylep\u0161ily pouze t\u0159i v\u011bci \u2013 zasn\u011b\u017een\u00fd v\u00fdhled, v\u00e1no\u010dn\u00ed playlist a pern\u00edkov\u00e9 latte. Str\u00e1nky ub\u00edhaly opravdu rychle a najednou jsem byla uprost\u0159ed knihy. Bylo to p\u0159\u00edjemn\u00e9 \u010dten\u00ed a ur\u010dit\u011b vyzkou\u0161\u00edm je\u0161t\u011b aspo\u0148 jednu kn\u00ed\u017eku od W. Bruce Camerona, proto\u017ee se mi to moc l\u00edbilo!<\/p>\n<p style=\"font-weight: 400;\">Pokud m\u00e1te r\u00e1di psy, oddechov\u00e9 \u010dten\u00ed nebo V\u00e1noce (a klidn\u011b v\u0161echno najednou), tak tato kn\u00ed\u017eka se v\u00e1m bude velmi l\u00edbit. Jestli m\u00e1te \u010das, tak v\u011b\u0159\u00edm tomu, \u017ee to m\u00e1te za jeden den p\u0159e\u010dten\u00e9. Pohodln\u011b se usa\u010fte, nalijte si v\u00e1\u0161 obl\u00edben\u00fd n\u00e1poj a pus\u0165te v\u00e1\u0161 v\u00e1no\u010dn\u00ed playlist. Je to skv\u011bl\u00e1 kn\u00ed\u017eka na v\u00e1no\u010dn\u00ed nalad\u011bn\u00ed.<\/p>\n<p style=\"font-weight: 400;\">\u00a0<\/p>\n<p><span style=\"font-weight: 400;\">Kl\u00e1ra Parmov\u00e1<\/span><\/p>\n<p>Autor:\u00a0Kl\u00e1ra Parmov\u00e1<\/p>\n","protected":false},"excerpt":{"rendered":"<p>Autor knihy Ps\u00ed V\u00e1noce W. Bruce Cameron je zn\u00e1m\u00fd p\u0159edev\u0161\u00edm knihou Ps\u00ed posl\u00e1n\u00ed, kter\u00e1 jej proslavila. Ps\u00edch knih u\u017e napsal nespo\u010det a tato je jeho druh\u00e1 v\u00e1no\u010dn\u00ed. Prvn\u00ed v\u00e1no\u010dn\u00ed kn\u00ed\u017ekou byli V\u00e1no\u010dn\u00ed psi.<\/p>\n","protected":false},"author":2,"featured_media":325176,"comment_status":"open","ping_status":"open","sticky":false,"template":"","format":"standard","meta":{"_acf_changed":false,"_monsterinsights_skip_tracking":false,"_monsterinsights_sitenote_active":false,"_monsterinsights_sitenote_note":"","_monsterinsights_sitenote_category":0,"_EventAllDay":false,"_EventTimezone":"","_EventStartDate":"","_EventEndDate":"","_EventStartDateUTC":"","_EventEndDateUTC":"","_EventShowMap":false,"_EventShowMapLink":false,"_EventURL":"","_EventCost":"","_EventCostDescription":"","_EventCurrencySymbol":"","_EventCurrencyCode":"","_EventCurrencyPosition":"","_EventDateTimeSeparator":"","_EventTimeRangeSeparator":"","_EventOrganizerID":[],"_EventVenueID":[],"_OrganizerEmail":"","_OrganizerPhone":"","_OrganizerWebsite":"","_VenueAddress":"","_VenueCity":"","_VenueCountry":"","_VenueProvince":"","_VenueState":"","_VenueZip":"","_VenuePhone":"","_VenueURL":"","_VenueStateProvince":"","_VenueLat":"","_VenueLng":"","_VenueShowMap":false,"_VenueShowMapLink":false,"twitterCardType":"","cardImageID":0,"cardImage":"","cardTitle":"","cardDesc":"","cardImageAlt":"","cardPlayer":"","cardPlayerWidth":0,"cardPlayerHeight":0,"cardPlayerStream":"","cardPlayerCodec":"","footnotes":""},"categories":[7],"tags":[21832],"class_list":["post-325175","post","type-post","status-publish","format-standard","has-post-thumbnail","hentry","category-recenze","tag-literarni-kavarna"],"acf":{"related_products":null},"_links":{"self":[{"href":"https:\/\/www.luxor.cz\/blog\/wp-json\/wp\/v2\/posts\/325175","targetHints":{"allow":["GET"]}}],"collection":[{"href":"https:\/\/www.luxor.cz\/blog\/wp-json\/wp\/v2\/posts"}],"about":[{"href":"https:\/\/www.luxor.cz\/blog\/wp-json\/wp\/v2\/types\/post"}],"author":[{"embeddable":true,"href":"https:\/\/www.luxor.cz\/blog\/wp-json\/wp\/v2\/users\/2"}],"replies":[{"embeddable":true,"href":"https:\/\/www.luxor.cz\/blog\/wp-json\/wp\/v2\/comments?post=325175"}],"version-history":[{"count":0,"href":"https:\/\/www.luxor.cz\/blog\/wp-json\/wp\/v2\/posts\/325175\/revisions"}],"wp:featuredmedia":[{"embeddable":true,"href":"https:\/\/www.luxor.cz\/blog\/wp-json\/wp\/v2\/media\/325176"}],"wp:attachment":[{"href":"https:\/\/www.luxor.cz\/blog\/wp-json\/wp\/v2\/media?parent=325175"}],"wp:term":[{"taxonomy":"category","embeddable":true,"href":"https:\/\/www.luxor.cz\/blog\/wp-json\/wp\/v2\/categories?post=325175"},{"taxonomy":"post_tag","embeddable":true,"href":"https:\/\/www.luxor.cz\/blog\/wp-json\/wp\/v2\/tags?post=325175"}],"curies":[{"name":"wp","href":"https:\/\/api.w.org\/{rel}","templated":true}]}}