{"id":325043,"date":"2023-04-14T10:00:23","date_gmt":"2023-04-14T08:00:23","guid":{"rendered":"https:\/\/www.luxor.cz\/blog\/nezarazene\/63730-bude-boney-posledni-kdo-zemre\/"},"modified":"2023-04-14T10:00:23","modified_gmt":"2023-04-14T08:00:23","slug":"63730-bude-boney-posledni-kdo-zemre","status":"publish","type":"post","link":"https:\/\/www.luxor.cz\/blog\/recenze\/63730-bude-boney-posledni-kdo-zemre\/","title":{"rendered":"Bude Boney posledn\u00ed, kdo zem\u0159e?"},"content":{"rendered":"<p style=\"font-weight: 400;\">V\u0161ichni jsme n\u011bkdy m\u011bli den blbec. Den, kdy se v\u00e1m necht\u011blo do povinnost\u00ed. Jako Ivy, kter\u00e1 pr\u00e1v\u011b prohr\u00e1la \u0161koln\u00ed volby. Nebo Cal, co zrovna za\u017eil dal\u0161\u00ed rozchod s holkou. A na Matea je toho najednou prost\u011b moc a hodila by se mu pauza. Kdy\u017e se tedy sejdou p\u0159ed \u0161kolou a dostanou spont\u00e1nn\u00ed n\u00e1pad, \u017ee by se mohli ul\u00edt z vyu\u010dov\u00e1n\u00ed, v\u0161em t\u0159em to p\u0159ijde jako dobr\u00fd n\u00e1pad. Tedy rozhodn\u011b lep\u0161\u00ed, ne\u017e zam\u00ed\u0159it do \u0161koln\u00ed lavice. Kdy\u017e ale cestou spat\u0159\u00ed \u010dtvrt\u00e9ho spolu\u017e\u00e1ka, kter\u00fd ve t\u0159\u00edd\u011b b\u00fdt stoprocentn\u011b m\u011bl, a rozhodnou se ho sledovat, jejich sv\u011bt se nav\u017edycky zm\u011bn\u00ed.<\/p>\n<p style=\"font-weight: 400;\">Brian \u201cBoney\u201d Mahoney je toti\u017e zabit a oni v panice ute\u010dou od jeho t\u011bla, ani\u017e by v\u011bd\u011bli, kdo vra\u017edu sp\u00e1chal. Boj\u00ed se ov\u0161em, aby podez\u0159en\u00ed nepadlo na n\u011b (vzhledem k drb\u016fm, kter\u00e9 se b\u011bhem chv\u00edle roznesou m\u011bstem, a faktu, \u017ee byli na m\u00edst\u011b \u010dinu), a tak se vydaj\u00ed na \u0161\u00edlenou cestu za odpov\u011b\u010fmi a nalezen\u00edm vraha. M\u016f\u017ee j\u00edm b\u00fdt skute\u010dn\u011b jeden z nich? \u010ci je to cel\u00e9 jenom hloup\u00e9 nedorozum\u011bn\u00ed? Stal se Boney ob\u011bt\u00ed nepl\u00e1novan\u00e9ho \u00fatoku, nebo to byl n\u011b\u010d\u00ed vykalkulovan\u00fd pl\u00e1n? Ale pro\u010d? Cht\u011bj\u00ed odpov\u011bdi a nev\u00e1haj\u00ed p\u0159itom riskovat vlastn\u00ed \u017eivoty. Ne, \u017ee by tu\u0161ili, jak moc.<\/p>\n<p style=\"font-weight: 400;\">Str\u00e1nku po str\u00e1nce rozpletete klubko intrik, kter\u00e9 vedlo k on\u00e9 vra\u017ed\u011b a soub\u011b\u017en\u011b s t\u00edm budete prozkoum\u00e1vat vz\u00e1jemn\u00e9 vztahy na\u0161eho tria, kter\u00e9 si kdysi bylo bl\u00edzk\u00e9. Pro\u010d u\u017e nejsou p\u0159\u00e1teli? A kdo komu co taj\u00ed? Mohou nav\u00e1zat tam, kde skon\u010dili, nebo u\u017e si nemaj\u00ed co \u0159\u00edct? Jsou snad zrady a tajemstv\u00ed jednodu\u0161e tak velk\u00e1, \u017ee u\u017e p\u0159esto prost\u011b nejede vlak?<\/p>\n<p style=\"font-weight: 400;\">P\u0159ivede\u0161 m\u011b do hrobu je p\u0159\u00edb\u011bh pln\u00fd p\u0159ekvapen\u00ed. Nenech\u00e1 v\u00e1s vydechnout do sam\u00e9ho konce. A \u010dte se to tak skv\u011ble, \u017ee v\u00e1m str\u00e1nky p\u0159\u00edmo let\u00ed pod rukama. Mn\u011b trvala kniha p\u0159e\u010d\u00edst dva dny&#8230; tak schv\u00e1ln\u011b, za jak dlouho ji zhltnete vy?<\/p>\n<p style=\"font-weight: 400;\">\u00a0<\/p>\n<p style=\"font-weight: 400;\">Sacharin<\/p>\n<p>Autor:\u00a0Sacharin<\/p>\n","protected":false},"excerpt":{"rendered":"<p>P\u00e1trat po vrahovi na vlastn\u00ed p\u011bst m\u016f\u017ee b\u00fdt smrteln\u011b nebezpe\u010dn\u00e9. A m\u016f\u017ee p\u0159in\u00e9st odpov\u011bdi na ot\u00e1zky, o kter\u00fdch jste nev\u011bd\u011bli, \u017ee byste je m\u011bli polo\u017eit.<\/p>\n","protected":false},"author":2,"featured_media":325044,"comment_status":"open","ping_status":"open","sticky":false,"template":"","format":"standard","meta":{"_acf_changed":false,"_monsterinsights_skip_tracking":false,"_monsterinsights_sitenote_active":false,"_monsterinsights_sitenote_note":"","_monsterinsights_sitenote_category":0,"_EventAllDay":false,"_EventTimezone":"","_EventStartDate":"","_EventEndDate":"","_EventStartDateUTC":"","_EventEndDateUTC":"","_EventShowMap":false,"_EventShowMapLink":false,"_EventURL":"","_EventCost":"","_EventCostDescription":"","_EventCurrencySymbol":"","_EventCurrencyCode":"","_EventCurrencyPosition":"","_EventDateTimeSeparator":"","_EventTimeRangeSeparator":"","_EventOrganizerID":[],"_EventVenueID":[],"_OrganizerEmail":"","_OrganizerPhone":"","_OrganizerWebsite":"","_VenueAddress":"","_VenueCity":"","_VenueCountry":"","_VenueProvince":"","_VenueState":"","_VenueZip":"","_VenuePhone":"","_VenueURL":"","_VenueStateProvince":"","_VenueLat":"","_VenueLng":"","_VenueShowMap":false,"_VenueShowMapLink":false,"twitterCardType":"","cardImageID":0,"cardImage":"","cardTitle":"","cardDesc":"","cardImageAlt":"","cardPlayer":"","cardPlayerWidth":0,"cardPlayerHeight":0,"cardPlayerStream":"","cardPlayerCodec":"","footnotes":""},"categories":[7],"tags":[21832],"class_list":["post-325043","post","type-post","status-publish","format-standard","has-post-thumbnail","hentry","category-recenze","tag-literarni-kavarna"],"acf":{"related_products":null},"_links":{"self":[{"href":"https:\/\/www.luxor.cz\/blog\/wp-json\/wp\/v2\/posts\/325043","targetHints":{"allow":["GET"]}}],"collection":[{"href":"https:\/\/www.luxor.cz\/blog\/wp-json\/wp\/v2\/posts"}],"about":[{"href":"https:\/\/www.luxor.cz\/blog\/wp-json\/wp\/v2\/types\/post"}],"author":[{"embeddable":true,"href":"https:\/\/www.luxor.cz\/blog\/wp-json\/wp\/v2\/users\/2"}],"replies":[{"embeddable":true,"href":"https:\/\/www.luxor.cz\/blog\/wp-json\/wp\/v2\/comments?post=325043"}],"version-history":[{"count":0,"href":"https:\/\/www.luxor.cz\/blog\/wp-json\/wp\/v2\/posts\/325043\/revisions"}],"wp:featuredmedia":[{"embeddable":true,"href":"https:\/\/www.luxor.cz\/blog\/wp-json\/wp\/v2\/media\/325044"}],"wp:attachment":[{"href":"https:\/\/www.luxor.cz\/blog\/wp-json\/wp\/v2\/media?parent=325043"}],"wp:term":[{"taxonomy":"category","embeddable":true,"href":"https:\/\/www.luxor.cz\/blog\/wp-json\/wp\/v2\/categories?post=325043"},{"taxonomy":"post_tag","embeddable":true,"href":"https:\/\/www.luxor.cz\/blog\/wp-json\/wp\/v2\/tags?post=325043"}],"curies":[{"name":"wp","href":"https:\/\/api.w.org\/{rel}","templated":true}]}}