{"id":324997,"date":"2023-05-26T10:00:20","date_gmt":"2023-05-26T08:00:20","guid":{"rendered":"https:\/\/www.luxor.cz\/blog\/nezarazene\/63763-cely-zivot-naruby\/"},"modified":"2023-05-26T10:00:20","modified_gmt":"2023-05-26T08:00:20","slug":"63763-cely-zivot-naruby","status":"publish","type":"post","link":"https:\/\/www.luxor.cz\/blog\/recenze\/63763-cely-zivot-naruby\/","title":{"rendered":"Cel\u00fd \u017eivot naruby"},"content":{"rendered":"<p style=\"font-weight: 400;\">P\u011bta\u010dty\u0159ic\u00edtka se d\u00e1 pova\u017eovat za pomyslnou polovinu na\u0161eho \u017eivota. Telec\u00ed l\u00e9ta u\u017e m\u00e1me d\u00e1vnou za sebou a ob\u010das u\u017e n\u00e1s dok\u00e1\u017ee i n\u011bco po\u0159\u00e1dn\u011b rozbolet. St\u00e1rneme. \u010cas nelze zastavit, ani zpomalit. Je mo\u017en\u00e9 v\u00a0tomto v\u011bku naj\u00edt dostatek sil se vzep\u0159\u00edt v\u0161emu, \u010demu jsme doposud d\u00e1vali ve\u0161kerou svou energii? Obr\u00e1tit se z\u00e1dy k\u00a0tomu, v\u00a0co jste v\u011b\u0159ili a za\u010d\u00edt n\u011bkde jinde a \u00fapln\u011b od za\u010d\u00e1tku?<\/p>\n<p style=\"font-weight: 400;\">Karin Chalupkov\u00e1 je \u017eena st\u0159edn\u00edho v\u011bku. M\u00e1 domov, p\u0159\u00edtele, kter\u00fd je otcem dvou z\u00a0jej\u00edch t\u0159\u00ed d\u011bt\u00ed, stabiln\u00ed zam\u011bstn\u00e1n\u00ed. Nepo\u010d\u00edtala, \u017ee by jej\u00edm sv\u011btem mohlo je\u0161t\u011b n\u011bco ot\u0159\u00e1st. Nebyla kdo v\u00ed jak \u0161\u0165astn\u00e1, ale byla zaji\u0161t\u011bn\u00e1, a to si myslela, \u017ee sta\u010d\u00ed.<\/p>\n<p style=\"font-weight: 400;\">\u010c\u00edm d\u00e1l v\u00edc si v\u0161ak uv\u011bdomovala, \u017ee j\u00ed jej\u00ed \u017eivot nenapl\u0148uje. Sna\u017eila se, ale \u017eivot se zd\u00e1l b\u00fdt \u0161ed\u00fd, smutn\u00fd, nev\u00fdrazn\u00fd. St\u00e1le jen v\u0161e dokola. R\u00e1no vst\u00e1t ud\u011blat sn\u00eddan\u011b, pak honem do pr\u00e1ce, z\u00a0pr\u00e1ce nakoupit, uklidit, vyt\u0159\u00edt, vys\u00e1t, nava\u0159it, vyprat, zal\u00edt kytky, vyven\u010dit psa.<\/p>\n<p style=\"font-weight: 400;\">Ven\u010den\u00ed psa byla vlastn\u011b jedin\u00e1 v\u011bc, kter\u00e1 Karin umo\u017e\u0148ovala si vydechnout a srovnat si v\u00a0hlav\u011b my\u0161lenky. Zm\u011bnit na kr\u00e1tkou dobu prost\u0159ed\u00ed a ut\u00e9ct z\u00a0dusiv\u00e9 atmosf\u00e9ry vlastn\u00ed dom\u00e1cnosti. U\u017e dlouho se nec\u00edtila jako milovan\u00e1 \u017eena, respektovan\u00e1 a milovan\u00e1 maminka vlastn\u00edch d\u011bt\u00ed. Nikdo na ni nebral ohledy. Stala se z\u00a0n\u00ed jen oby\u010dejn\u00e1 slu\u017eka.<\/p>\n<p style=\"font-weight: 400;\">\u017divot n\u00e1m v\u0161ak ob\u010das nab\u00eddne mo\u017enost nov\u00e9ho za\u010d\u00e1tku a my si to zprvu ani nemus\u00edme uv\u011bdomovat. Ne\u017e se Karin poda\u0159\u00ed vymyslet, co si m\u00e1 po\u010d\u00edt se sv\u00fdm \u017eivotem, zdravotn\u00ed stav jej\u00ed maminky se zhor\u0161\u00ed natolik, \u017ee by nem\u011bla ji\u017e z\u016fst\u00e1vat sama. Karin toho vyu\u017eije, ale hlavu m\u00e1 plnou obav, strachu, pon\u00ed\u017een\u00ed, vlastn\u00edho selh\u00e1n\u00ed a nesm\u011blosti. C\u00edt\u00ed, \u017ee je k\u00a0ni\u010demu.<\/p>\n<p style=\"font-weight: 400;\">Za\u010dne jezdit za svou m\u00e1mou \u010dast\u011bji a zji\u0161\u0165uje, \u017ee n\u00e1vrat do rodn\u00e9 vsi m\u00e1 n\u011bco do sebe. N\u00e1vrat ke ko\u0159en\u016fm. Rodi\u010de pro ni ob\u011btovali v\u00edc, ne\u017e by si kdy p\u0159\u00e1la. Co\u017e si cel\u00e9 roky vy\u010d\u00edt\u00e1, ale nedali si to rozmluvit a vlastn\u011b ani jin\u00e1 mo\u017enost nebyla. Jejich pomoc Karin tenkr\u00e1t zachr\u00e1nila.<\/p>\n<p style=\"font-weight: 400;\">\u00a0V\u0161ichni v\u00edme, \u017ee kdy\u017e se m\u016f\u017ee n\u011bco pokazit, zafunguj\u00ed Murphyho z\u00e1kony a pokaz\u00ed se toho v\u017edy najednou v\u00edc. Ob\u010das i v\u0161echno co m\u016f\u017ee. V\u00a0jednu chv\u00edli m\u00e1 Karin rodinu, domov, pr\u00e1ci a za okam\u017eik je v\u0161e jinak. V\u00a0pr\u00e1ci dostane v\u00fdpov\u011b\u010f. Na p\u0159\u00edtele, ano, toho hrub\u00e9ho a nevychovan\u00e9ho p\u00e1na v tepl\u00e1c\u00edch, se kter\u00fdm st\u00e1le je\u0161t\u011b bydl\u00ed, se nem\u016f\u017ee ani pod\u00edvat. Nevd\u011b\u010dn\u00e9 d\u011bti ji maj\u00ed jen jako nevy\u010derpatelnou kasi\u010dku, ale jinak ji nepot\u0159ebuj\u00ed. Na\u0161t\u011bst\u00ed jsou u\u017e velk\u00e9.<\/p>\n<p style=\"font-weight: 400;\">Ov\u0161em pokud se n\u011bkde zav\u0159ou dve\u0159e, jinde se otev\u0159ou jin\u00e9. Na vsi je \u017eivot odli\u0161n\u00fd. Lid\u00e9 si sice vid\u00ed a\u017e do tal\u00ed\u0159e, ale tak\u00e9 si jsou schopn\u00ed pom\u00e1hat. Na Karin \u010dek\u00e1 obt\u00ed\u017en\u00e1 p\u00e9\u010de o st\u00e1rnouc\u00ed nemocnou m\u00e1mu, ale tak\u00e9 nach\u00e1z\u00ed nov\u00e9 poklady a dobrodru\u017estv\u00ed, o kter\u00fdch u\u017e ani nesnila. Jej\u00ed nov\u00fd \u017eivot za\u010d\u00edn\u00e1 objeven\u00edm velmi star\u00e9ho herb\u00e1\u0159e, kter\u00fd j\u00ed d\u00e1 nahl\u00e9dnout do sv\u011bta bylin, co\u017e Karin nadchne. Brzy m\u00e1 to \u0161t\u011bst\u00ed se sezn\u00e1mit s\u00a0neoblomn\u00fdm starostou obce, m\u00edstn\u00edmi drbnami, sousedovic dcerou Bo\u017eenkou, ale i mlad\u00fdm mu\u017eem, kter\u00fd je st\u00e1le po ruce, kdy\u017e je n\u011bco pot\u0159eba opravit. Jen kdyby nebyl o deset let mlad\u0161\u00ed.<\/p>\n<p style=\"font-weight: 400;\">Kdy\u017e u\u017e se zd\u00e1 b\u00fdt v\u0161e na dobr\u00e9 cest\u011b, v\u017edy se z\u00e1konit\u011b p\u0159ihod\u00ed n\u011bco ne\u010dekan\u00e9ho.<\/p>\n<p style=\"font-weight: 400;\">Mirka Sko\u010d\u00edlkov\u00e1, autorka knihy Vesni\u010danka, kter\u00e1 si na\u0161la sv\u00e9 v\u011brn\u00e9 \u010dten\u00e1\u0159e u\u017e sv\u00fdmi p\u0159ede\u0161l\u00fdmi tituly Violka, Kdo v\u011b\u0159\u00ed na z\u00e1zraky nebo Opu\u0161t\u011bn\u00fd d\u016fm, jako by p\u0159i psan\u00ed nahl\u00ed\u017eela do osud\u016f mnoh\u00fdm z\u00a0n\u00e1s. Mil\u00fd, up\u0159\u00edmn\u00fd a nad\u011bjepln\u00fd p\u0159\u00edb\u011bh pln\u00fd ne\u010dekan\u00fdch zvrat\u016f pot\u011b\u0161\u00ed ka\u017ed\u00e9ho \u010dten\u00e1\u0159e.<\/p>\n<p style=\"font-weight: 400;\">\u00a0<\/p>\n<p style=\"font-weight: 400;\">Eva Mare\u0161ov\u00e1<\/p>\n<p>Autor:\u00a0Eva Mare\u0161ov\u00e1<\/p>\n","protected":false},"excerpt":{"rendered":"<p>N\u011bkdy n\u00e1s \u017eivot vys\u00e1v\u00e1, ani\u017e bychom si to pln\u011b uv\u011bdomovali. \u017dijeme obklopen\u00ed toxick\u00fdmi lidmi, kte\u0159\u00ed n\u00e1s pot\u0159ebuj\u00ed jen proto, aby byl jejich \u017eivot leh\u010d\u00ed. Na na\u0161em jim ale nez\u00e1le\u017e\u00ed. Jak m\u016f\u017ee b\u00fdt t\u011b\u017ek\u00e9 to zm\u011bnit?<\/p>\n","protected":false},"author":2,"featured_media":324998,"comment_status":"open","ping_status":"open","sticky":false,"template":"","format":"standard","meta":{"_acf_changed":false,"_monsterinsights_skip_tracking":false,"_monsterinsights_sitenote_active":false,"_monsterinsights_sitenote_note":"","_monsterinsights_sitenote_category":0,"_EventAllDay":false,"_EventTimezone":"","_EventStartDate":"","_EventEndDate":"","_EventStartDateUTC":"","_EventEndDateUTC":"","_EventShowMap":false,"_EventShowMapLink":false,"_EventURL":"","_EventCost":"","_EventCostDescription":"","_EventCurrencySymbol":"","_EventCurrencyCode":"","_EventCurrencyPosition":"","_EventDateTimeSeparator":"","_EventTimeRangeSeparator":"","_EventOrganizerID":[],"_EventVenueID":[],"_OrganizerEmail":"","_OrganizerPhone":"","_OrganizerWebsite":"","_VenueAddress":"","_VenueCity":"","_VenueCountry":"","_VenueProvince":"","_VenueState":"","_VenueZip":"","_VenuePhone":"","_VenueURL":"","_VenueStateProvince":"","_VenueLat":"","_VenueLng":"","_VenueShowMap":false,"_VenueShowMapLink":false,"twitterCardType":"","cardImageID":0,"cardImage":"","cardTitle":"","cardDesc":"","cardImageAlt":"","cardPlayer":"","cardPlayerWidth":0,"cardPlayerHeight":0,"cardPlayerStream":"","cardPlayerCodec":"","footnotes":""},"categories":[7],"tags":[21832],"class_list":["post-324997","post","type-post","status-publish","format-standard","has-post-thumbnail","hentry","category-recenze","tag-literarni-kavarna"],"acf":{"related_products":null},"_links":{"self":[{"href":"https:\/\/www.luxor.cz\/blog\/wp-json\/wp\/v2\/posts\/324997","targetHints":{"allow":["GET"]}}],"collection":[{"href":"https:\/\/www.luxor.cz\/blog\/wp-json\/wp\/v2\/posts"}],"about":[{"href":"https:\/\/www.luxor.cz\/blog\/wp-json\/wp\/v2\/types\/post"}],"author":[{"embeddable":true,"href":"https:\/\/www.luxor.cz\/blog\/wp-json\/wp\/v2\/users\/2"}],"replies":[{"embeddable":true,"href":"https:\/\/www.luxor.cz\/blog\/wp-json\/wp\/v2\/comments?post=324997"}],"version-history":[{"count":0,"href":"https:\/\/www.luxor.cz\/blog\/wp-json\/wp\/v2\/posts\/324997\/revisions"}],"wp:featuredmedia":[{"embeddable":true,"href":"https:\/\/www.luxor.cz\/blog\/wp-json\/wp\/v2\/media\/324998"}],"wp:attachment":[{"href":"https:\/\/www.luxor.cz\/blog\/wp-json\/wp\/v2\/media?parent=324997"}],"wp:term":[{"taxonomy":"category","embeddable":true,"href":"https:\/\/www.luxor.cz\/blog\/wp-json\/wp\/v2\/categories?post=324997"},{"taxonomy":"post_tag","embeddable":true,"href":"https:\/\/www.luxor.cz\/blog\/wp-json\/wp\/v2\/tags?post=324997"}],"curies":[{"name":"wp","href":"https:\/\/api.w.org\/{rel}","templated":true}]}}